{"id":2551,"date":"2026-05-01T07:51:55","date_gmt":"2026-05-01T05:51:55","guid":{"rendered":"https:\/\/parafiazalesie.org\/?p=2551"},"modified":"2026-04-29T07:53:18","modified_gmt":"2026-04-29T05:53:18","slug":"jubileusz-200-lecia-zywego-rozanca","status":"publish","type":"post","link":"https:\/\/parafiazalesie.org\/index.php\/2026\/05\/01\/jubileusz-200-lecia-zywego-rozanca\/","title":{"rendered":"Jubileusz 200-lecia \u017bywego R\u00f3\u017ca\u0144ca"},"content":{"rendered":"<p>W roku 2026 Ko\u015bci\u00f3\u0142 w Polsce i na \u015bwiecie b\u0119dzie prze\u017cywa\u0142 Jubileusz powstania \u017bywego R\u00f3\u017ca\u0144ca, za\u0142o\u017conego przez b\u0142. Paulin\u0119 Jaricot \u2013 \u015bwieck\u0105 kobiet\u0119, kt\u00f3ra zaufa\u0142a mocy modlitwy r\u00f3\u017ca\u0144cowej i jej odzia\u0142ywaniu misyjnemu na ca\u0142y \u015bwiat.Obchody jubileuszowe b\u0119d\u0105 mia\u0142y miejsce na szczeblu og\u00f3lnopolskim, diecezjalnym i parafialnym. Centralne uroczysto\u015bci w Polsce odb\u0119d\u0105 si\u0119 na Jasnej G\u00f3rze. B\u0119dziemy informowa\u0107 o podejmowanych inicjatywach i mo\u017cliwo\u015bci w\u0142\u0105czania si\u0119 w nie.<\/p>\n<p>Ju\u017c dzi\u015b zach\u0119camy do udzia\u0142u w narodowych rekolekcjach \u201eR\u00f3\u017caniec 33\u201d, kt\u00f3re rozpocz\u0119\u0142y si\u0119 wczoraj. Zako\u0144cz\u0105 si\u0119 one uroczystym aktem oddania Jezusowi Chrystusowi przez Niepokalane Serce Maryi w pierwsz\u0105 sobot\u0119 czerwca. Rekolekcje mo\u017cna prze\u017cywa\u0107 indywidualnie za po\u015brednictwem kana\u0142u YouTube \u017bywego R\u00f3\u017ca\u0144ca.<\/p>\n<p>Szczeg\u00f3\u0142owe informacje o Jubileuszu oraz podejmowanych dzia\u0142aniach zamieszczone s\u0105 na stronie: <a href=\"http:\/\/www.zywyrozaniec.eu\">www.zywyrozaniec.eu<\/a>. Serdecznie zach\u0119camy do w\u0142\u0105czenia si\u0119 w to wielkie dzie\u0142o modlitwy.<\/p>\n","protected":false},"excerpt":{"rendered":"<p>W roku 2026 Ko\u015bci\u00f3\u0142 w Polsce i na \u015bwiecie b\u0119dzie prze\u017cywa\u0142 Jubileusz powstania \u017bywego R\u00f3\u017ca\u0144ca, za\u0142o\u017conego przez b\u0142. Paulin\u0119 Jaricot \u2013 \u015bwieck\u0105 kobiet\u0119, kt\u00f3ra zaufa\u0142a mocy modlitwy r\u00f3\u017ca\u0144cowej i jej odzia\u0142ywaniu misyjnemu na ca\u0142y \u015bwiat.Obchody jubileuszowe b\u0119d\u0105 mia\u0142y miejsce na szczeblu og\u00f3lnopolskim, diecezjalnym i parafialnym. Centralne uroczysto\u015bci w Polsce odb\u0119d\u0105 si\u0119 na Jasnej G\u00f3rze. B\u0119dziemy <a class=\"read-more\" href=\"https:\/\/parafiazalesie.org\/index.php\/2026\/05\/01\/jubileusz-200-lecia-zywego-rozanca\/\"><\/p>\n<p>Zobacz wi\u0119cej<\/a><\/p>\n","protected":false},"author":1,"featured_media":0,"comment_status":"closed","ping_status":"closed","sticky":false,"template":"","format":"standard","meta":{"ngg_post_thumbnail":0,"footnotes":""},"categories":[6],"tags":[],"class_list":["post-2551","post","type-post","status-publish","format-standard","hentry","category-aktualnosci"],"_links":{"self":[{"href":"https:\/\/parafiazalesie.org\/index.php\/wp-json\/wp\/v2\/posts\/2551","targetHints":{"allow":["GET"]}}],"collection":[{"href":"https:\/\/parafiazalesie.org\/index.php\/wp-json\/wp\/v2\/posts"}],"about":[{"href":"https:\/\/parafiazalesie.org\/index.php\/wp-json\/wp\/v2\/types\/post"}],"author":[{"embeddable":true,"href":"https:\/\/parafiazalesie.org\/index.php\/wp-json\/wp\/v2\/users\/1"}],"replies":[{"embeddable":true,"href":"https:\/\/parafiazalesie.org\/index.php\/wp-json\/wp\/v2\/comments?post=2551"}],"version-history":[{"count":1,"href":"https:\/\/parafiazalesie.org\/index.php\/wp-json\/wp\/v2\/posts\/2551\/revisions"}],"predecessor-version":[{"id":2552,"href":"https:\/\/parafiazalesie.org\/index.php\/wp-json\/wp\/v2\/posts\/2551\/revisions\/2552"}],"wp:attachment":[{"href":"https:\/\/parafiazalesie.org\/index.php\/wp-json\/wp\/v2\/media?parent=2551"}],"wp:term":[{"taxonomy":"category","embeddable":true,"href":"https:\/\/parafiazalesie.org\/index.php\/wp-json\/wp\/v2\/categories?post=2551"},{"taxonomy":"post_tag","embeddable":true,"href":"https:\/\/parafiazalesie.org\/index.php\/wp-json\/wp\/v2\/tags?post=2551"}],"curies":[{"name":"wp","href":"https:\/\/api.w.org\/{rel}","templated":true}]}}