{"id":255,"date":"2021-05-10T19:12:19","date_gmt":"2021-05-10T17:12:19","guid":{"rendered":"https:\/\/parafiazalesie.org\/?p=255"},"modified":"2021-05-10T19:12:19","modified_gmt":"2021-05-10T17:12:19","slug":"intencje-mszalne-10-16-05-2021","status":"publish","type":"post","link":"https:\/\/parafiazalesie.org\/index.php\/2021\/05\/10\/intencje-mszalne-10-16-05-2021\/","title":{"rendered":"INTENCJE MSZALNE 10 \u2013 16.05.2021"},"content":{"rendered":"<p><b>10 Maja\u2013 PONIEDZIA\u0141EK<br \/>\n<\/b>\u00a07:00\u00a0\u00a0\u00a0 Dzi\u0119kczynna za otrzymane \u0142aski z pro\u015bb\u0105 o dalsz\u0105 opiek\u0119 dla Piotra<br \/>\n\u00a0\u00a0\u00a0\u00a0\u00a0\u00a0\u00a0\u00a0\u00a0\u00a0\u00a0\u00a0 + Marian Pa\u0142ka gr.18<br \/>\n\u00a0\u00a0\u00a0\u00a0\u00a0\u00a0\u00a0\u00a0\u00a0\u00a0\u00a0\u00a0 + Augustyn Wilk \u2013 z int. Haliny z rodzin\u0105\u00a0<br \/>\n18:00 \u00a0 Dzi\u0119kczynna za \u0142ask\u0119 zdrowia z pro\u015bb\u0105 o Bo\u017ce b\u0142ogos\u0142awie\u0144stwo i opiek\u0119 Matki Bo\u017cej dla Haliny<br \/>\n\u00a0\u00a0\u00a0\u00a0\u00a0\u00a0\u00a0\u00a0\u00a0\u00a0\u00a0\u00a0 + Stanis\u0142awa (f) Ziobro gr.29<br \/>\n<b>11 Maja \u2013 WTOREK<br \/>\n<\/b>\u00a07:00 + Marian Pa\u0142ka gr.19<br \/>\n\u00a0\u00a0\u00a0\u00a0\u00a0\u00a0\u00a0\u00a0\u00a0\u00a0\u00a0\u00a0 + Helena Papuga<br \/>\n\u00a0\u00a0\u00a0\u00a0\u00a0\u00a0\u00a0\u00a0\u00a0\u00a0\u00a0\u00a0 + Augustyn Wilk \u2013 z int. wnuk\u00f3w<br \/>\n18:00 Dzi\u0119kczynna w 40r. urodzin Ma\u0142gorzaty z pro\u015bb\u0105 o potrzebne \u0142aski i\u00a0 Bo\u017ce b\u0142ogos\u0142awie\u0144stwo \u2013 z int. dzieci<br \/>\n\u00a0\u00a0\u00a0\u00a0\u00a0\u00a0\u00a0\u00a0\u00a0\u00a0\u00a0\u00a0 + Stanis\u0142awa (f) Ziobro gr.(zako\u0144czenie)<br \/>\n<b>12 Maja <\/b><b>\u2013 \u015aRODA<br \/>\n<\/b>\u00a07:00 + Marian Pa\u0142ka gr.20<br \/>\n\u00a0\u00a0\u00a0\u00a0\u00a0\u00a0\u00a0\u00a0\u00a0\u00a0\u00a0\u00a0 + Michalina Szpyrka gr. (rozpocz\u0119cie)<br \/>\n\u00a0\u00a0\u00a0\u00a0\u00a0\u00a0\u00a0\u00a0\u00a0\u00a0\u00a0\u00a0 + Zofia<br \/>\n18:00 O Bo\u017ce b\u0142ogos\u0142awie\u0144stwo dla Si\u00f3str z R\u00f3\u017cy Aliny \u015alusarz i ich rodzin<br \/>\n\u00a0\u00a0\u00a0\u00a0\u00a0\u00a0\u00a0\u00a0\u00a0\u00a0\u00a0\u00a0 O Bo\u017ce b\u0142ogos\u0142awie\u0144stwo i zdrowie dla Si\u00f3str z R\u00f3\u017cy Barbary Pustelak i ich rodzin<br \/>\n<b>13 Maja <\/b><b>\u2013 CZWARTEK <br \/>\n<\/b>7:00 + Marian Pa\u0142ka gr.21<br \/>\n\u00a0\u00a0\u00a0\u00a0\u00a0\u00a0\u00a0\u00a0\u00a0\u00a0\u00a0\u00a0 + Michalina Szpyrka gr.2<br \/>\n\u00a0\u00a0\u00a0\u00a0\u00a0\u00a0\u00a0\u00a0\u00a0\u00a0\u00a0\u00a0 ++ Jan i Zofia Sznajder<br \/>\n18:00 ++ Maria i J\u00f3zef Szetela<br \/>\n\u00a0\u00a0\u00a0\u00a0\u00a0\u00a0\u00a0\u00a0\u00a0\u00a0\u00a0\u00a0 + Robert Kocielski w 10r. \u015bmierci<br \/>\n<b>14 Maja PI\u0104TEK<br \/>\n<\/b>7:00 + Marian Pa\u0142ka gr.22<br \/>\n\u00a0\u00a0\u00a0\u00a0\u00a0\u00a0\u00a0\u00a0\u00a0\u00a0\u00a0\u00a0 + Michalina Szpyrka gr.3<br \/>\n\u00a0\u00a0\u00a0\u00a0\u00a0\u00a0\u00a0\u00a0\u00a0\u00a0\u00a0\u00a0 ++ Micha\u0142, Zofia, Eugeniusz, W\u0142adys\u0142aw<br \/>\n18:00 Wynagradzaj\u0105ca\u00a0 Naj\u015bwi\u0119tszemu\u00a0 Sercu\u00a0 Pana\u00a0 Jezusa\u00a0 z\u00a0 pro\u015bb\u0105 o intronizacj\u0119 w ludzkich sercach \u2013 z int. Wsp\u00f3lnoty Intronizacyjnej<br \/>\n\u00a0\u00a0\u00a0\u00a0\u00a0\u00a0\u00a0\u00a0\u00a0\u00a0\u00a0\u00a0 ++ Leopold i Maria \u015alusarz w 1 i 2r. \u015bmierci<br \/>\n<b>15 Maja <\/b><b>\u2013 SOBOTA <br \/>\n<\/b>\u00a07:00 O Bo\u017ce b\u0142ogos\u0142awie\u0144stwo i opiek\u0119 Matki Bo\u017cej dla Zofii i Stanis\u0142awa<br \/>\n\u00a0\u00a0\u00a0\u00a0\u00a0\u00a0\u00a0\u00a0\u00a0\u00a0\u00a0\u00a0 + Marian Pa\u0142ka gr.23<br \/>\n\u00a0\u00a0\u00a0\u00a0\u00a0\u00a0\u00a0\u00a0\u00a0\u00a0\u00a0\u00a0 + Michalina Szpyrka gr.4<br \/>\n18:00 + Celina Steczkowska<br \/>\n\u00a0\u00a0\u00a0\u00a0\u00a0\u00a0\u00a0\u00a0\u00a0\u00a0\u00a0\u00a0 + Zdzis\u0142aw<br \/>\n<b>16<\/b> <b>Maja <\/b><b>\u2013 NIEDZIELA <br \/>\n<\/b>\u00a07:00 + Michalina Szpyrka gr.5<br \/>\n\u00a09:00 + Zdzis\u0142aw W\u0105sacz w 16r. \u015bmierci<br \/>\n10:30 + Marian Pa\u0142ka gr.24<br \/>\n12:00 I Komunia kl. III A<br \/>\n13:30 I Komunia kl. III B<br \/>\n15:00 I Komunia kl. III C<br \/>\n17:00 Za Parafian<\/p>\n","protected":false},"excerpt":{"rendered":"<p>10 Maja\u2013 PONIEDZIA\u0141EK \u00a07:00\u00a0\u00a0\u00a0 Dzi\u0119kczynna za otrzymane \u0142aski z pro\u015bb\u0105 o dalsz\u0105 opiek\u0119 dla Piotra \u00a0\u00a0\u00a0\u00a0\u00a0\u00a0\u00a0\u00a0\u00a0\u00a0\u00a0\u00a0 + Marian Pa\u0142ka gr.18 \u00a0\u00a0\u00a0\u00a0\u00a0\u00a0\u00a0\u00a0\u00a0\u00a0\u00a0\u00a0 + Augustyn Wilk \u2013 z int. Haliny z rodzin\u0105\u00a0 18:00 \u00a0 Dzi\u0119kczynna za \u0142ask\u0119 zdrowia z pro\u015bb\u0105 o Bo\u017ce b\u0142ogos\u0142awie\u0144stwo i opiek\u0119 Matki Bo\u017cej dla Haliny \u00a0\u00a0\u00a0\u00a0\u00a0\u00a0\u00a0\u00a0\u00a0\u00a0\u00a0\u00a0 + Stanis\u0142awa (f) Ziobro gr.29 11 Maja <a class=\"read-more\" href=\"https:\/\/parafiazalesie.org\/index.php\/2021\/05\/10\/intencje-mszalne-10-16-05-2021\/\"><\/p>\n<p>Zobacz wi\u0119cej<\/a><\/p>\n","protected":false},"author":1,"featured_media":111,"comment_status":"closed","ping_status":"closed","sticky":false,"template":"","format":"standard","meta":{"ngg_post_thumbnail":0,"footnotes":""},"categories":[5],"tags":[],"class_list":["post-255","post","type-post","status-publish","format-standard","has-post-thumbnail","hentry","category-intencje"],"_links":{"self":[{"href":"https:\/\/parafiazalesie.org\/index.php\/wp-json\/wp\/v2\/posts\/255","targetHints":{"allow":["GET"]}}],"collection":[{"href":"https:\/\/parafiazalesie.org\/index.php\/wp-json\/wp\/v2\/posts"}],"about":[{"href":"https:\/\/parafiazalesie.org\/index.php\/wp-json\/wp\/v2\/types\/post"}],"author":[{"embeddable":true,"href":"https:\/\/parafiazalesie.org\/index.php\/wp-json\/wp\/v2\/users\/1"}],"replies":[{"embeddable":true,"href":"https:\/\/parafiazalesie.org\/index.php\/wp-json\/wp\/v2\/comments?post=255"}],"version-history":[{"count":0,"href":"https:\/\/parafiazalesie.org\/index.php\/wp-json\/wp\/v2\/posts\/255\/revisions"}],"wp:featuredmedia":[{"embeddable":true,"href":"https:\/\/parafiazalesie.org\/index.php\/wp-json\/wp\/v2\/media\/111"}],"wp:attachment":[{"href":"https:\/\/parafiazalesie.org\/index.php\/wp-json\/wp\/v2\/media?parent=255"}],"wp:term":[{"taxonomy":"category","embeddable":true,"href":"https:\/\/parafiazalesie.org\/index.php\/wp-json\/wp\/v2\/categories?post=255"},{"taxonomy":"post_tag","embeddable":true,"href":"https:\/\/parafiazalesie.org\/index.php\/wp-json\/wp\/v2\/tags?post=255"}],"curies":[{"name":"wp","href":"https:\/\/api.w.org\/{rel}","templated":true}]}}