{"id":2534,"date":"2026-04-27T07:38:33","date_gmt":"2026-04-27T05:38:33","guid":{"rendered":"https:\/\/parafiazalesie.org\/?p=2534"},"modified":"2026-04-27T07:38:33","modified_gmt":"2026-04-27T05:38:33","slug":"niedziela-dobrego-pasterza","status":"publish","type":"post","link":"https:\/\/parafiazalesie.org\/index.php\/2026\/04\/27\/niedziela-dobrego-pasterza\/","title":{"rendered":"Niedziela Dobrego Pasterza"},"content":{"rendered":"<div class=\"xdj266r x14z9mp xat24cr x1lziwak x1vvkbs x126k92a\">\n<div dir=\"auto\">W IV Niedziel\u0119 Wielkanocn\u0105, nazywan\u0105 Niedziel\u0105 Dobrego Pasterza, kt\u00f3ra jest jednocze\u015bnie \u015awiatowym Dniem Modlitw o Powo\u0142ania, w Ko\u015bciele katolickim w Polsce rozpoczyna si\u0119 Tydzie\u0144 Modlitw o Powo\u0142ania. W 2026 roku przypada on w dniach 26 kwietnia \u2013 2 maja, a towarzyszy mu has\u0142o: \u201eZ domu do powo\u0142ania\u201d.<\/div>\n<div dir=\"auto\">W tym szczeg\u00f3lnym czasie Ko\u015bci\u00f3\u0142 zach\u0119ca wiernych do wsp\u00f3lnej troski o powo\u0142ania do s\u0142u\u017cby Bo\u017cej. Zaprasza do modlitwy o nowe powo\u0142ania, o odwag\u0119 dla tych, kt\u00f3rzy s\u0142ysz\u0105 Bo\u017ce wezwanie, oraz o ich wytrwa\u0142o\u015b\u0107 i wierno\u015b\u0107 w dawaniu \u015bwiadectwa prawdzie i mi\u0142o\u015bci Boga \u2014 na wz\u00f3r Jezusa Chrystusa, Dobrego Pasterza.<\/div>\n<div dir=\"auto\">B\u00f3g powo\u0142uje ka\u017cdego cz\u0142owieka do \u015bwi\u0119to\u015bci. Szczeg\u00f3lnymi jednak powo\u0142aniami na drodze do \u015bwi\u0119to\u015bci s\u0105 powo\u0142ania do kap\u0142a\u0144stwa i \u017cycia konsekrowanego, gdy\u017c s\u0142u\u017c\u0105 one nie tylko w\u0142asnemu u\u015bwi\u0119ceniu, ale s\u0105 darem Bo\u017cej mi\u0142o\u015bci dla ca\u0142ej spo\u0142eczno\u015bci ludu Bo\u017cego, dla nas wszystkich.<\/div>\n<\/div>\n<div class=\"x14z9mp xat24cr x1lziwak x1vvkbs xtlvy1s x126k92a\">\n<div dir=\"auto\">Modlitwa za powo\u0142anych<\/div>\n<\/div>\n<div class=\"x14z9mp xat24cr x1lziwak x1vvkbs xtlvy1s x126k92a\">\n<div dir=\"auto\">Bo\u017ce, dobry Pasterzu,<\/div>\n<div dir=\"auto\">dzi\u0119kujemy Ci za wszystkich, kt\u00f3rych powo\u0142a\u0142e\u015b do s\u0142u\u017cby w Ko\u015bciele:<\/div>\n<div dir=\"auto\">za kap\u0142an\u00f3w, osoby konsekrowane i wszystkich, kt\u00f3rzy oddali Ci swoje \u017cycie.<\/div>\n<div dir=\"auto\">Obdarz ich, Panie, swoj\u0105 \u0142ask\u0105,<\/div>\n<div dir=\"auto\">umacniaj w chwilach trudno\u015bci,<\/div>\n<div dir=\"auto\">dodawaj odwagi w podejmowaniu codziennych obowi\u0105zk\u00f3w<\/div>\n<div dir=\"auto\">i nape\u0142niaj rado\u015bci\u0105 p\u0142yn\u0105c\u0105 z wiernej s\u0142u\u017cby.<\/div>\n<div dir=\"auto\">Spraw, aby byli czytelnymi \u015bwiadkami Twojej mi\u0142o\u015bci,<\/div>\n<div dir=\"auto\">wierni Ewangelii i otwarci na potrzeby ludzi,<\/div>\n<div dir=\"auto\">kt\u00f3rym zostali pos\u0142ani.<\/div>\n<div dir=\"auto\">Otaczaj ich swoj\u0105 opiek\u0105,<\/div>\n<div dir=\"auto\">prowad\u017a drog\u0105 \u015bwi\u0119to\u015bci<\/div>\n<div dir=\"auto\">i odnawiaj w nich gorliwo\u015b\u0107 powo\u0142ania ka\u017cdego dnia.<\/div>\n<div dir=\"auto\">Przez Chrystusa, Pana naszego. Amen<\/div>\n<\/div>\n","protected":false},"excerpt":{"rendered":"<p>W IV Niedziel\u0119 Wielkanocn\u0105, nazywan\u0105 Niedziel\u0105 Dobrego Pasterza, kt\u00f3ra jest jednocze\u015bnie \u015awiatowym Dniem Modlitw o Powo\u0142ania, w Ko\u015bciele katolickim w Polsce rozpoczyna si\u0119 Tydzie\u0144 Modlitw o Powo\u0142ania. W 2026 roku przypada on w dniach 26 kwietnia \u2013 2 maja, a towarzyszy mu has\u0142o: \u201eZ domu do powo\u0142ania\u201d. W tym szczeg\u00f3lnym czasie Ko\u015bci\u00f3\u0142 zach\u0119ca wiernych do <a class=\"read-more\" href=\"https:\/\/parafiazalesie.org\/index.php\/2026\/04\/27\/niedziela-dobrego-pasterza\/\"><\/p>\n<p>Zobacz wi\u0119cej<\/a><\/p>\n","protected":false},"author":1,"featured_media":2535,"comment_status":"closed","ping_status":"closed","sticky":false,"template":"","format":"standard","meta":{"ngg_post_thumbnail":0,"footnotes":""},"categories":[6],"tags":[],"class_list":["post-2534","post","type-post","status-publish","format-standard","has-post-thumbnail","hentry","category-aktualnosci"],"_links":{"self":[{"href":"https:\/\/parafiazalesie.org\/index.php\/wp-json\/wp\/v2\/posts\/2534","targetHints":{"allow":["GET"]}}],"collection":[{"href":"https:\/\/parafiazalesie.org\/index.php\/wp-json\/wp\/v2\/posts"}],"about":[{"href":"https:\/\/parafiazalesie.org\/index.php\/wp-json\/wp\/v2\/types\/post"}],"author":[{"embeddable":true,"href":"https:\/\/parafiazalesie.org\/index.php\/wp-json\/wp\/v2\/users\/1"}],"replies":[{"embeddable":true,"href":"https:\/\/parafiazalesie.org\/index.php\/wp-json\/wp\/v2\/comments?post=2534"}],"version-history":[{"count":1,"href":"https:\/\/parafiazalesie.org\/index.php\/wp-json\/wp\/v2\/posts\/2534\/revisions"}],"predecessor-version":[{"id":2536,"href":"https:\/\/parafiazalesie.org\/index.php\/wp-json\/wp\/v2\/posts\/2534\/revisions\/2536"}],"wp:featuredmedia":[{"embeddable":true,"href":"https:\/\/parafiazalesie.org\/index.php\/wp-json\/wp\/v2\/media\/2535"}],"wp:attachment":[{"href":"https:\/\/parafiazalesie.org\/index.php\/wp-json\/wp\/v2\/media?parent=2534"}],"wp:term":[{"taxonomy":"category","embeddable":true,"href":"https:\/\/parafiazalesie.org\/index.php\/wp-json\/wp\/v2\/categories?post=2534"},{"taxonomy":"post_tag","embeddable":true,"href":"https:\/\/parafiazalesie.org\/index.php\/wp-json\/wp\/v2\/tags?post=2534"}],"curies":[{"name":"wp","href":"https:\/\/api.w.org\/{rel}","templated":true}]}}