{"id":2470,"date":"2026-03-15T13:50:20","date_gmt":"2026-03-15T12:50:20","guid":{"rendered":"https:\/\/parafiazalesie.org\/?p=2470"},"modified":"2026-03-15T13:51:33","modified_gmt":"2026-03-15T12:51:33","slug":"ogloszenia-iv-niedziela-wielkiego-postu-15-03-2026-r","status":"publish","type":"post","link":"https:\/\/parafiazalesie.org\/index.php\/2026\/03\/15\/ogloszenia-iv-niedziela-wielkiego-postu-15-03-2026-r\/","title":{"rendered":"OG\u0141OSZENIA IV Niedziela Wielkiego Postu 15.03.2026 r."},"content":{"rendered":"<ol>\n<li style=\"font-weight: 400;\" aria-level=\"1\"><span style=\"font-weight: 400;\">W zwi\u0105zku z bierzmowaniem zapraszamy kandydat\u00f3w do bierzmowania we wtorek na Msz\u0119 \u015bw. na godz. 18:00 a po niej na pr\u00f3b\u0119. Obecno\u015b\u0107 wszystkich obowi\u0105zkowa. Na drug\u0105 pr\u00f3b\u0119 zapraszamy m\u0142odzie\u017c w pi\u0105tek na godz. 16:00 do ko\u015bcio\u0142a.<\/span><\/li>\n<li style=\"font-weight: 400;\" aria-level=\"1\"><span style=\"font-weight: 400;\">M\u0142odzie\u017c przed przyj\u0119ciem sakramentu bierzmowania powinna przyst\u0105pi\u0107 do sakramentu spowiedzi, by w stanie \u0142aski u\u015bwi\u0119caj\u0105cej przyj\u0105\u0107 sakrament. Spowied\u017a dla nich odb\u0119dzie si\u0119 w pi\u0105tek bezpo\u015brednio po pr\u00f3bie.<\/span><\/li>\n<li style=\"font-weight: 400;\" aria-level=\"1\"><b>Dzi\u015b:<\/b>\n<ul>\n<li style=\"font-weight: 400;\" aria-level=\"1\"><span style=\"font-weight: 400;\">o godz. 16:00 nabo\u017ce\u0144stwo Gorzkich \u017bali z kazaniem pasyjnym,&nbsp;<\/span><\/li>\n<li style=\"font-weight: 400;\" aria-level=\"1\"><span style=\"font-weight: 400;\">o godz. 17:00 Msza \u015bw.<\/span><\/li>\n<\/ul>\n<\/li>\n<li style=\"font-weight: 400;\" aria-level=\"1\"><b>W \u015brod\u0119 <\/b><span style=\"font-weight: 400;\">18 marca:<\/span>\n<ul>\n<li style=\"font-weight: 400;\" aria-level=\"1\"><span style=\"font-weight: 400;\">po Mszy \u015bw. Nowenna do Matki Bo\u017cej Nieustaj\u0105cej Pomocy, Pani Zaleskiej z podzi\u0119kowaniami i pro\u015bbami,<\/span><\/li>\n<li style=\"font-weight: 400;\" aria-level=\"1\"><span style=\"font-weight: 400;\">adoracja Naj\u015bwi\u0119tszego Sakramentu do godz. 20:00.<\/span><\/li>\n<\/ul>\n<\/li>\n<li style=\"font-weight: 400;\" aria-level=\"1\"><b>W pi\u0105tek <\/b><span style=\"font-weight: 400;\">20 marca:<\/span>\n<ul>\n<li style=\"font-weight: 400;\" aria-level=\"1\"><span style=\"font-weight: 400;\">od godz. 17:00 do 18:00 adoracja Naj\u015bwi\u0119tszego Sakramentu, prowadzona przez Wsp\u00f3lnot\u0119 Intronizacyjn\u0105.<\/span><\/li>\n<\/ul>\n<\/li>\n<li style=\"font-weight: 400;\" aria-level=\"1\"><b>W niedziel\u0119 <\/b><span style=\"font-weight: 400;\">22 marca:<\/span>\n<ul>\n<li style=\"font-weight: 400;\" aria-level=\"1\"><span style=\"font-weight: 400;\">R\u00f3\u017caniec poprowadzi R\u00f3\u017ca \u015bw. Jana Paw\u0142a II,&nbsp;<\/span><\/li>\n<li style=\"font-weight: 400;\" aria-level=\"1\"><span style=\"font-weight: 400;\">o godz. 16:00 Gorzkie \u017bale z kazaniem pasyjnym,<\/span><\/li>\n<li style=\"font-weight: 400;\" aria-level=\"1\"><span style=\"font-weight: 400;\">po Mszy \u015bw. o godz. 17:00 modlitwa podzi\u0119kowa\u0144 i pr\u00f3\u015bb za wstawiennictwem \u015bw. Jana Paw\u0142a II papie\u017ca z b\u0142ogos\u0142awie\u0144stwem indywidualnym relikwiami \u015bwi\u0119tego papie\u017ca.<\/span><\/li>\n<\/ul>\n<\/li>\n<li style=\"font-weight: 400;\" aria-level=\"1\"><span style=\"font-weight: 400;\">W dniach <\/span><b>22 \u2013 23 marca<\/b><span style=\"font-weight: 400;\"> przyb\u0119dzie do naszej parafii <\/span><b>Ks. Biskup Edward Bia\u0142og\u0142owski<\/b><span style=\"font-weight: 400;\"> z wizytacj\u0105 kanoniczn\u0105. Ks. Biskup przyb\u0119dzie jako nast\u0119pca aposto\u0142\u00f3w, by spotka\u0107 si\u0119 z nami i umocni\u0107 nasz\u0105 wiar\u0119. Prze\u017cyjemy wsp\u00f3lne celebracje Eucharystii, spotkania z grupami doros\u0142ych i m\u0142odych, kt\u00f3re pos\u0142uguj\u0105 w naszej parafii. Biskup odwiedzi osob\u0119 chor\u0105 le\u017c\u0105cych w domu i spotka si\u0119 z dzie\u0107mi i nauczycielami w szkole i z rodzin\u0105 wielodzietn\u0105. Zapraszamy do udzia\u0142u w tym wa\u017cnym wydarzeniu dla naszej wsp\u00f3lnoty parafialnej. Na Mszy \u015aw. o godz. 9:00 przywitamy Ks. Biskupa. Na Msz\u0119 \u015aw. na godz. 12:00 zapraszamy grupy duszpasterskie doros\u0142ych. Parafialn\u0105 Rad\u0119 Duszpasterska, R\u00f3\u017ce R\u00f3\u017ca\u0144cowe, Ch\u00f3r Parafialny, Zesp\u00f3\u0142 Caritas, Apostolstwo Dobrej \u015amierci, Grup\u0119 Biblijn\u0105 Doros\u0142ych, Redakcj\u0119 Gazetki parafialnej, Kr\u0119gi Domowego Ko\u015bcio\u0142a, Wsp\u00f3lnot\u0119 Uwielbieniow\u0105, Grup\u0119 Intronizacyjn\u0105, Akcje Katolick\u0105. Po Mszy \u015aw. liderzy grup zaprezentuj\u0105 ich funkcjonowanie w naszej parafii.<\/span><\/li>\n<li style=\"font-weight: 400;\" aria-level=\"1\"><span style=\"font-weight: 400;\">W poniedzia\u0142ek 23 marca&nbsp; na godz. 17:00 zapraszamy do ko\u015bcio\u0142a na spotkanie z Ks. Biskupem ministrant\u00f3w i lektor\u00f3w, Oaz\u0119, Caritas szkoln\u0105. O godz. 18:00 Msza \u015bw. w czasie kt\u00f3rej Ks. Biskup udzieli naszej m\u0142odzie\u017cy sakramentu bierzmowania.<\/span><\/li>\n<li style=\"font-weight: 400;\" aria-level=\"1\"><span style=\"font-weight: 400;\">Kontynuujemy zbi\u00f3rk\u0119 \u017cywno\u015bci do paczek \u015bwi\u0105tecznych. Prosimy parafian o dostarczanie artyku\u0142\u00f3w spo\u017cywczych o d\u0142u\u017cszym terminie przechowywania oraz chemii gospodarczej. Zbi\u00f3rka potrwa do Niedzieli Palmowej 29 marca, a 30 marca Parafialny Zesp\u00f3\u0142 Caritas przygotuje paczki \u015bwi\u0105teczne i rozprowadzi do os\u00f3b potrzebuj\u0105cych.<\/span><\/li>\n<\/ol>\n<p><b>Nabo\u017ce\u0144stwa Drogi Krzy\u017cowej:<\/b><\/p>\n<p><span style=\"font-weight: 400;\">\u015aroda&nbsp;<br \/>\n<\/span><span style=\"font-weight: 400;\">godz. 20:00 \u2013 dla student\u00f3w, nauczycieli akademickich i wszystkich ch\u0119tnych<\/span><\/p>\n<p><span style=\"font-weight: 400;\">Pi\u0105tek&nbsp;<br \/>\n<\/span><span style=\"font-weight: 400;\">godz. 16:30 \u2013 dla dzieci&nbsp;<br \/>\n<\/span><span style=\"font-weight: 400;\">po Mszy \u015bw. wieczornej \u2013 (dla wszystkich) udamy si\u0119 z nabo\u017ce\u0144stwem drogi krzy\u017cowej ulicami naszej parafii. Ju\u017c dzi\u015b zapraszamy na to nabo\u017ce\u0144stwo w plenerze.<\/span><\/p>\n<p><b>SPOTKANIA:<\/b><\/p>\n<ul>\n<li><b>Ch\u00f3r \u201eCredo\u201d <\/b><span style=\"font-weight: 400;\">\u2013 wtorek 18:00<\/span><\/li>\n<li><b>Wsp\u00f3lnota Doros\u0142ych <\/b><span style=\"font-weight: 400;\">\u2013 wtorek po Mszy \u015bw. (w Domu Parafialnym)<\/span><\/li>\n<li><b>LSO <\/b><span style=\"font-weight: 400;\">\u2013 \u015broda po Mszy \u015bw.<\/span><\/li>\n<li><b>Ruch \u015awiat\u0142o &#8211; \u017bycie<\/b><span style=\"font-weight: 400;\"> \u2013 pi\u0105tek po Mszy \u015bw.<\/span><\/li>\n<\/ul>\n","protected":false},"excerpt":{"rendered":"<p>W zwi\u0105zku z bierzmowaniem zapraszamy kandydat\u00f3w do bierzmowania we wtorek na Msz\u0119 \u015bw. na godz. 18:00 a po niej na pr\u00f3b\u0119. Obecno\u015b\u0107 wszystkich obowi\u0105zkowa. Na drug\u0105 pr\u00f3b\u0119 zapraszamy m\u0142odzie\u017c w pi\u0105tek na godz. 16:00 do ko\u015bcio\u0142a. M\u0142odzie\u017c przed przyj\u0119ciem sakramentu bierzmowania powinna przyst\u0105pi\u0107 do sakramentu spowiedzi, by w stanie \u0142aski u\u015bwi\u0119caj\u0105cej przyj\u0105\u0107 sakrament. Spowied\u017a dla <a class=\"read-more\" href=\"https:\/\/parafiazalesie.org\/index.php\/2026\/03\/15\/ogloszenia-iv-niedziela-wielkiego-postu-15-03-2026-r\/\"><\/p>\n<p>Zobacz wi\u0119cej<\/a><\/p>\n","protected":false},"author":1,"featured_media":2473,"comment_status":"closed","ping_status":"closed","sticky":false,"template":"","format":"standard","meta":{"ngg_post_thumbnail":0,"footnotes":""},"categories":[3],"tags":[],"class_list":["post-2470","post","type-post","status-publish","format-standard","has-post-thumbnail","hentry","category-ogloszenia"],"_links":{"self":[{"href":"https:\/\/parafiazalesie.org\/index.php\/wp-json\/wp\/v2\/posts\/2470","targetHints":{"allow":["GET"]}}],"collection":[{"href":"https:\/\/parafiazalesie.org\/index.php\/wp-json\/wp\/v2\/posts"}],"about":[{"href":"https:\/\/parafiazalesie.org\/index.php\/wp-json\/wp\/v2\/types\/post"}],"author":[{"embeddable":true,"href":"https:\/\/parafiazalesie.org\/index.php\/wp-json\/wp\/v2\/users\/1"}],"replies":[{"embeddable":true,"href":"https:\/\/parafiazalesie.org\/index.php\/wp-json\/wp\/v2\/comments?post=2470"}],"version-history":[{"count":1,"href":"https:\/\/parafiazalesie.org\/index.php\/wp-json\/wp\/v2\/posts\/2470\/revisions"}],"predecessor-version":[{"id":2472,"href":"https:\/\/parafiazalesie.org\/index.php\/wp-json\/wp\/v2\/posts\/2470\/revisions\/2472"}],"wp:featuredmedia":[{"embeddable":true,"href":"https:\/\/parafiazalesie.org\/index.php\/wp-json\/wp\/v2\/media\/2473"}],"wp:attachment":[{"href":"https:\/\/parafiazalesie.org\/index.php\/wp-json\/wp\/v2\/media?parent=2470"}],"wp:term":[{"taxonomy":"category","embeddable":true,"href":"https:\/\/parafiazalesie.org\/index.php\/wp-json\/wp\/v2\/categories?post=2470"},{"taxonomy":"post_tag","embeddable":true,"href":"https:\/\/parafiazalesie.org\/index.php\/wp-json\/wp\/v2\/tags?post=2470"}],"curies":[{"name":"wp","href":"https:\/\/api.w.org\/{rel}","templated":true}]}}