{"id":2468,"date":"2026-03-15T13:40:12","date_gmt":"2026-03-15T12:40:12","guid":{"rendered":"https:\/\/parafiazalesie.org\/?p=2468"},"modified":"2026-03-15T13:40:12","modified_gmt":"2026-03-15T12:40:12","slug":"intencje-mszalne-16-22-marca-2026","status":"publish","type":"post","link":"https:\/\/parafiazalesie.org\/index.php\/2026\/03\/15\/intencje-mszalne-16-22-marca-2026\/","title":{"rendered":"Intencje Mszalne: 16 \u2013 22 marca 2026"},"content":{"rendered":"<table style=\"width: 100%; border-collapse: collapse; border: none; font-size: 0.95em;\">\n<thead style=\"border-bottom: 2px solid #f0f0f0;\">\n<tr style=\"text-align: left;\">\n<th style=\"padding: 12px;\">Dzie\u0144<\/th>\n<th style=\"padding: 12px;\">Godzina<\/th>\n<th style=\"padding: 12px;\">Intencja<\/th>\n<\/tr>\n<\/thead>\n<tbody>\n<tr style=\"border-bottom: 1px solid #f9f9f9;\">\n<td rowspan=\"2\"><strong>Poniedzia\u0142ek<\/strong>16.III<\/td>\n<td style=\"padding: 10px;\">07:00<\/td>\n<td>+ Natalia Pajda (greg.); + Jan Szostek (od syna Romana z rodzin\u0105)<\/td>\n<\/tr>\n<tr style=\"border-bottom: 1px solid #eee;\">\n<td style=\"padding: 10px;\">18:00<\/td>\n<td>+ Eugeniusz Klaczkowski; + Edward Bieniasz<\/td>\n<\/tr>\n<tr style=\"border-bottom: 1px solid #f9f9f9;\">\n<td rowspan=\"2\"><strong>Wtorek<\/strong>17.III<\/td>\n<td style=\"padding: 10px;\">07:00<\/td>\n<td>+ Natalia Pajda (greg.); + Jan Jamr\u00f3z (od Lucyny i Bogdana Wawrzkowicz)<\/td>\n<\/tr>\n<tr style=\"border-bottom: 1px solid #eee;\">\n<td style=\"padding: 10px;\">18:00<\/td>\n<td>++ Zofia, W\u0142adys\u0142aw Polak; + Jan Szostek (od brata Stanis\u0142awa)<\/td>\n<\/tr>\n<tr style=\"border-bottom: 1px solid #f9f9f9;\">\n<td rowspan=\"2\"><strong>\u015aroda<\/strong>18.III<\/td>\n<td style=\"padding: 10px;\">07:00<\/td>\n<td>+ Natalia Pajda (greg.); + Jan Jamr\u00f3z (od Eugeniusza)<\/td>\n<\/tr>\n<tr style=\"border-bottom: 1px solid #eee;\">\n<td style=\"padding: 10px;\">18:00<\/td>\n<td>+ Gra\u017cyna (w rocznic\u0119 \u015bmierci); + Jan Szostek (od brata Kazimierza i Stanis\u0142awy z rodzin\u0105)<\/td>\n<\/tr>\n<tr style=\"border-bottom: 1px solid #f9f9f9;\">\n<td rowspan=\"3\"><strong>Czwartek<\/strong>19.III<\/td>\n<td style=\"padding: 10px;\">07:00<\/td>\n<td>+ Natalia Pajda (greg.); + Ma\u0142gorzata Szala<\/td>\n<\/tr>\n<tr style=\"border-bottom: 1px solid #f9f9f9;\">\n<td style=\"padding: 10px;\">09:00<\/td>\n<td>++ Helena, J\u00f3zef i za zmar\u0142ych z rodziny<\/td>\n<\/tr>\n<tr style=\"border-bottom: 1px solid #eee;\">\n<td style=\"padding: 10px;\">18:00<\/td>\n<td>+ Ksenia Z\u0142amaniec (w 10 rocznic\u0119 \u015bmierci \u2013 od rodziny)<\/td>\n<\/tr>\n<tr style=\"border-bottom: 1px solid #f9f9f9;\">\n<td rowspan=\"2\"><strong>Pi\u0105tek<\/strong>20.III<\/td>\n<td style=\"padding: 10px;\">07:00<\/td>\n<td>+ Natalia Pajda (greg.); + Jan Szostek (od Marii Szostek z rodzin\u0105 ze Straszydla)<\/td>\n<\/tr>\n<tr style=\"border-bottom: 1px solid #eee;\">\n<td style=\"padding: 10px;\">18:00<\/td>\n<td>O szcz\u0119\u015bliwe rozwi\u0105zanie i Bo\u017ce b\u0142ogos\u0142awie\u0144stwo dla Ma\u0142gorzaty; Bo\u017ce \u0142aski dla Micha\u0142a; + J\u00f3zefa (ona)<\/td>\n<\/tr>\n<tr style=\"border-bottom: 1px solid #f9f9f9;\">\n<td rowspan=\"2\"><strong>Sobota<\/strong>21.III<\/td>\n<td style=\"padding: 10px;\">07:00<\/td>\n<td>+ Natalia Pajda (greg.); + Barbara Oleksiewicz (od s\u0105siad\u00f3w z ul. W. Pola)<\/td>\n<\/tr>\n<tr style=\"border-bottom: 1px solid #eee;\">\n<td style=\"padding: 10px;\">18:00<\/td>\n<td>+ Jan Szostek (od brata Alfreda i Marii Szostek); + Jan Jamr\u00f3z (od rodziny Kownackich)<\/td>\n<\/tr>\n<tr style=\"background-color: #fcfcfc;\">\n<td rowspan=\"5\"><strong>Niedziela<\/strong>22.III<\/td>\n<td style=\"padding: 10px;\">07:00<\/td>\n<td>Za Parafian; + Jan Szostek (od Lucyny, Heleny, Kazimierza z d. Rak)<\/td>\n<\/tr>\n<tr style=\"background-color: #fcfcfc;\">\n<td style=\"padding: 10px;\">09:00<\/td>\n<td>++ J\u00f3zef, J\u00f3zefa Walus<\/td>\n<\/tr>\n<tr style=\"background-color: #fcfcfc;\">\n<td style=\"padding: 10px;\">10:30<\/td>\n<td>+ Natalia Pajda (greg.)<\/td>\n<\/tr>\n<tr style=\"background-color: #fcfcfc;\">\n<td style=\"padding: 10px;\">12:00<\/td>\n<td>+ Anna Pi\u0105tek (w 8 rocznic\u0119 \u015bmierci)<\/td>\n<\/tr>\n<tr style=\"background-color: #fcfcfc;\">\n<td style=\"padding: 10px;\">17:00<\/td>\n<td>+ Janina<\/td>\n<\/tr>\n<\/tbody>\n<\/table>\n<p>Spowied\u017a \u015bw.: W tygodniu przed Msz\u0105 \u015bw. (brak spowiedzi w trakcie Eucharystii) . W niedziel\u0119 \u2013 w czasie Mszy \u015bw..<\/p>\n","protected":false},"excerpt":{"rendered":"<p>Dzie\u0144 Godzina Intencja Poniedzia\u0142ek16.III 07:00 + Natalia Pajda (greg.); + Jan Szostek (od syna Romana z rodzin\u0105) 18:00 + Eugeniusz Klaczkowski; + Edward Bieniasz Wtorek17.III 07:00 + Natalia Pajda (greg.); + Jan Jamr\u00f3z (od Lucyny i Bogdana Wawrzkowicz) 18:00 ++ Zofia, W\u0142adys\u0142aw Polak; + Jan Szostek (od brata Stanis\u0142awa) \u015aroda18.III 07:00 + Natalia Pajda (greg.); <a class=\"read-more\" href=\"https:\/\/parafiazalesie.org\/index.php\/2026\/03\/15\/intencje-mszalne-16-22-marca-2026\/\"><\/p>\n<p>Zobacz wi\u0119cej<\/a><\/p>\n","protected":false},"author":1,"featured_media":111,"comment_status":"closed","ping_status":"closed","sticky":false,"template":"","format":"standard","meta":{"ngg_post_thumbnail":0,"footnotes":""},"categories":[5],"tags":[],"class_list":["post-2468","post","type-post","status-publish","format-standard","has-post-thumbnail","hentry","category-intencje"],"_links":{"self":[{"href":"https:\/\/parafiazalesie.org\/index.php\/wp-json\/wp\/v2\/posts\/2468","targetHints":{"allow":["GET"]}}],"collection":[{"href":"https:\/\/parafiazalesie.org\/index.php\/wp-json\/wp\/v2\/posts"}],"about":[{"href":"https:\/\/parafiazalesie.org\/index.php\/wp-json\/wp\/v2\/types\/post"}],"author":[{"embeddable":true,"href":"https:\/\/parafiazalesie.org\/index.php\/wp-json\/wp\/v2\/users\/1"}],"replies":[{"embeddable":true,"href":"https:\/\/parafiazalesie.org\/index.php\/wp-json\/wp\/v2\/comments?post=2468"}],"version-history":[{"count":1,"href":"https:\/\/parafiazalesie.org\/index.php\/wp-json\/wp\/v2\/posts\/2468\/revisions"}],"predecessor-version":[{"id":2469,"href":"https:\/\/parafiazalesie.org\/index.php\/wp-json\/wp\/v2\/posts\/2468\/revisions\/2469"}],"wp:featuredmedia":[{"embeddable":true,"href":"https:\/\/parafiazalesie.org\/index.php\/wp-json\/wp\/v2\/media\/111"}],"wp:attachment":[{"href":"https:\/\/parafiazalesie.org\/index.php\/wp-json\/wp\/v2\/media?parent=2468"}],"wp:term":[{"taxonomy":"category","embeddable":true,"href":"https:\/\/parafiazalesie.org\/index.php\/wp-json\/wp\/v2\/categories?post=2468"},{"taxonomy":"post_tag","embeddable":true,"href":"https:\/\/parafiazalesie.org\/index.php\/wp-json\/wp\/v2\/tags?post=2468"}],"curies":[{"name":"wp","href":"https:\/\/api.w.org\/{rel}","templated":true}]}}