{"id":2399,"date":"2026-01-29T09:33:25","date_gmt":"2026-01-29T08:33:25","guid":{"rendered":"https:\/\/parafiazalesie.org\/?p=2399"},"modified":"2026-01-29T09:33:25","modified_gmt":"2026-01-29T08:33:25","slug":"ogloszenia-parafialne-iv-niedziela-zwykla-01-02-2026-r","status":"publish","type":"post","link":"https:\/\/parafiazalesie.org\/index.php\/2026\/01\/29\/ogloszenia-parafialne-iv-niedziela-zwykla-01-02-2026-r\/","title":{"rendered":"Og\u0142oszenia parafialne  IV Niedziela Zwyk\u0142a \u2013 01.02.2026 r."},"content":{"rendered":"<p><style>\n.ogloszenia-akordeon {\n  max-width: 900px;\n  margin: auto;\n}<\/p>\n<p>.sekcja {\n  border: 1px solid #ddd;\n  border-radius: 6px;\n  margin-bottom: 10px;\n  overflow: hidden;\n}<\/p>\n<p>.sekcja-header {\n  background: #f5f5f5;\n  padding: 12px 16px;\n  cursor: pointer;\n  font-weight: bold;\n  display: flex;\n  justify-content: space-between;\n  align-items: center;\n}<\/p>\n<p>.sekcja-header:hover {\n  background: #eaeaea;\n}<\/p>\n<p>.sekcja-content {\n  display: none;\n  padding: 15px 20px;\n}<\/p>\n<p>.sekcja-content ul {\n  margin-left: 20px;\n}\n<\/style>\n<\/p>\n<div class=\"ogloszenia-akordeon\">\n<h2>&#x1f4e2; Og\u0142oszenia parafialne<\/h2>\n<p><strong>IV Niedziela Zwyk\u0142a \u2013 01.02.2026 r.<\/strong><\/p>\n<div class=\"sekcja\">\n<div class=\"sekcja-header\">&#x1f4c5; Poniedzia\u0142ek \u2013 2 lutego &#x2795;<\/div>\n<div class=\"sekcja-content\">\n<ul>\n<li>&#x1f56f;&#xfe0f; \u015awi\u0119to Ofiarowania Pa\u0144skiego \u2013 Matki Bo\u017cej Gromnicznej<\/li>\n<li>&#x1f64f; \u015awiatowy Dzie\u0144 \u017bycia Konsekrowanego<\/li>\n<li>&#x23f0; Msze \u015awi\u0119te: 7.00, 9.00 oraz 18.00<\/li>\n<li>&#x1f56f;&#xfe0f; Prosimy przynie\u015b\u0107 gromnice z zabezpieczeniem przed kapi\u0105cym woskiem<\/li>\n<li>&#x1f492; Sk\u0142adka przeznaczona na klasztory kontemplacyjne w diecezji<\/li>\n<\/ul>\n<\/div>\n<\/div>\n<div class=\"sekcja\">\n<div class=\"sekcja-header\">&#x1f4c5; \u015aroda \u2013 4 lutego &#x2795;<\/div>\n<div class=\"sekcja-content\">\n<ul>\n<li>&#x1f64f; Po Mszy \u015awi\u0119tej Nowenna do Matki Bo\u017cej Nieustaj\u0105cej Pomocy, Pani Zaleskiej<\/li>\n<li>&#x26ea; Po Nowennie adoracja Naj\u015bwi\u0119tszego Sakramentu do godz. 20.00<\/li>\n<\/ul>\n<\/div>\n<\/div>\n<div class=\"sekcja\">\n<div class=\"sekcja-header\">&#x1f4c5; Pierwszy czwartek, pi\u0105tek i sobota miesi\u0105ca &#x2795;<\/div>\n<div class=\"sekcja-content\">\n<ul>\n<li>&#x271d;&#xfe0f; Zach\u0119camy do wcze\u015bniejszej spowiedzi<\/li>\n<li>&#x23f0; Spowied\u017a codziennie p\u00f3\u0142 godziny przed Msz\u0105 \u015awi\u0119t\u0105 porann\u0105 i wieczorn\u0105<\/li>\n<li>&#x23f0; W pierwszy pi\u0105tek spowied\u017a od godz. 17.00<\/li>\n<li>&#x2764;&#xfe0f; Nabo\u017ce\u0144stwo wynagradzaj\u0105ce Naj\u015bwi\u0119tszemu Sercu Pana Jezusa \u2013 pi\u0105tek<\/li>\n<li>&#x1f499; Nabo\u017ce\u0144stwo wynagradzaj\u0105ce Niepokalanemu Sercu Maryi \u2013 sobota<\/li>\n<\/ul>\n<\/div>\n<\/div>\n<div class=\"sekcja\">\n<div class=\"sekcja-header\">&#x1f4c5; Czwartek \u2013 5 lutego &#x2795;<\/div>\n<div class=\"sekcja-content\">\n<ul>\n<li>&#x1f4d6; Wspomnienie \u015bw. Agaty, dziewicy i m\u0119czennicy<\/li>\n<\/ul>\n<\/div>\n<\/div>\n<div class=\"sekcja\">\n<div class=\"sekcja-header\">&#x1f4c5; Pi\u0105tek \u2013 6 lutego &#x2795;<\/div>\n<div class=\"sekcja-content\">\n<ul>\n<li>&#x1f4d6; Wspomnienie \u015bw. Paw\u0142a Miki i Towarzyszy, m\u0119czennik\u00f3w<\/li>\n<li>&#x26ea; Po nabo\u017ce\u0144stwie adoracja Naj\u015bwi\u0119tszego Sakramentu do godz. 20.00<\/li>\n<\/ul>\n<\/div>\n<\/div>\n<div class=\"sekcja\">\n<div class=\"sekcja-header\">&#x1f4c5; Sobota \u2013 7 lutego &#x2795;<\/div>\n<div class=\"sekcja-content\">&nbsp;<\/div>\n<\/div>\n<\/div>\n","protected":false},"excerpt":{"rendered":"<p>&#x1f4e2; Og\u0142oszenia parafialne IV Niedziela Zwyk\u0142a \u2013 01.02.2026 r. &#x1f4c5; Poniedzia\u0142ek \u2013 2 lutego &#x2795; &#x1f56f;&#xfe0f; \u015awi\u0119to Ofiarowania Pa\u0144skiego \u2013 Matki Bo\u017cej Gromnicznej &#x1f64f; \u015awiatowy Dzie\u0144 \u017bycia Konsekrowanego &#x23f0; Msze \u015awi\u0119te: 7.00, 9.00 oraz 18.00 &#x1f56f;&#xfe0f; Prosimy przynie\u015b\u0107 gromnice z zabezpieczeniem przed kapi\u0105cym woskiem &#x1f492; Sk\u0142adka przeznaczona na klasztory kontemplacyjne w diecezji &#x1f4c5; \u015aroda \u2013 <a class=\"read-more\" href=\"https:\/\/parafiazalesie.org\/index.php\/2026\/01\/29\/ogloszenia-parafialne-iv-niedziela-zwykla-01-02-2026-r\/\"><\/p>\n<p>Zobacz wi\u0119cej<\/a><\/p>\n","protected":false},"author":1,"featured_media":2400,"comment_status":"closed","ping_status":"closed","sticky":false,"template":"","format":"standard","meta":{"ngg_post_thumbnail":0,"footnotes":""},"categories":[3],"tags":[],"class_list":["post-2399","post","type-post","status-publish","format-standard","has-post-thumbnail","hentry","category-ogloszenia"],"_links":{"self":[{"href":"https:\/\/parafiazalesie.org\/index.php\/wp-json\/wp\/v2\/posts\/2399","targetHints":{"allow":["GET"]}}],"collection":[{"href":"https:\/\/parafiazalesie.org\/index.php\/wp-json\/wp\/v2\/posts"}],"about":[{"href":"https:\/\/parafiazalesie.org\/index.php\/wp-json\/wp\/v2\/types\/post"}],"author":[{"embeddable":true,"href":"https:\/\/parafiazalesie.org\/index.php\/wp-json\/wp\/v2\/users\/1"}],"replies":[{"embeddable":true,"href":"https:\/\/parafiazalesie.org\/index.php\/wp-json\/wp\/v2\/comments?post=2399"}],"version-history":[{"count":1,"href":"https:\/\/parafiazalesie.org\/index.php\/wp-json\/wp\/v2\/posts\/2399\/revisions"}],"predecessor-version":[{"id":2401,"href":"https:\/\/parafiazalesie.org\/index.php\/wp-json\/wp\/v2\/posts\/2399\/revisions\/2401"}],"wp:featuredmedia":[{"embeddable":true,"href":"https:\/\/parafiazalesie.org\/index.php\/wp-json\/wp\/v2\/media\/2400"}],"wp:attachment":[{"href":"https:\/\/parafiazalesie.org\/index.php\/wp-json\/wp\/v2\/media?parent=2399"}],"wp:term":[{"taxonomy":"category","embeddable":true,"href":"https:\/\/parafiazalesie.org\/index.php\/wp-json\/wp\/v2\/categories?post=2399"},{"taxonomy":"post_tag","embeddable":true,"href":"https:\/\/parafiazalesie.org\/index.php\/wp-json\/wp\/v2\/tags?post=2399"}],"curies":[{"name":"wp","href":"https:\/\/api.w.org\/{rel}","templated":true}]}}