{"id":2395,"date":"2026-01-29T09:26:31","date_gmt":"2026-01-29T08:26:31","guid":{"rendered":"https:\/\/parafiazalesie.org\/?p=2395"},"modified":"2026-01-29T09:28:37","modified_gmt":"2026-01-29T08:28:37","slug":"intencje-mszalne-02-08-ii-2026","status":"publish","type":"post","link":"https:\/\/parafiazalesie.org\/index.php\/2026\/01\/29\/intencje-mszalne-02-08-ii-2026\/","title":{"rendered":"INTENCJE  MSZALNE  02 &#8211; 08 II 2026"},"content":{"rendered":"<style>\n.intencje-akordeon {\n  max-width: 900px;\n  margin: auto;\n}<\/p>\n<p>.dzien {\n  border: 1px solid #ddd;\n  margin-bottom: 10px;\n  border-radius: 6px;\n  overflow: hidden;\n}<\/p>\n<p>.dzien-header {\n  background: #f5f5f5;\n  padding: 12px 16px;\n  cursor: pointer;\n  font-weight: bold;\n  display: flex;\n  justify-content: space-between;\n  align-items: center;\n}<\/p>\n<p>.dzien-header:hover {\n  background: #eaeaea;\n}<\/p>\n<p>.dzien-content {\n  display: none;\n  padding: 15px 20px;\n}<\/p>\n<p>.godzina {\n  margin-top: 10px;\n}<\/p>\n<p>.godzina strong {\n  display: block;\n  margin-bottom: 5px;\n}\n<\/style>\n<div class=\"intencje-akordeon\">\n<h2>&#x26ea; Intencje mszalne<\/h2>\n<p><strong>&#x1f4c5; 02 \u2013 08 lutego 2026<\/strong><\/p>\n<div class=\"dzien\">\n<div class=\"dzien-header\">&#x1f4c5; Poniedzia\u0142ek \u2013 02.02.2026 <span>&#x2795;<\/span><\/div>\n<div class=\"dzien-content\">\n<div class=\"godzina\">\n      <strong>&#x23f0; 7.00<\/strong><\/p>\n<ul>\n<li>&#x1f56f;&#xfe0f; + Wanda Dudzik \u2013 greg.<\/li>\n<li>&#x1f56f;&#xfe0f; + Jan Czach \u2013 od kole\u017canek i koleg\u00f3w z Placu Targowego<\/li>\n<\/ul><\/div>\n<div class=\"godzina\">\n      <strong>&#x23f0; 18.00<\/strong><\/p>\n<ul>\n<li>&#x1f56f;&#xfe0f; + Ludwik \u2013 w 16. rocznic\u0119 \u015bmierci (intencja od dzieci)<\/li>\n<li>&#x1f56f;&#xfe0f; + Jan Karst \u2013 od Barbary Janas z rodzin\u0105<\/li>\n<\/ul><\/div>\n<\/p><\/div>\n<\/div>\n<div class=\"dzien\">\n<div class=\"dzien-header\">&#x1f4c5; Wtorek \u2013 03.02.2026 <span>&#x2795;<\/span><\/div>\n<div class=\"dzien-content\">\n    <strong>&#x23f0; 7.00<\/strong><\/p>\n<ul>\n<li>&#x1f56f;&#xfe0f; + Wanda Dudzik \u2013 greg.<\/li>\n<li>&#x1f56f;&#xfe0f; + Jan Czach \u2013 od kole\u017canek i koleg\u00f3w z Placu Targowego<\/li>\n<\/ul>\n<p>    <strong>&#x23f0; 18.00<\/strong><\/p>\n<ul>\n<li>&#x1f64f; Dzi\u0119kczynno-b\u0142agalna w 42. rocznic\u0119 sakramentu ma\u0142\u017ce\u0144stwa Lidii i Kazimierza<\/li>\n<li>&#x1f56f;&#xfe0f; + Jan Karst \u2013 od s\u0105siad\u00f3w, rodziny Jarz\u0119bowskich<\/li>\n<\/ul><\/div>\n<\/div>\n<div class=\"dzien\">\n<div class=\"dzien-header\">&#x1f4c5; Niedziela \u2013 08.02.2026 <span>&#x2795;<\/span><\/div>\n<div class=\"dzien-content\">\n    <strong>&#x23f0; 7.00<\/strong><\/p>\n<ul>\n<li>&#x1f56f;&#xfe0f; + Wanda Dudzik \u2013 greg.<\/li>\n<li>&#x1f56f;&#xfe0f; + Jan Czach \u2013 od Joanny Po\u017aniak z rodzin\u0105<\/li>\n<\/ul>\n<p>    <strong>&#x23f0; 9.00<\/strong><\/p>\n<ul>\n<li>&#x1f56f;&#xfe0f; ++ Zofia, Edward<\/li>\n<\/ul>\n<p>    <strong>&#x23f0; 10.30<\/strong><\/p>\n<ul>\n<li>&#x1f64f; O zdrowie i Bo\u017ce b\u0142ogos\u0142awie\u0144stwo w 18. rocznic\u0119 urodzin Zofii<\/li>\n<\/ul>\n<p>    <strong>&#x23f0; 17.00<\/strong><\/p>\n<ul>\n<li>&#x26ea; Za Parafian<\/li>\n<\/ul><\/div>\n<\/div>\n<div class=\"dzien\">\n<div class=\"dzien-header\">&#x1f54a;&#xfe0f; Spowied\u017a <span>&#x2795;<\/span><\/div>\n<div class=\"dzien-content\">\n<p>\n      &#x23f0; W tygodniu \u2013 przed Msz\u0105 \u015awi\u0119t\u0105<br \/>\n      &#x26ea; W niedziel\u0119 \u2013 w czasie Mszy \u015awi\u0119tej\n    <\/p>\n<\/p><\/div>\n<\/div>\n<\/div>\n<p><script>\ndocument.querySelectorAll('.dzien-header').forEach(header => {\n  header.addEventListener('click', () => {\n    const content = header.nextElementSibling;\n    const icon = header.querySelector('span');<\/p>\n<p>    if (content.style.display === \"block\") {\n      content.style.display = \"none\";\n      icon.textContent = \"&#x2795;\";\n    } else {\n      content.style.display = \"block\";\n      icon.textContent = \"&#x2796;\";\n    }\n  });\n});\n<\/script><\/p>\n","protected":false},"excerpt":{"rendered":"<p>&#x26ea; Intencje mszalne &#x1f4c5; 02 \u2013 08 lutego 2026 &#x1f4c5; Poniedzia\u0142ek \u2013 02.02.2026 &#x2795; &#x23f0; 7.00 &#x1f56f;&#xfe0f; + Wanda Dudzik \u2013 greg. &#x1f56f;&#xfe0f; + Jan Czach \u2013 od kole\u017canek i koleg\u00f3w z Placu Targowego &#x23f0; 18.00 &#x1f56f;&#xfe0f; + Ludwik \u2013 w 16. rocznic\u0119 \u015bmierci (intencja od dzieci) &#x1f56f;&#xfe0f; + Jan Karst \u2013 od Barbary Janas <a class=\"read-more\" href=\"https:\/\/parafiazalesie.org\/index.php\/2026\/01\/29\/intencje-mszalne-02-08-ii-2026\/\"><\/p>\n<p>Zobacz wi\u0119cej<\/a><\/p>\n","protected":false},"author":1,"featured_media":111,"comment_status":"closed","ping_status":"closed","sticky":false,"template":"","format":"standard","meta":{"ngg_post_thumbnail":0,"footnotes":""},"categories":[5],"tags":[],"class_list":["post-2395","post","type-post","status-publish","format-standard","has-post-thumbnail","hentry","category-intencje"],"_links":{"self":[{"href":"https:\/\/parafiazalesie.org\/index.php\/wp-json\/wp\/v2\/posts\/2395","targetHints":{"allow":["GET"]}}],"collection":[{"href":"https:\/\/parafiazalesie.org\/index.php\/wp-json\/wp\/v2\/posts"}],"about":[{"href":"https:\/\/parafiazalesie.org\/index.php\/wp-json\/wp\/v2\/types\/post"}],"author":[{"embeddable":true,"href":"https:\/\/parafiazalesie.org\/index.php\/wp-json\/wp\/v2\/users\/1"}],"replies":[{"embeddable":true,"href":"https:\/\/parafiazalesie.org\/index.php\/wp-json\/wp\/v2\/comments?post=2395"}],"version-history":[{"count":2,"href":"https:\/\/parafiazalesie.org\/index.php\/wp-json\/wp\/v2\/posts\/2395\/revisions"}],"predecessor-version":[{"id":2398,"href":"https:\/\/parafiazalesie.org\/index.php\/wp-json\/wp\/v2\/posts\/2395\/revisions\/2398"}],"wp:featuredmedia":[{"embeddable":true,"href":"https:\/\/parafiazalesie.org\/index.php\/wp-json\/wp\/v2\/media\/111"}],"wp:attachment":[{"href":"https:\/\/parafiazalesie.org\/index.php\/wp-json\/wp\/v2\/media?parent=2395"}],"wp:term":[{"taxonomy":"category","embeddable":true,"href":"https:\/\/parafiazalesie.org\/index.php\/wp-json\/wp\/v2\/categories?post=2395"},{"taxonomy":"post_tag","embeddable":true,"href":"https:\/\/parafiazalesie.org\/index.php\/wp-json\/wp\/v2\/tags?post=2395"}],"curies":[{"name":"wp","href":"https:\/\/api.w.org\/{rel}","templated":true}]}}