{"id":2389,"date":"2026-01-22T08:12:22","date_gmt":"2026-01-22T07:12:22","guid":{"rendered":"https:\/\/parafiazalesie.org\/?p=2389"},"modified":"2026-01-29T21:53:02","modified_gmt":"2026-01-29T20:53:02","slug":"koleda-odwiedziny-mieszkancow-26-01-31-01","status":"publish","type":"post","link":"https:\/\/parafiazalesie.org\/index.php\/2026\/01\/22\/koleda-odwiedziny-mieszkancow-26-01-31-01\/","title":{"rendered":"Kol\u0119da \u2013 odwiedziny mieszka\u0144c\u00f3w 26.01-31.01"},"content":{"rendered":"<p>Poniedzia\u0142ek \u2013 pi\u0105tek od godz.16:00, sobota od godz.9:00<\/p>\n<ul>\n<li><u>Poniedzia\u0142ek 26 stycznia <\/u>\n<ul>\n<li><strong> Storczykowa<\/strong> &#8211; dw\u00f3ch ksi\u0119\u017cy<\/li>\n<\/ul>\n<\/li>\n<li><u>Wtorek 27 stycznia <\/u>\n<ul>\n<li><strong> Frezji i ul. Spacerowa <\/strong>&#8211; bez szereg\u00f3wek<\/li>\n<\/ul>\n<\/li>\n<li><u>\u015aroda 28 stycznia<\/u>\n<ul>\n<li><strong> Herberta i ul. Be\u0142zy<\/strong><\/li>\n<\/ul>\n<\/li>\n<li><u>Czwartek 29 stycznia<\/u>\n<ul>\n<li><strong> Fio\u0142kowa<\/strong> &#8211; dw\u00f3ch ksi\u0119\u017cy<\/li>\n<\/ul>\n<\/li>\n<li><u>Pi\u0105tek&nbsp;30 stycznia<\/u>\n<ul>\n<li><strong> Konwalii i ul. Dunikowskiego<\/strong><\/li>\n<\/ul>\n<\/li>\n<\/ul>\n<p><strong>Msza \u015bw. kol\u0119dowa<\/strong><\/p>\n<p><u>Niedziela 1 lutego godz. 14:00<\/u><\/p>\n<p>Zapraszamy mieszka\u0144c\u00f3w ulic: <strong>Siemaszkowej, Pelargonii, Niezapominajek, Krokusowej, Rodzinnej i&nbsp;Mieczykowej.<\/strong><\/p>\n","protected":false},"excerpt":{"rendered":"<p>Poniedzia\u0142ek \u2013 pi\u0105tek od godz.16:00, sobota od godz.9:00 Poniedzia\u0142ek 26 stycznia Storczykowa &#8211; dw\u00f3ch ksi\u0119\u017cy Wtorek 27 stycznia Frezji i ul. Spacerowa &#8211; bez szereg\u00f3wek \u015aroda 28 stycznia Herberta i ul. Be\u0142zy Czwartek 29 stycznia Fio\u0142kowa &#8211; dw\u00f3ch ksi\u0119\u017cy Pi\u0105tek&nbsp;30 stycznia Konwalii i ul. Dunikowskiego Msza \u015bw. kol\u0119dowa Niedziela 1 lutego godz. 14:00 Zapraszamy mieszka\u0144c\u00f3w <a class=\"read-more\" href=\"https:\/\/parafiazalesie.org\/index.php\/2026\/01\/22\/koleda-odwiedziny-mieszkancow-26-01-31-01\/\"><\/p>\n<p>Zobacz wi\u0119cej<\/a><\/p>\n","protected":false},"author":1,"featured_media":2354,"comment_status":"closed","ping_status":"closed","sticky":false,"template":"","format":"standard","meta":{"ngg_post_thumbnail":0,"footnotes":""},"categories":[6],"tags":[],"class_list":["post-2389","post","type-post","status-publish","format-standard","has-post-thumbnail","hentry","category-aktualnosci"],"_links":{"self":[{"href":"https:\/\/parafiazalesie.org\/index.php\/wp-json\/wp\/v2\/posts\/2389","targetHints":{"allow":["GET"]}}],"collection":[{"href":"https:\/\/parafiazalesie.org\/index.php\/wp-json\/wp\/v2\/posts"}],"about":[{"href":"https:\/\/parafiazalesie.org\/index.php\/wp-json\/wp\/v2\/types\/post"}],"author":[{"embeddable":true,"href":"https:\/\/parafiazalesie.org\/index.php\/wp-json\/wp\/v2\/users\/1"}],"replies":[{"embeddable":true,"href":"https:\/\/parafiazalesie.org\/index.php\/wp-json\/wp\/v2\/comments?post=2389"}],"version-history":[{"count":2,"href":"https:\/\/parafiazalesie.org\/index.php\/wp-json\/wp\/v2\/posts\/2389\/revisions"}],"predecessor-version":[{"id":2406,"href":"https:\/\/parafiazalesie.org\/index.php\/wp-json\/wp\/v2\/posts\/2389\/revisions\/2406"}],"wp:featuredmedia":[{"embeddable":true,"href":"https:\/\/parafiazalesie.org\/index.php\/wp-json\/wp\/v2\/media\/2354"}],"wp:attachment":[{"href":"https:\/\/parafiazalesie.org\/index.php\/wp-json\/wp\/v2\/media?parent=2389"}],"wp:term":[{"taxonomy":"category","embeddable":true,"href":"https:\/\/parafiazalesie.org\/index.php\/wp-json\/wp\/v2\/categories?post=2389"},{"taxonomy":"post_tag","embeddable":true,"href":"https:\/\/parafiazalesie.org\/index.php\/wp-json\/wp\/v2\/tags?post=2389"}],"curies":[{"name":"wp","href":"https:\/\/api.w.org\/{rel}","templated":true}]}}