{"id":2386,"date":"2026-01-24T07:41:56","date_gmt":"2026-01-24T06:41:56","guid":{"rendered":"https:\/\/parafiazalesie.org\/?p=2386"},"modified":"2026-01-22T08:09:55","modified_gmt":"2026-01-22T07:09:55","slug":"ogloszenia-iii-niedziela-zwykla-25-01-2026-r","status":"publish","type":"post","link":"https:\/\/parafiazalesie.org\/index.php\/2026\/01\/24\/ogloszenia-iii-niedziela-zwykla-25-01-2026-r\/","title":{"rendered":"OG\u0141OSZENIA III Niedziela Zwyk\u0142a 25.01.2026 r."},"content":{"rendered":"<ol>\n<li><strong>Dzi\u015b:<\/strong>\n<ul>\n<li><strong>Niedziela S\u0142owa Bo\u017cego, <\/strong><\/li>\n<li>zako\u0144czenie Tygodnia Modlitw o Jedno\u015b\u0107 Chrze\u015bcijan.<\/li>\n<\/ul>\n<\/li>\n<li><strong>W poniedzia\u0142ek <\/strong>26 stycznia:\n<ul>\n<li>\u015bw. Tymoteusza i Tytusa, biskup\u00f3w.<\/li>\n<\/ul>\n<\/li>\n<li><strong>W \u015brod\u0119 <\/strong>28 stycznia:\n<ul>\n<li>\u015bw. Tomasza z Akwinu, kap\u0142ana, doktora Ko\u015bcio\u0142a,<\/li>\n<li>po Mszy \u015bw. Nowenna do Matki Bo\u017cej Nieustaj\u0105cej Pomocy, Pani Zaleskiej oraz nabo\u017ce\u0144stwo do \u015bw. Beretty Molla, z podzi\u0119kowaniami i pro\u015bbami,<\/li>\n<li>adoracja Naj\u015bwi\u0119tszego Sakramentu do godz. 20:00.<\/li>\n<\/ul>\n<\/li>\n<li><strong>W pi\u0105tek <\/strong>30 stycznia:\n<ul>\n<li>od godz. 17:00 do 18:00 adoracja Naj\u015bwi\u0119tszego Sakramentu, prowadzona przez Wsp\u00f3lnot\u0119 Intronizacyjn\u0105.<\/li>\n<\/ul>\n<\/li>\n<li><strong>W sobot\u0119 <\/strong>31 stycznia:\n<ul>\n<li>\u015bw. Jana Bosko, kap\u0142ana.<\/li>\n<\/ul>\n<\/li>\n<li><strong>W niedziel\u0119 <\/strong>1 lutego:\n<ul>\n<li>po Mszy \u015bw. o godz.7:00 zmiana tajemnic r\u00f3\u017ca\u0144cowych,<\/li>\n<li>R\u00f3\u017caniec poprowadzi R\u00f3\u017ca b\u0142. Marii Teresy Led\u00f3chowskiej.<\/li>\n<\/ul>\n<\/li>\n<\/ol>\n<p><strong>SPOTKANIA:<\/strong><\/p>\n<ul>\n<li><strong>Ruch \u015awiat\u0142o &#8211; \u017bycie<\/strong> \u2013 pi\u0105tek po Mszy \u015bw.<\/li>\n<\/ul>\n<p><strong>Kol\u0119da \u2013 odwiedziny mieszka\u0144c\u00f3w <\/strong><\/p>\n<p>poniedzia\u0142ek \u2013 pi\u0105tek od godz.16:00, sobota od godz.9:00<\/p>\n<ul>\n<li><u>Poniedzia\u0142ek 26 stycznia<\/u>\n<ul>\n<li><strong style=\"font-size: 15px;\">Storczykowa<\/strong><span style=\"font-size: 15px;\"> &#8211; dw\u00f3ch ksi\u0119\u017cy<\/span><\/li>\n<\/ul>\n<\/li>\n<li><u>Wtorek 27 stycznia<\/u>\n<ul>\n<li><strong style=\"font-size: 15px;\">Frezji i ul. Spacerowa <\/strong><span style=\"font-size: 15px;\">&#8211; bez szereg\u00f3wek<\/span><\/li>\n<\/ul>\n<\/li>\n<li><u>\u015aroda 28 stycznia<\/u>\n<ul>\n<li><strong style=\"font-size: 15px;\">Herberta i ul. Be\u0142zy<\/strong><\/li>\n<\/ul>\n<\/li>\n<li><u>Czwartek 29 stycznia<\/u>\n<ul>\n<li><strong style=\"font-size: 15px;\">Fio\u0142kowa<\/strong><span style=\"font-size: 15px;\"> &#8211; dw\u00f3ch ksi\u0119\u017cy<\/span><\/li>\n<\/ul>\n<\/li>\n<li><u>Pi\u0105tek 30 stycznia<\/u>\n<ul>\n<li><strong style=\"font-size: 15px;\">Konwalii i ul. Dunikowskiego<\/strong><\/li>\n<\/ul>\n<\/li>\n<li><u>Sobota 31 stycznia<\/u>\n<ul>\n<li><strong style=\"font-size: 15px;\">Rodzinna i ul. Mieczykowa<\/strong><\/li>\n<\/ul>\n<\/li>\n<\/ul>\n<p><strong>&nbsp;<\/strong><strong>Msza \u015bw. kol\u0119dowa<\/strong><\/p>\n<ul>\n<li><u>Niedziela 1 lutego godz. 14:00<\/u><\/li>\n<\/ul>\n<p>Zapraszamy mieszka\u0144c\u00f3w ulic: <strong>Siemaszkowej, Pelargonii, Niezapominajek, Krokusowej, Rodzinnej i&nbsp;Mieczykowej.<\/strong><\/p>\n","protected":false},"excerpt":{"rendered":"<p>Dzi\u015b: Niedziela S\u0142owa Bo\u017cego, zako\u0144czenie Tygodnia Modlitw o Jedno\u015b\u0107 Chrze\u015bcijan. W poniedzia\u0142ek 26 stycznia: \u015bw. Tymoteusza i Tytusa, biskup\u00f3w. W \u015brod\u0119 28 stycznia: \u015bw. Tomasza z Akwinu, kap\u0142ana, doktora Ko\u015bcio\u0142a, po Mszy \u015bw. Nowenna do Matki Bo\u017cej Nieustaj\u0105cej Pomocy, Pani Zaleskiej oraz nabo\u017ce\u0144stwo do \u015bw. Beretty Molla, z podzi\u0119kowaniami i pro\u015bbami, adoracja Naj\u015bwi\u0119tszego Sakramentu do <a class=\"read-more\" href=\"https:\/\/parafiazalesie.org\/index.php\/2026\/01\/24\/ogloszenia-iii-niedziela-zwykla-25-01-2026-r\/\"><\/p>\n<p>Zobacz wi\u0119cej<\/a><\/p>\n","protected":false},"author":1,"featured_media":2387,"comment_status":"closed","ping_status":"closed","sticky":false,"template":"","format":"standard","meta":{"ngg_post_thumbnail":0,"footnotes":""},"categories":[3],"tags":[],"class_list":["post-2386","post","type-post","status-publish","format-standard","has-post-thumbnail","hentry","category-ogloszenia"],"_links":{"self":[{"href":"https:\/\/parafiazalesie.org\/index.php\/wp-json\/wp\/v2\/posts\/2386","targetHints":{"allow":["GET"]}}],"collection":[{"href":"https:\/\/parafiazalesie.org\/index.php\/wp-json\/wp\/v2\/posts"}],"about":[{"href":"https:\/\/parafiazalesie.org\/index.php\/wp-json\/wp\/v2\/types\/post"}],"author":[{"embeddable":true,"href":"https:\/\/parafiazalesie.org\/index.php\/wp-json\/wp\/v2\/users\/1"}],"replies":[{"embeddable":true,"href":"https:\/\/parafiazalesie.org\/index.php\/wp-json\/wp\/v2\/comments?post=2386"}],"version-history":[{"count":1,"href":"https:\/\/parafiazalesie.org\/index.php\/wp-json\/wp\/v2\/posts\/2386\/revisions"}],"predecessor-version":[{"id":2388,"href":"https:\/\/parafiazalesie.org\/index.php\/wp-json\/wp\/v2\/posts\/2386\/revisions\/2388"}],"wp:featuredmedia":[{"embeddable":true,"href":"https:\/\/parafiazalesie.org\/index.php\/wp-json\/wp\/v2\/media\/2387"}],"wp:attachment":[{"href":"https:\/\/parafiazalesie.org\/index.php\/wp-json\/wp\/v2\/media?parent=2386"}],"wp:term":[{"taxonomy":"category","embeddable":true,"href":"https:\/\/parafiazalesie.org\/index.php\/wp-json\/wp\/v2\/categories?post=2386"},{"taxonomy":"post_tag","embeddable":true,"href":"https:\/\/parafiazalesie.org\/index.php\/wp-json\/wp\/v2\/tags?post=2386"}],"curies":[{"name":"wp","href":"https:\/\/api.w.org\/{rel}","templated":true}]}}