{"id":2384,"date":"2026-01-22T07:41:37","date_gmt":"2026-01-22T06:41:37","guid":{"rendered":"https:\/\/parafiazalesie.org\/?p=2384"},"modified":"2026-01-22T07:41:37","modified_gmt":"2026-01-22T06:41:37","slug":"intencje-mszalne-26-i-01-ii-2026","status":"publish","type":"post","link":"https:\/\/parafiazalesie.org\/index.php\/2026\/01\/22\/intencje-mszalne-26-i-01-ii-2026\/","title":{"rendered":"INTENCJE  MSZALNE   26 I \u2013 01 II 2026"},"content":{"rendered":"<table style=\"width: 100%; height: 1404px;\" width=\"747\">\n<tbody>\n<tr style=\"height: 92px;\">\n<td style=\"height: 139px;\" rowspan=\"2\" width=\"161\">\n<p><strong>Poniedzia\u0142ek<\/strong><\/p>\n<p><strong>26.I.2026<\/strong><\/p>\n<\/td>\n<td style=\"height: 92px;\" width=\"71\">\n<p><strong>7.00<\/strong><\/p>\n<\/td>\n<td style=\"height: 92px;\" width=\"515\">\n<p><strong>+ Jan Czach<\/strong> &#8211; od pracownik\u00f3w c\u00f3rki Agnieszki<br \/>\n<strong>+ Jan Karst <\/strong>&#8211; od Zarz\u0105du Rzeszowskiego Towarzystwa Pomocy Imienia \u015bw. Brata Alberta w Rzeszowie<br \/>\n<strong>+ Stanis\u0142aw Bobola <\/strong>&#8211; od Barbary i J\u00f3zefa Wr\u00f3bel<\/p>\n<\/td>\n<\/tr>\n<tr style=\"height: 47px;\">\n<td style=\"height: 47px;\" width=\"71\">\n<p><strong>18.00<\/strong><\/p>\n<\/td>\n<td style=\"height: 47px;\" width=\"515\">\n<p><strong>+ Barbara Oleksiewicz <\/strong>\u2013 greg.<\/p>\n<\/td>\n<\/tr>\n<tr style=\"height: 137px;\">\n<td style=\"height: 184px;\" rowspan=\"2\" width=\"161\">\n<p><strong>Wtorek<\/strong><\/p>\n<p><strong>27.I.2026<\/strong><\/p>\n<\/td>\n<td style=\"height: 137px;\" width=\"71\">\n<p><strong>7.00<\/strong><\/p>\n<\/td>\n<td style=\"height: 137px;\" width=\"515\">\n<p><strong>+ Jan Czach <\/strong>&#8211; od pracownik\u00f3w c\u00f3rki Agnieszki<br \/>\n<strong>+ Jan Karst <\/strong>&#8211; od koleg\u00f3w i kole\u017canek c\u00f3rki zmar\u0142ego<br \/>\n<strong>+ Stanis\u0142aw Bobola <\/strong>&#8211; od Barbary i J\u00f3zefa Wr\u00f3bel<\/p>\n<\/td>\n<\/tr>\n<tr style=\"height: 47px;\">\n<td style=\"height: 47px;\" width=\"71\">\n<p><strong>18.00<\/strong><\/p>\n<\/td>\n<td style=\"height: 47px;\" width=\"515\">\n<p><strong>+ Barbara Oleksiewicz <\/strong>\u2013 greg.<\/p>\n<\/td>\n<\/tr>\n<tr style=\"height: 152px;\">\n<td style=\"height: 204px;\" rowspan=\"2\" width=\"161\">\n<p><strong>\u015aroda<\/strong><\/p>\n<p><strong>28.I.2026<\/strong><\/p>\n<p><strong>&nbsp;<\/strong><strong>Nabo\u017ce\u0144stwo do \u015bw. Joanny Beretty Molla<\/strong><\/p>\n<\/td>\n<td style=\"height: 152px;\" width=\"71\">\n<p><strong>7.00<\/strong><\/p>\n<\/td>\n<td style=\"height: 152px;\" width=\"515\">\n<p><strong>+ Ma\u0142gorzata Szala <\/strong>&#8211; od syna Piotra i od Ewy<br \/>\n<strong>+ Jan Czach <\/strong>&#8211; od Katarzyny i Adama Bomba z rodzin\u0105<br \/>\n<strong>+ Jan Karst <\/strong>&#8211; od Danuty Siciak z rodzin\u0105 z Zaczernia<\/p>\n<\/td>\n<\/tr>\n<tr style=\"height: 52px;\">\n<td style=\"height: 52px;\" width=\"71\">\n<p><strong>18.00<\/strong><\/p>\n<\/td>\n<td style=\"height: 52px;\" width=\"515\">\n<p><strong>+ Barbara Oleksiewicz <\/strong>\u2013 greg.<\/p>\n<\/td>\n<\/tr>\n<tr style=\"height: 137px;\">\n<td style=\"height: 184px;\" rowspan=\"2\" width=\"161\">\n<p><strong>Czwartek<\/strong><\/p>\n<p><strong>29.I.2026<\/strong><\/p>\n<\/td>\n<td style=\"height: 137px;\" width=\"71\">\n<p><strong>7.00<\/strong><\/p>\n<\/td>\n<td style=\"height: 137px;\" width=\"515\">\n<p><strong>+ Jan Czach <\/strong>&#8211; od kole\u017canek c\u00f3rki Agnieszki: Haliny Magdy i Jadzi<br \/>\n<strong>+ Jan Karst <\/strong>&#8211; od Witolda By\u015b<br \/>\n<strong>+ Stanis\u0142aw Bobola <\/strong>&#8211; od Ma\u0142gorzaty i Antoniego Aleta\u0144skich<\/p>\n<\/td>\n<\/tr>\n<tr style=\"height: 47px;\">\n<td style=\"height: 47px;\" width=\"71\">\n<p><strong>18.00<\/strong><\/p>\n<\/td>\n<td style=\"height: 47px;\" width=\"515\">\n<p><strong>+ Barbara Oleksiewicz <\/strong>\u2013 greg.<\/p>\n<\/td>\n<\/tr>\n<tr style=\"height: 137px;\">\n<td style=\"height: 184px;\" rowspan=\"2\" width=\"161\">\n<p><strong>Pi\u0105tek<br \/>\n30.I.2026<\/strong><\/p>\n<\/td>\n<td style=\"height: 137px;\" width=\"71\">\n<p><strong>7.00<\/strong><\/p>\n<\/td>\n<td style=\"height: 137px;\" width=\"515\">\n<p><strong>+ Jan Czach <\/strong>&#8211; od kole\u017canek c\u00f3rki Agnieszki: Haliny Magdy i Jadzi<br \/>\n<strong>+ Jan Karst <\/strong>&#8211; od Aliny z rodzin\u0105<br \/>\n<strong>+ Stanis\u0142aw Bobola <\/strong>&#8211; od Doroty, Agaty, Michaliny, Piotra i J\u00f3zefa<\/p>\n<\/td>\n<\/tr>\n<tr style=\"height: 47px;\">\n<td style=\"height: 47px;\" width=\"71\">\n<p><strong>18.00<\/strong><\/p>\n<\/td>\n<td style=\"height: 47px;\" width=\"515\">\n<p><strong>+ Barbara Oleksiewicz <\/strong>\u2013 zako\u0144czenie greg.<\/p>\n<\/td>\n<\/tr>\n<tr style=\"height: 137px;\">\n<td style=\"height: 184px;\" rowspan=\"2\" width=\"161\">\n<p><strong>Sobota<\/strong><\/p>\n<p><strong>31.I.2026<\/strong><\/p>\n<\/td>\n<td style=\"height: 137px;\" width=\"71\">\n<p><strong>7.00<\/strong><\/p>\n<\/td>\n<td style=\"height: 137px;\" width=\"515\">\n<p><strong>+ Wanda Dudzik <\/strong>\u2013 rozpocz\u0119cie greg.<br \/>\n<strong>+ Antoni P\u0142onka <\/strong>\u2013 w 34 rocznic\u0119 \u015bmierci<br \/>\n<strong>+ Jan Czach <\/strong>&#8211; od Jadwigi i Piotra Domaradzkich z rodzin\u0105<\/p>\n<\/td>\n<\/tr>\n<tr style=\"height: 47px;\">\n<td style=\"height: 47px;\" width=\"71\">\n<p><strong>18.00<\/strong><\/p>\n<\/td>\n<td style=\"height: 47px;\" width=\"515\">\n<p>Dzi\u0119kczynna za otrzymane \u0142aski z pro\u015bb\u0105 o b\u0142ogos\u0142awie\u0144stwo dla syna<\/p>\n<\/td>\n<\/tr>\n<tr style=\"height: 137px;\">\n<td style=\"height: 325px;\" rowspan=\"5\" width=\"161\">\n<p><strong>Niedziela<\/strong><\/p>\n<p><strong>01.II.2026<\/strong><\/p>\n<\/td>\n<td style=\"height: 137px;\" width=\"71\">\n<p><strong>7.00<\/strong><\/p>\n<\/td>\n<td style=\"height: 137px;\" width=\"515\">\n<p>Dzi\u0119kczynna za otrzymane \u0142aski z pro\u015bb\u0105 o Bo\u017ce b\u0142ogos\u0142awie\u0144stwo i opiek\u0119 M.B. Kr\u00f3lowej R\u00f3\u017ca\u0144ca dla Wsp\u00f3lnoty R\u00f3\u017c \u017bywego R\u00f3\u017ca\u0144ca i ich rodzin oraz o nowe powo\u0142ania do wsp\u00f3lnoty<br \/>\n<strong>+ Jan Czach <\/strong>&#8211; od dyrekcji i pracownik\u00f3w Zespo\u0142u Szk\u00f3\u0142 Mechanicznych w Rzeszowie<\/p>\n<\/td>\n<\/tr>\n<tr style=\"height: 47px;\">\n<td style=\"height: 47px;\" width=\"71\">\n<p><strong>9.00<\/strong><\/p>\n<\/td>\n<td style=\"height: 47px;\" width=\"515\">\n<p><strong>+ Wanda Dudzik <\/strong>\u2013 greg.<\/p>\n<\/td>\n<\/tr>\n<tr style=\"height: 47px;\">\n<td style=\"height: 47px;\" width=\"71\">\n<p><strong>10.30<\/strong><\/p>\n<\/td>\n<td style=\"height: 47px;\" width=\"515\">\n<p>W intencji cz\u0142onk\u00f3w R\u00f3\u017cy Matki Bo\u017cej Gromnicznej oraz ich dzieci, wnuk\u00f3w i dzieci chrzestnych<\/p>\n<\/td>\n<\/tr>\n<tr style=\"height: 47px;\">\n<td style=\"height: 47px;\" width=\"71\">\n<p><strong>12.00<\/strong><\/p>\n<\/td>\n<td style=\"height: 47px;\" width=\"515\">\n<p><strong>+ Pawe\u0142 Nowak<\/strong><\/p>\n<\/td>\n<\/tr>\n<tr style=\"height: 47px;\">\n<td style=\"height: 47px;\" width=\"71\">\n<p><strong>17.00<\/strong><\/p>\n<\/td>\n<td style=\"height: 47px;\" width=\"515\">\n<p>O zdrowie, potrzebne \u0142aski i dar zdrowego potomstwa<\/p>\n<\/td>\n<\/tr>\n<\/tbody>\n<\/table>\n","protected":false},"excerpt":{"rendered":"<p>Poniedzia\u0142ek 26.I.2026 7.00 + Jan Czach &#8211; od pracownik\u00f3w c\u00f3rki Agnieszki + Jan Karst &#8211; od Zarz\u0105du Rzeszowskiego Towarzystwa Pomocy Imienia \u015bw. Brata Alberta w Rzeszowie + Stanis\u0142aw Bobola &#8211; od Barbary i J\u00f3zefa Wr\u00f3bel 18.00 + Barbara Oleksiewicz \u2013 greg. Wtorek 27.I.2026 7.00 + Jan Czach &#8211; od pracownik\u00f3w c\u00f3rki Agnieszki + Jan Karst <a class=\"read-more\" href=\"https:\/\/parafiazalesie.org\/index.php\/2026\/01\/22\/intencje-mszalne-26-i-01-ii-2026\/\"><\/p>\n<p>Zobacz wi\u0119cej<\/a><\/p>\n","protected":false},"author":1,"featured_media":111,"comment_status":"closed","ping_status":"closed","sticky":false,"template":"","format":"standard","meta":{"ngg_post_thumbnail":0,"footnotes":""},"categories":[5],"tags":[],"class_list":["post-2384","post","type-post","status-publish","format-standard","has-post-thumbnail","hentry","category-intencje"],"_links":{"self":[{"href":"https:\/\/parafiazalesie.org\/index.php\/wp-json\/wp\/v2\/posts\/2384","targetHints":{"allow":["GET"]}}],"collection":[{"href":"https:\/\/parafiazalesie.org\/index.php\/wp-json\/wp\/v2\/posts"}],"about":[{"href":"https:\/\/parafiazalesie.org\/index.php\/wp-json\/wp\/v2\/types\/post"}],"author":[{"embeddable":true,"href":"https:\/\/parafiazalesie.org\/index.php\/wp-json\/wp\/v2\/users\/1"}],"replies":[{"embeddable":true,"href":"https:\/\/parafiazalesie.org\/index.php\/wp-json\/wp\/v2\/comments?post=2384"}],"version-history":[{"count":1,"href":"https:\/\/parafiazalesie.org\/index.php\/wp-json\/wp\/v2\/posts\/2384\/revisions"}],"predecessor-version":[{"id":2385,"href":"https:\/\/parafiazalesie.org\/index.php\/wp-json\/wp\/v2\/posts\/2384\/revisions\/2385"}],"wp:featuredmedia":[{"embeddable":true,"href":"https:\/\/parafiazalesie.org\/index.php\/wp-json\/wp\/v2\/media\/111"}],"wp:attachment":[{"href":"https:\/\/parafiazalesie.org\/index.php\/wp-json\/wp\/v2\/media?parent=2384"}],"wp:term":[{"taxonomy":"category","embeddable":true,"href":"https:\/\/parafiazalesie.org\/index.php\/wp-json\/wp\/v2\/categories?post=2384"},{"taxonomy":"post_tag","embeddable":true,"href":"https:\/\/parafiazalesie.org\/index.php\/wp-json\/wp\/v2\/tags?post=2384"}],"curies":[{"name":"wp","href":"https:\/\/api.w.org\/{rel}","templated":true}]}}