{"id":2301,"date":"2025-12-12T07:31:06","date_gmt":"2025-12-12T06:31:06","guid":{"rendered":"https:\/\/parafiazalesie.org\/?p=2301"},"modified":"2025-12-10T07:35:16","modified_gmt":"2025-12-10T06:35:16","slug":"intencje-mszalne-15-21-grudnia-2025","status":"publish","type":"post","link":"https:\/\/parafiazalesie.org\/index.php\/2025\/12\/12\/intencje-mszalne-15-21-grudnia-2025\/","title":{"rendered":"INTENCJE  MSZALNE 15 &#8211; 21 GRUDNIA 2025"},"content":{"rendered":"<p>&nbsp;<\/p>\n<table style=\"width: 100%; height: 1139px;\" width=\"747\">\n<tbody>\n<tr style=\"height: 69px;\">\n<td style=\"height: 183px; width: 11.0066%;\" rowspan=\"2\" width=\"146\">\n<p><strong>Poniedzia\u0142ek<br \/>\n<\/strong><strong>15.XII.2025<\/strong><\/p>\n<p><strong>&nbsp;<\/strong><\/p>\n<\/td>\n<td style=\"height: 69px; width: 8.11008%;\" width=\"62\">\n<p><strong>7.00<\/strong><\/p>\n<\/td>\n<td style=\"height: 69px; width: 80.8111%;\" width=\"538\">\n<p>O \u0142ask\u0119 uzdrowienia, si\u0142\u0119 i wytrwa\u0142o\u015b\u0107 dla <strong>Ma\u0142gorzaty <\/strong>i Bo\u017ce b\u0142ogos\u0142awie\u0144stwo dla <strong>rodziny<br \/>\n<\/strong><strong>+ Teresa \u015amiechowska <\/strong>\u2013 greg.<\/p>\n<\/td>\n<\/tr>\n<tr style=\"height: 114px;\">\n<td style=\"height: 114px; width: 8.11008%;\" width=\"62\">\n<p><strong>18.00<\/strong><\/p>\n<\/td>\n<td style=\"height: 114px; width: 80.8111%;\" width=\"538\">\n<p><strong>+ Wirginia Krupa<br \/>\n<\/strong><strong>++ Justyna, Izabela, Franciszka, Micha\u0142, Wojciech<br \/>\n<\/strong><em>Poza parafi\u0105<br \/>\n<\/em><strong><em>+ Jan Krawczyk <\/em><\/strong><em>&#8211; od Kuczmend\u00f3w (Ks. Roman UA)<\/em><\/p>\n<\/td>\n<\/tr>\n<tr style=\"height: 69px;\">\n<td style=\"height: 183px; width: 11.0066%;\" rowspan=\"2\" width=\"146\">\n<p><strong>Wtorek<br \/>\n<\/strong><strong>16.XII.2025<\/strong><\/p>\n<p>&nbsp;<\/p>\n<\/td>\n<td style=\"height: 69px; width: 8.11008%;\" width=\"62\">\n<p><strong>7.00<\/strong><\/p>\n<\/td>\n<td style=\"height: 69px; width: 80.8111%;\" width=\"538\">\n<p><strong>+ Teresa \u015amiechowska <\/strong>\u2013 greg.<br \/>\nO \u0142ask\u0119 wiary dla <strong>Macieja<\/strong>, potrzebne \u0142aski i opiek\u0119 Matki Bo\u017cej Zaleskiej<\/p>\n<\/td>\n<\/tr>\n<tr style=\"height: 114px;\">\n<td style=\"height: 114px; width: 8.11008%;\" width=\"62\">\n<p><strong>18.00<\/strong><\/p>\n<\/td>\n<td style=\"height: 114px; width: 80.8111%;\" width=\"538\">\n<p>O Bo\u017ce b\u0142ogos\u0142awie\u0144stwo, uzdrowienie duszy i cia\u0142a dla <strong>Zuzanny Krupa<\/strong> oraz o Bo\u017ce b\u0142ogos\u0142awie\u0144stwo dla <strong>Genowefy<br \/>\n<\/strong><strong>+ + Stefania, Maria, Aniela, Boles\u0142aw, Andrzej, Ludwik Marcin, Jan<br \/>\n<\/strong><em>Poza parafi\u0105<br \/>\n<\/em><strong><em>+ Jan Krawczyk <\/em><\/strong><em>&#8211; od rodziny Kanas\u00f3w (Ks. Roman UA)<\/em><\/p>\n<\/td>\n<\/tr>\n<tr style=\"height: 69px;\">\n<td style=\"height: 161px; width: 11.0066%;\" rowspan=\"2\" width=\"146\">\n<p><strong>\u015aroda<br \/>\n<\/strong><strong>17.XII.2025<\/strong><\/p>\n<\/td>\n<td style=\"height: 69px; width: 8.11008%;\" width=\"62\">\n<p><strong>7.00<\/strong><\/p>\n<\/td>\n<td style=\"height: 69px; width: 80.8111%;\" width=\"538\">\n<p><strong>+ Teresa \u015amiechowska <\/strong>\u2013 greg.<br \/>\n<strong>+ Joanna Rejman &#8211; <\/strong>od Krystyny Firlit<\/p>\n<\/td>\n<\/tr>\n<tr style=\"height: 92px;\">\n<td style=\"height: 92px; width: 8.11008%;\" width=\"62\">\n<p><strong>18.00<\/strong><\/p>\n<\/td>\n<td style=\"height: 92px; width: 80.8111%;\" width=\"538\">\n<p>Dzi\u0119kczynna za otrzymane w minionym roku \u0142aski, z pro\u015bb\u0105 o Bo\u017ce b\u0142ogos\u0142awie\u0144stwo i opiek\u0119 M.B. R\u00f3\u017ca\u0144cowej na rok nast\u0119pny, dla <strong>si\u00f3str z R\u00f3\u017cy b\u0142og. El\u017cbiety R\u00f3\u017cy Czackiej<\/strong> i ich <strong>rodzin<br \/>\n<\/strong><strong>+ Jan Czach <\/strong>&#8211; od rodziny Cyrek<\/p>\n<\/td>\n<\/tr>\n<tr style=\"height: 69px;\">\n<td style=\"height: 138px; width: 11.0066%;\" rowspan=\"2\" width=\"146\">\n<p><strong>Czwartek<br \/>\n<\/strong><strong>18.XII.2025<\/strong><\/p>\n<\/td>\n<td style=\"height: 69px; width: 8.11008%;\" width=\"62\">\n<p><strong>7.00<\/strong><\/p>\n<\/td>\n<td style=\"height: 69px; width: 80.8111%;\" width=\"538\">\n<p><strong>+ Teresa \u015amiechowska <\/strong>\u2013 greg.<br \/>\n<strong>+ Joanna Rejman <\/strong>&#8211; od Janusza i Ma\u0142gorzaty Pa\u0142ka<\/p>\n<\/td>\n<\/tr>\n<tr style=\"height: 69px;\">\n<td style=\"height: 69px; width: 8.11008%;\" width=\"62\">\n<p><strong>18.00<\/strong><\/p>\n<\/td>\n<td style=\"height: 69px; width: 80.8111%;\" width=\"538\">\n<p><strong>+ + Gabriela &#8211; <\/strong>w 5 rocznic\u0119 \u015bmierci i<strong> Stanis\u0142aw<br \/>\n<\/strong><strong>+ Jan Czach <\/strong>&#8211; od rodziny Cyrek<\/p>\n<\/td>\n<\/tr>\n<tr style=\"height: 69px;\">\n<td style=\"height: 116px; width: 11.0066%;\" rowspan=\"2\" width=\"146\">\n<p><strong>Pi\u0105tek<br \/>\n19.XII.2025<\/strong><\/p>\n<\/td>\n<td style=\"height: 69px; width: 8.11008%;\" width=\"62\">\n<p><strong>7.00<\/strong><\/p>\n<\/td>\n<td style=\"height: 69px; width: 80.8111%;\" width=\"538\">\n<p><strong>+ Teresa \u015amiechowska <\/strong>\u2013 greg.<br \/>\n<strong>+ Joanna Rejman &#8211; <\/strong>od Mariusza i Bronis\u0142awy<\/p>\n<\/td>\n<\/tr>\n<tr style=\"height: 47px;\">\n<td style=\"height: 47px; width: 8.11008%;\" width=\"62\">\n<p><strong>18.00<\/strong><\/p>\n<\/td>\n<td style=\"height: 47px; width: 80.8111%;\" width=\"538\">\n<p><strong>+ Stanis\u0142aw <\/strong>&#8211; w 23 rocznic\u0119 \u015bmierci<\/p>\n<\/td>\n<\/tr>\n<tr style=\"height: 69px;\">\n<td style=\"height: 138px; width: 11.0066%;\" rowspan=\"2\" width=\"146\">\n<p><strong>Sobota<br \/>\n<\/strong><strong>20.XII.2025<\/strong><\/p>\n<\/td>\n<td style=\"height: 69px; width: 8.11008%;\" width=\"62\">\n<p><strong>7.00<\/strong><\/p>\n<\/td>\n<td style=\"height: 69px; width: 80.8111%;\" width=\"538\">\n<p><strong>+ Teresa \u015amiechowska <\/strong>\u2013 greg.<br \/>\n<strong>+ Joanna Rejman <\/strong>&#8211; od Mariusza Matwija z rodzin\u0105<\/p>\n<\/td>\n<\/tr>\n<tr style=\"height: 69px;\">\n<td style=\"height: 69px; width: 8.11008%;\" width=\"62\">\n<p><strong>18.00<\/strong><\/p>\n<\/td>\n<td style=\"height: 69px; width: 80.8111%;\" width=\"538\">\n<p><strong>++ Zofia <\/strong>&#8211; w 10 rocznic\u0119 \u015bmierci i<strong> za zmar\u0142ych z rodziny<br \/>\n<\/strong><strong>+ Jan Czach <\/strong>&#8211; od Stanis\u0142awy i Stanis\u0142awa Peszko<\/p>\n<\/td>\n<\/tr>\n<tr style=\"height: 69px;\">\n<td style=\"height: 220px; width: 11.0066%;\" rowspan=\"5\" width=\"146\">\n<p><strong>Niedziela<br \/>\n<\/strong><strong>21.XII.2025<\/strong><\/p>\n<\/td>\n<td style=\"height: 69px; width: 8.11008%;\" width=\"62\">\n<p><strong>7.00<\/strong><\/p>\n<\/td>\n<td style=\"height: 69px; width: 80.8111%;\" width=\"538\">\n<p>Dzi\u0119kczynna w 100 urodziny <strong>W\u0142adys\u0142awy<\/strong>, o Bo\u017ce b\u0142ogos\u0142awie\u0144stwo i opiek\u0119 Matki Bo\u017cej na dalsze lata<br \/>\n<strong>Za Parafian<\/strong><\/p>\n<\/td>\n<\/tr>\n<tr style=\"height: 47px;\">\n<td style=\"height: 47px; width: 8.11008%;\" width=\"62\">\n<p><strong>9.00<\/strong><\/p>\n<\/td>\n<td style=\"height: 47px; width: 80.8111%;\" width=\"538\">\n<p><strong>+ + Zbigniew, Bogdan Rak<\/strong><\/p>\n<\/td>\n<\/tr>\n<tr style=\"height: 10px;\">\n<td style=\"height: 10px; width: 8.11008%;\" width=\"62\">\n<p><strong>10.30<\/strong><\/p>\n<\/td>\n<td style=\"height: 10px; width: 80.8111%;\" width=\"538\">\n<p>Dzi\u0119kczynna za dar \u017cycia w rocznic\u0119 urodzin <strong>Katarzyny Aleksandry i Patrycji<\/strong> z pro\u015bb\u0105 o Bo\u017ce b\u0142ogos\u0142awie\u0144stwo zdrowie i opiek\u0119 Matki Bo\u017cej na dalsze lata \u017cycia<\/p>\n<\/td>\n<\/tr>\n<tr style=\"height: 47px;\">\n<td style=\"height: 47px; width: 8.11008%;\" width=\"62\">\n<p><strong>12.00<\/strong><\/p>\n<\/td>\n<td style=\"height: 47px; width: 80.8111%;\" width=\"538\">\n<p><strong>+ Teresa \u015amiechowska <\/strong>\u2013 greg.<\/p>\n<\/td>\n<\/tr>\n<tr style=\"height: 47px;\">\n<td style=\"height: 47px; width: 8.11008%;\" width=\"62\">\n<p><strong>17.00<\/strong><\/p>\n<\/td>\n<td style=\"height: 47px; width: 80.8111%;\" width=\"538\">\n<p>W 15 urodziny <strong>Tymoteusza<\/strong>, z pro\u015bb\u0105 o b\u0142ogos\u0142awie\u0144stwo Bo\u017ce i opiek\u0119 Matki Bo\u017cej<\/p>\n<\/td>\n<\/tr>\n<\/tbody>\n<\/table>\n","protected":false},"excerpt":{"rendered":"<p>&nbsp; Poniedzia\u0142ek 15.XII.2025 &nbsp; 7.00 O \u0142ask\u0119 uzdrowienia, si\u0142\u0119 i wytrwa\u0142o\u015b\u0107 dla Ma\u0142gorzaty i Bo\u017ce b\u0142ogos\u0142awie\u0144stwo dla rodziny + Teresa \u015amiechowska \u2013 greg. 18.00 + Wirginia Krupa ++ Justyna, Izabela, Franciszka, Micha\u0142, Wojciech Poza parafi\u0105 + Jan Krawczyk &#8211; od Kuczmend\u00f3w (Ks. Roman UA) Wtorek 16.XII.2025 &nbsp; 7.00 + Teresa \u015amiechowska \u2013 greg. O \u0142ask\u0119 <a class=\"read-more\" href=\"https:\/\/parafiazalesie.org\/index.php\/2025\/12\/12\/intencje-mszalne-15-21-grudnia-2025\/\"><\/p>\n<p>Zobacz wi\u0119cej<\/a><\/p>\n","protected":false},"author":1,"featured_media":111,"comment_status":"closed","ping_status":"closed","sticky":false,"template":"","format":"standard","meta":{"ngg_post_thumbnail":0,"footnotes":""},"categories":[5],"tags":[],"class_list":["post-2301","post","type-post","status-publish","format-standard","has-post-thumbnail","hentry","category-intencje"],"_links":{"self":[{"href":"https:\/\/parafiazalesie.org\/index.php\/wp-json\/wp\/v2\/posts\/2301","targetHints":{"allow":["GET"]}}],"collection":[{"href":"https:\/\/parafiazalesie.org\/index.php\/wp-json\/wp\/v2\/posts"}],"about":[{"href":"https:\/\/parafiazalesie.org\/index.php\/wp-json\/wp\/v2\/types\/post"}],"author":[{"embeddable":true,"href":"https:\/\/parafiazalesie.org\/index.php\/wp-json\/wp\/v2\/users\/1"}],"replies":[{"embeddable":true,"href":"https:\/\/parafiazalesie.org\/index.php\/wp-json\/wp\/v2\/comments?post=2301"}],"version-history":[{"count":4,"href":"https:\/\/parafiazalesie.org\/index.php\/wp-json\/wp\/v2\/posts\/2301\/revisions"}],"predecessor-version":[{"id":2305,"href":"https:\/\/parafiazalesie.org\/index.php\/wp-json\/wp\/v2\/posts\/2301\/revisions\/2305"}],"wp:featuredmedia":[{"embeddable":true,"href":"https:\/\/parafiazalesie.org\/index.php\/wp-json\/wp\/v2\/media\/111"}],"wp:attachment":[{"href":"https:\/\/parafiazalesie.org\/index.php\/wp-json\/wp\/v2\/media?parent=2301"}],"wp:term":[{"taxonomy":"category","embeddable":true,"href":"https:\/\/parafiazalesie.org\/index.php\/wp-json\/wp\/v2\/categories?post=2301"},{"taxonomy":"post_tag","embeddable":true,"href":"https:\/\/parafiazalesie.org\/index.php\/wp-json\/wp\/v2\/tags?post=2301"}],"curies":[{"name":"wp","href":"https:\/\/api.w.org\/{rel}","templated":true}]}}