{"id":2297,"date":"2025-12-08T06:24:51","date_gmt":"2025-12-08T05:24:51","guid":{"rendered":"https:\/\/parafiazalesie.org\/?p=2297"},"modified":"2025-12-08T06:34:24","modified_gmt":"2025-12-08T05:34:24","slug":"8-grudnia-uroczystosc-niepokalanego-poczecia-nmp","status":"publish","type":"post","link":"https:\/\/parafiazalesie.org\/index.php\/2025\/12\/08\/8-grudnia-uroczystosc-niepokalanego-poczecia-nmp\/","title":{"rendered":"8 grudnia &#8211; Uroczysto\u015b\u0107 Niepokalanego Pocz\u0119cia NMP"},"content":{"rendered":"<p>Msze \u015awi\u0119te: 7:00, 9:00 oraz 18:00<\/p>\n<p>Godzina \u0141aski 12:00 &#8211; 13:00<\/p>\n<p><!--more--><\/p>\n<p><img loading=\"lazy\" decoding=\"async\" class=\"alignnone wp-image-2298 size-full\" src=\"https:\/\/parafiazalesie.org\/wp-content\/uploads\/2025\/12\/NPNMP.jpg\" alt=\"\" width=\"1440\" height=\"1141\" srcset=\"https:\/\/parafiazalesie.org\/wp-content\/uploads\/2025\/12\/NPNMP.jpg 1440w, https:\/\/parafiazalesie.org\/wp-content\/uploads\/2025\/12\/NPNMP-300x238.jpg 300w, https:\/\/parafiazalesie.org\/wp-content\/uploads\/2025\/12\/NPNMP-1024x811.jpg 1024w, https:\/\/parafiazalesie.org\/wp-content\/uploads\/2025\/12\/NPNMP-768x609.jpg 768w\" sizes=\"auto, (max-width: 1440px) 100vw, 1440px\" \/><\/p>\n","protected":false},"excerpt":{"rendered":"<p>Msze \u015awi\u0119te: 7:00, 9:00 oraz 18:00 Godzina \u0141aski 12:00 &#8211; 13:00<\/p>\n","protected":false},"author":1,"featured_media":2298,"comment_status":"closed","ping_status":"closed","sticky":false,"template":"","format":"standard","meta":{"ngg_post_thumbnail":0,"footnotes":""},"categories":[6],"tags":[],"class_list":["post-2297","post","type-post","status-publish","format-standard","has-post-thumbnail","hentry","category-aktualnosci"],"_links":{"self":[{"href":"https:\/\/parafiazalesie.org\/index.php\/wp-json\/wp\/v2\/posts\/2297","targetHints":{"allow":["GET"]}}],"collection":[{"href":"https:\/\/parafiazalesie.org\/index.php\/wp-json\/wp\/v2\/posts"}],"about":[{"href":"https:\/\/parafiazalesie.org\/index.php\/wp-json\/wp\/v2\/types\/post"}],"author":[{"embeddable":true,"href":"https:\/\/parafiazalesie.org\/index.php\/wp-json\/wp\/v2\/users\/1"}],"replies":[{"embeddable":true,"href":"https:\/\/parafiazalesie.org\/index.php\/wp-json\/wp\/v2\/comments?post=2297"}],"version-history":[{"count":2,"href":"https:\/\/parafiazalesie.org\/index.php\/wp-json\/wp\/v2\/posts\/2297\/revisions"}],"predecessor-version":[{"id":2300,"href":"https:\/\/parafiazalesie.org\/index.php\/wp-json\/wp\/v2\/posts\/2297\/revisions\/2300"}],"wp:featuredmedia":[{"embeddable":true,"href":"https:\/\/parafiazalesie.org\/index.php\/wp-json\/wp\/v2\/media\/2298"}],"wp:attachment":[{"href":"https:\/\/parafiazalesie.org\/index.php\/wp-json\/wp\/v2\/media?parent=2297"}],"wp:term":[{"taxonomy":"category","embeddable":true,"href":"https:\/\/parafiazalesie.org\/index.php\/wp-json\/wp\/v2\/categories?post=2297"},{"taxonomy":"post_tag","embeddable":true,"href":"https:\/\/parafiazalesie.org\/index.php\/wp-json\/wp\/v2\/tags?post=2297"}],"curies":[{"name":"wp","href":"https:\/\/api.w.org\/{rel}","templated":true}]}}