{"id":2284,"date":"2025-12-06T08:21:59","date_gmt":"2025-12-06T07:21:59","guid":{"rendered":"https:\/\/parafiazalesie.org\/?p=2284"},"modified":"2025-12-03T09:40:35","modified_gmt":"2025-12-03T08:40:35","slug":"ogloszenia-ii-niedziela-adwentu-07-12-2025-r","status":"publish","type":"post","link":"https:\/\/parafiazalesie.org\/index.php\/2025\/12\/06\/ogloszenia-ii-niedziela-adwentu-07-12-2025-r\/","title":{"rendered":"OG\u0141OSZENIA II Niedziela Adwentu 07.12.2025 r."},"content":{"rendered":"<ol>\n<li>Zapraszamy do brania udzia\u0142u w Mszach \u015bw. roratnich. Zmobilizujmy si\u0119 do wi\u0119kszej gorliwo\u015bci.<\/li>\n<li><strong>Dzi\u015b<\/strong>:\n<ul>\n<li>prze\u017cywamy Dzie\u0144 Modlitwy i Pomocy Materialnej Ko\u015bcio\u0142owi na Wschodzie. Pami\u0119tajmy w modlitwie o naszych misjonarzach i podejmowanych przez nich dzie\u0142ach. Po Mszy \u015bw. zbi\u00f3rka do puszek wspieraj\u0105ca Ko\u015bci\u00f3\u0142 na Wschodzie,<\/li>\n<li>b\u0142ogos\u0142awie\u0144stwo op\u0142atk\u00f3w na st\u00f3\u0142 wigilijny. Mo\u017cna je b\u0119dzie sobie zabra\u0107 sprzed o\u0142tarza. Je\u015bli kto\u015b chcia\u0142by z tej okazji z\u0142o\u017cy\u0107 ofiar\u0119 sk\u0142adajmy w kopercie na tac\u0119 z dopiskiem &#8211; &#8222;op\u0142atek&#8221;.<\/li>\n<\/ul>\n<\/li>\n<li><strong>W poniedzia\u0142ek<\/strong> 8 grudnia:\n<ul>\n<li>Uroczysto\u015b\u0107 Niepokalanego Pocz\u0119cia Naj\u015bwi\u0119tszej Maryi Panny. Msze \u015bw. w naszej parafii o godz. 7:00; 9:00 i po po\u0142udniu o godz. 18:00,<\/li>\n<li>o godz. 12:00 w tzw. \u201eGodzinie \u0141aski\u201d mo\u017cemy z wiar\u0105 oczekiwa\u0107 specjalnych \u0142ask dla duszy i cia\u0142a, kt\u00f3re Maryja obieca\u0142a tym, kt\u00f3rzy zgromadz\u0105 si\u0119 w tej godzinie na modlitwie,<\/li>\n<li>o godz. 18:45 ostatnie ju\u017c spotkanie w ramach rekolekcji Maryjnych. Serdecznie zapraszamy.<\/li>\n<\/ul>\n<\/li>\n<li><strong>We wtorek<\/strong> 9 grudnia:\n<ul>\n<li>na Msz\u0119 \u015bw. wieczorn\u0105 zapraszamy wszystkie dzieci przygotowuj\u0105ce si\u0119 do Pierwszej Komunii \u015awi\u0119tej. W jej trakcie otrzymaj\u0105 po\u015bwi\u0119cone medaliki Niepokalanej.<\/li>\n<\/ul>\n<\/li>\n<li><strong>W \u015brod\u0119 10<\/strong> grudnia:\n<ul>\n<li>po Mszy \u015bw. Nowenna do Matki Bo\u017cej Nieustaj\u0105cej Pomocy, Pani Zaleskiej,<\/li>\n<li>po Nowennie adoracja Naj\u015bwi\u0119tszego Sakramentu do godz. 20:00.<\/li>\n<\/ul>\n<\/li>\n<li><strong><span class=\"a_GcMg font-feature-liga-off font-feature-clig-off font-feature-calt-off text-decoration-none text-strikethrough-none\">W czwarte<\/span><\/strong><span class=\"a_GcMg font-feature-liga-off font-feature-clig-off font-feature-calt-off text-decoration-none text-strikethrough-none\"><strong>k<\/strong> 11 grudnia:<\/span>\n<ul>\n<li><span class=\"a_GcMg font-feature-liga-off font-feature-clig-off font-feature-calt-off text-decoration-none text-strikethrough-none\">po Mszy \u015bw. wieczornej wraz z nowo powsta\u0142\u0105 Wsp\u00f3lnot\u0105 Uwielbieniow\u0105 zapraszamy na pierwszy z serii <strong>comiesi\u0119cznych czuwa\u0144 modlitewnych<\/strong>.<\/span><\/li>\n<\/ul>\n<\/li>\n<li><strong>W pi\u0105tek<\/strong> 12 grudnia:\n<ul>\n<li>od godz. 17:00 do 18:00 adoracja Naj\u015bwi\u0119tszego Sakramentu.<\/li>\n<\/ul>\n<\/li>\n<li><strong>W sobot\u0119<\/strong> 13 grudnia:\n<ul>\n<li>wspomnienie \u015bw. \u0141ucji, dziewicy i m\u0119czennicy.<\/li>\n<\/ul>\n<\/li>\n<li><strong>W niedziel\u0119<\/strong> 14 grudnia:\n<ul>\n<li>III Niedziel\u0119 Adwentu prze\u017cywa\u0107 b\u0119dziemy jako niedziel\u0119 \u201eGaudete\u201d czyli niedziel\u0119 rado\u015bci,<\/li>\n<li>R\u00f3\u017caniec poprowadzi R\u00f3\u017ca \u015bw. Faustyny Kowalskiej,<\/li>\n<li>sk\u0142adka przeznaczona b\u0119dzie na nowe \u0142awki do naszego ko\u015bcio\u0142a. Za ofiary z\u0142o\u017cone w ubieg\u0142ym miesi\u0105cu sk\u0142adamy serdeczne B\u00f3g zap\u0142a\u0107.<\/li>\n<\/ul>\n<\/li>\n<li>Zach\u0119camy do czytania i rozwa\u017cania S\u0142owa Bo\u017cego, ksi\u0105\u017cek religijnych i nowej prasy katolickiej dost\u0119pnej pod ch\u00f3rem.<\/li>\n<\/ol>\n<p>\n<strong>SPOTKANIA:<\/strong><\/p>\n<ul>\n<li>Kandydaci do bierzmowania \u2013 wtorek (druga grupa); czwartek (pierwsza grupa) \u2013 udzia\u0142 we Mszy \u015bw. a po niej katecheza<\/li>\n<li>Ch\u00f3r \u201eCredo\u201d \u2013 wtorek 18:00<\/li>\n<li>Wsp\u00f3lnota Doros\u0142ych \u2013 wtorek po Mszy \u015bw. (w Domu Parafialnym)<\/li>\n<li>LSO \u2013 \u015broda po Mszy \u015bw.<\/li>\n<li>Ruch \u015awiat\u0142o &#8211; \u017bycie \u2013 pi\u0105tek po Mszy \u015bw.<\/li>\n<\/ul>\n","protected":false},"excerpt":{"rendered":"<p>Zapraszamy do brania udzia\u0142u w Mszach \u015bw. roratnich. Zmobilizujmy si\u0119 do wi\u0119kszej gorliwo\u015bci. Dzi\u015b: prze\u017cywamy Dzie\u0144 Modlitwy i Pomocy Materialnej Ko\u015bcio\u0142owi na Wschodzie. Pami\u0119tajmy w modlitwie o naszych misjonarzach i podejmowanych przez nich dzie\u0142ach. Po Mszy \u015bw. zbi\u00f3rka do puszek wspieraj\u0105ca Ko\u015bci\u00f3\u0142 na Wschodzie, b\u0142ogos\u0142awie\u0144stwo op\u0142atk\u00f3w na st\u00f3\u0142 wigilijny. Mo\u017cna je b\u0119dzie sobie zabra\u0107 sprzed <a class=\"read-more\" href=\"https:\/\/parafiazalesie.org\/index.php\/2025\/12\/06\/ogloszenia-ii-niedziela-adwentu-07-12-2025-r\/\"><\/p>\n<p>Zobacz wi\u0119cej<\/a><\/p>\n","protected":false},"author":1,"featured_media":2285,"comment_status":"closed","ping_status":"closed","sticky":false,"template":"","format":"standard","meta":{"ngg_post_thumbnail":0,"footnotes":""},"categories":[3],"tags":[],"class_list":["post-2284","post","type-post","status-publish","format-standard","has-post-thumbnail","hentry","category-ogloszenia"],"_links":{"self":[{"href":"https:\/\/parafiazalesie.org\/index.php\/wp-json\/wp\/v2\/posts\/2284","targetHints":{"allow":["GET"]}}],"collection":[{"href":"https:\/\/parafiazalesie.org\/index.php\/wp-json\/wp\/v2\/posts"}],"about":[{"href":"https:\/\/parafiazalesie.org\/index.php\/wp-json\/wp\/v2\/types\/post"}],"author":[{"embeddable":true,"href":"https:\/\/parafiazalesie.org\/index.php\/wp-json\/wp\/v2\/users\/1"}],"replies":[{"embeddable":true,"href":"https:\/\/parafiazalesie.org\/index.php\/wp-json\/wp\/v2\/comments?post=2284"}],"version-history":[{"count":2,"href":"https:\/\/parafiazalesie.org\/index.php\/wp-json\/wp\/v2\/posts\/2284\/revisions"}],"predecessor-version":[{"id":2291,"href":"https:\/\/parafiazalesie.org\/index.php\/wp-json\/wp\/v2\/posts\/2284\/revisions\/2291"}],"wp:featuredmedia":[{"embeddable":true,"href":"https:\/\/parafiazalesie.org\/index.php\/wp-json\/wp\/v2\/media\/2285"}],"wp:attachment":[{"href":"https:\/\/parafiazalesie.org\/index.php\/wp-json\/wp\/v2\/media?parent=2284"}],"wp:term":[{"taxonomy":"category","embeddable":true,"href":"https:\/\/parafiazalesie.org\/index.php\/wp-json\/wp\/v2\/categories?post=2284"},{"taxonomy":"post_tag","embeddable":true,"href":"https:\/\/parafiazalesie.org\/index.php\/wp-json\/wp\/v2\/tags?post=2284"}],"curies":[{"name":"wp","href":"https:\/\/api.w.org\/{rel}","templated":true}]}}