{"id":2282,"date":"2025-12-06T08:15:29","date_gmt":"2025-12-06T07:15:29","guid":{"rendered":"https:\/\/parafiazalesie.org\/?p=2282"},"modified":"2025-12-03T08:21:38","modified_gmt":"2025-12-03T07:21:38","slug":"intencje-mszalne-08-14-grudnia-2025","status":"publish","type":"post","link":"https:\/\/parafiazalesie.org\/index.php\/2025\/12\/06\/intencje-mszalne-08-14-grudnia-2025\/","title":{"rendered":"INTENCJE  MSZALNE     08 &#8211; 14 GRUDNIA 2025"},"content":{"rendered":"<table style=\"width: 100%; height: 940px;\">\n<tbody>\n<tr style=\"height: 40px;\">\n<td style=\"height: 71px;\" rowspan=\"3\">\n<p align=\"center\">Poniedzia\u0142ek<\/p>\n<p align=\"center\">08.XII.2025<\/p>\n<p align=\"center\">Niepokalane Pocz\u0119cie Naj\u015bwi\u0119tszej Maryi Panny<\/p>\n<\/td>\n<td style=\"height: 40px;\">\n<p align=\"center\">7.00<\/p>\n<\/td>\n<td style=\"height: 40px;\">\n<p align=\"left\">+ Krystyna Zieli\u0144ska<br \/>\n+ Joanna Rejman &#8211; od \u0141ukasza Markowicz z rodzin\u0105<\/p>\n<\/td>\n<\/tr>\n<tr style=\"height: 10px;\">\n<td style=\"height: 10px;\">\n<p align=\"left\">9.00<\/p>\n<\/td>\n<td style=\"height: 10px;\">\n<p align=\"left\">+ Jan Czach &#8211; od syna Bogdana z rodzin\u0105<\/p>\n<\/td>\n<\/tr>\n<tr style=\"height: 21px;\">\n<td style=\"height: 21px;\">\n<p align=\"center\">18.00<\/p>\n<\/td>\n<td style=\"height: 21px;\">\n<p align=\"left\">+ Teresa \u015amiechowska \u2013 greg.<br \/>\nO Bo\u017ce b\u0142ogos\u0142awie\u0144stwo i potrzebne \u0142aski dla Kr\u0119gu Domowego Ko\u015bcio\u0142a \u015bw. Joanny Beretty Molli<\/p>\n<\/td>\n<\/tr>\n<tr style=\"height: 10px;\">\n<td style=\"height: 55px;\" rowspan=\"2\">\n<p align=\"center\">Wtorek<\/p>\n<p align=\"center\">09.XII.2025<\/p>\n<\/td>\n<td style=\"height: 10px;\">\n<p align=\"center\">7.00<\/p>\n<\/td>\n<td style=\"height: 10px;\">\n<p align=\"left\">+ Aleksander Urban<br \/>\n+ Joanna Rejman &#8211; od Anety Pa\u0144czak z rodzin\u0105<\/p>\n<\/td>\n<\/tr>\n<tr style=\"height: 45px;\">\n<td style=\"height: 45px;\">\n<p align=\"center\">18.00<\/p>\n<\/td>\n<td style=\"height: 45px;\">\n<p align=\"left\">O Bo\u017ce b\u0142ogos\u0142awie\u0144stwo dla Beaty i Wojciecha<br \/>\n+ Teresa \u015amiechowska \u2013 greg.<br \/>\n<em>Poza parafi\u0105<\/em><br \/>\n+ Jan Krawczyk &#8211; od kuzynki Teresy (Ks. Roman UA)<\/p>\n<\/td>\n<\/tr>\n<tr style=\"height: 10px;\">\n<td style=\"height: 124px;\" rowspan=\"2\">\n<p align=\"center\">\u015aroda<\/p>\n<p align=\"center\">10.XII.2025<\/p>\n<\/td>\n<td style=\"height: 10px;\">\n<p align=\"center\">7.00<\/p>\n<\/td>\n<td style=\"height: 10px;\">\n<p align=\"left\">+ Joanna Rejman &#8211; od Olgi Chmielowskiej z rodzin\u0105<br \/>\n+ Jan Czach \u2013 od c\u00f3rki Agnieszki z rodzin\u0105<\/p>\n<\/td>\n<\/tr>\n<tr style=\"height: 114px;\">\n<td style=\"height: 114px;\">\n<p align=\"center\">18.00<\/p>\n<\/td>\n<td style=\"height: 114px;\">\n<p align=\"left\">+ Teresa \u015amiechowska \u2013 greg.<br \/>\n+ + Stanis\u0142awa, W\u0142adys\u0142aw, Stanis\u0142aw<br \/>\n<em>Poza parafi\u0105<br \/>\n<\/em>+ Jan Krawczyk &#8211; od Doroty i Kazimierza z Zaczernia (Ks. Roman UA)<\/p>\n<\/td>\n<\/tr>\n<tr style=\"height: 69px;\">\n<td style=\"height: 205px;\" rowspan=\"2\">\n<p align=\"center\">Czwartek<\/p>\n<p align=\"center\">11.XII.2025<\/p>\n<\/td>\n<td style=\"height: 69px;\">\n<p align=\"center\">7.00<\/p>\n<\/td>\n<td style=\"height: 69px;\">\n<p align=\"left\">+ Krystyna<br \/>\n+ Joanna Rejman &#8211; od Marii Pa\u0144czak<\/p>\n<\/td>\n<\/tr>\n<tr style=\"height: 136px;\">\n<td style=\"height: 136px;\">\n<p align=\"center\">18.00<\/p>\n<\/td>\n<td style=\"height: 136px;\">\n<p align=\"left\">Za Ojczyzn\u0119. O duchowe, moralne, patriotyczne przebudzenie narodu polskiego &#8211; z intencji Akcji Katolickiej<br \/>\n+ Teresa \u015amiechowska \u2013 greg.<br \/>\n<em>Poza parafi\u0105<br \/>\n<\/em>+ Jan Krawczyk &#8211; od Bogus\u0142awa Kyc z rodzin\u0105 (Ks. Roman UA)<\/p>\n<\/td>\n<\/tr>\n<tr style=\"height: 69px;\">\n<td style=\"height: 138px;\" rowspan=\"2\">\n<p align=\"center\">Pi\u0105tek<br \/>\n12.XII.2025<\/p>\n<\/td>\n<td style=\"height: 69px;\">\n<p align=\"center\">7.00<\/p>\n<\/td>\n<td style=\"height: 69px;\">\n<p align=\"left\">+ Joanna Rejman &#8211; od S\u0142awomira Kura z rodzin\u0105<br \/>\n+ Jan Czach &#8211; od Teresy i Jana Magryta<\/p>\n<\/td>\n<\/tr>\n<tr style=\"height: 69px;\">\n<td style=\"height: 69px;\">\n<p align=\"center\">18.00<\/p>\n<\/td>\n<td style=\"height: 69px;\">\n<p align=\"left\">+ Teresa \u015amiechowska \u2013 greg.<br \/>\n+ Emilia Krupa<\/p>\n<\/td>\n<\/tr>\n<tr style=\"height: 69px;\">\n<td style=\"height: 160px;\" rowspan=\"2\">\n<p align=\"center\">Sobota<\/p>\n<p align=\"center\">13.XII.2025<\/p>\n<\/td>\n<td style=\"height: 69px;\">\n<p align=\"center\">7.00<\/p>\n<\/td>\n<td style=\"height: 69px;\">\n<p align=\"left\">O Bo\u017ce b\u0142ogos\u0142awie\u0144stwo i potrzebne \u0142aski dla rodziny Sumar\u00f3w<br \/>\n+ Anna Baran (z domu Kr\u00f3l) w 4 rocznic\u0119 \u015bmierci<\/p>\n<\/td>\n<\/tr>\n<tr style=\"height: 91px;\">\n<td style=\"height: 91px;\">\n<p align=\"center\">18.00<\/p>\n<\/td>\n<td style=\"height: 91px;\">\n<p align=\"left\">O Bo\u017ce b\u0142ogos\u0142awie\u0144stwo dla Cz\u0142onk\u00f3w Apostolstwa Dobrej \u015amierci i rado\u015b\u0107 \u017cycia wiecznego dla zmar\u0142ych cz\u0142onk\u00f3w <br \/>\n+ Teresa \u015amiechowska \u2013 greg.<\/p>\n<\/td>\n<\/tr>\n<tr style=\"height: 69px;\">\n<td style=\"height: 187px;\" rowspan=\"5\">\n<p align=\"center\">Niedziela<\/p>\n<p align=\"center\">14.XII.2025<\/p>\n<\/td>\n<td style=\"height: 69px;\">\n<p align=\"center\">7.00<\/p>\n<\/td>\n<td style=\"height: 69px;\">\n<p align=\"left\">+ + Maria, Antoni Stebniccy &#8211; w rocznice \u015bmierci<br \/>\n+ Joanna Rejman &#8211; od rodziny Szczepanik\u00f3w<\/p>\n<\/td>\n<\/tr>\n<tr style=\"height: 46px;\">\n<td style=\"height: 46px;\">\n<p align=\"center\">9.00<\/p>\n<\/td>\n<td style=\"height: 46px;\">\n<p align=\"left\">+ + Aniela, Jan i Zmarli z rodziny<\/p>\n<\/td>\n<\/tr>\n<tr style=\"height: 46px;\">\n<td style=\"height: 46px;\">\n<p align=\"center\">10.30<\/p>\n<\/td>\n<td style=\"height: 46px;\">\n<p align=\"left\">+ Teresa \u015amiechowska \u2013 greg.<\/p>\n<\/td>\n<\/tr>\n<tr style=\"height: 16px;\">\n<td style=\"height: 16px;\">\n<p align=\"center\">12.00<\/p>\n<\/td>\n<td style=\"height: 16px;\">\n<p align=\"left\">+ Karolina Grembowicz \u2013 w 10 rocznic\u0119 \u015bmierci<\/p>\n<\/td>\n<\/tr>\n<tr style=\"height: 10px;\">\n<td style=\"height: 10px;\">\n<p align=\"center\">17.00<\/p>\n<\/td>\n<td style=\"height: 10px;\">\n<p align=\"left\">Za Parafian<\/p>\n<\/td>\n<\/tr>\n<\/tbody>\n<\/table>\n<p>&nbsp;<\/p>\n","protected":false},"excerpt":{"rendered":"<p>Poniedzia\u0142ek 08.XII.2025 Niepokalane Pocz\u0119cie Naj\u015bwi\u0119tszej Maryi Panny 7.00 + Krystyna Zieli\u0144ska + Joanna Rejman &#8211; od \u0141ukasza Markowicz z rodzin\u0105 9.00 + Jan Czach &#8211; od syna Bogdana z rodzin\u0105 18.00 + Teresa \u015amiechowska \u2013 greg. O Bo\u017ce b\u0142ogos\u0142awie\u0144stwo i potrzebne \u0142aski dla Kr\u0119gu Domowego Ko\u015bcio\u0142a \u015bw. Joanny Beretty Molli Wtorek 09.XII.2025 7.00 + Aleksander <a class=\"read-more\" href=\"https:\/\/parafiazalesie.org\/index.php\/2025\/12\/06\/intencje-mszalne-08-14-grudnia-2025\/\"><\/p>\n<p>Zobacz wi\u0119cej<\/a><\/p>\n","protected":false},"author":1,"featured_media":111,"comment_status":"closed","ping_status":"closed","sticky":false,"template":"","format":"standard","meta":{"ngg_post_thumbnail":0,"footnotes":""},"categories":[5],"tags":[],"class_list":["post-2282","post","type-post","status-publish","format-standard","has-post-thumbnail","hentry","category-intencje"],"_links":{"self":[{"href":"https:\/\/parafiazalesie.org\/index.php\/wp-json\/wp\/v2\/posts\/2282","targetHints":{"allow":["GET"]}}],"collection":[{"href":"https:\/\/parafiazalesie.org\/index.php\/wp-json\/wp\/v2\/posts"}],"about":[{"href":"https:\/\/parafiazalesie.org\/index.php\/wp-json\/wp\/v2\/types\/post"}],"author":[{"embeddable":true,"href":"https:\/\/parafiazalesie.org\/index.php\/wp-json\/wp\/v2\/users\/1"}],"replies":[{"embeddable":true,"href":"https:\/\/parafiazalesie.org\/index.php\/wp-json\/wp\/v2\/comments?post=2282"}],"version-history":[{"count":1,"href":"https:\/\/parafiazalesie.org\/index.php\/wp-json\/wp\/v2\/posts\/2282\/revisions"}],"predecessor-version":[{"id":2283,"href":"https:\/\/parafiazalesie.org\/index.php\/wp-json\/wp\/v2\/posts\/2282\/revisions\/2283"}],"wp:featuredmedia":[{"embeddable":true,"href":"https:\/\/parafiazalesie.org\/index.php\/wp-json\/wp\/v2\/media\/111"}],"wp:attachment":[{"href":"https:\/\/parafiazalesie.org\/index.php\/wp-json\/wp\/v2\/media?parent=2282"}],"wp:term":[{"taxonomy":"category","embeddable":true,"href":"https:\/\/parafiazalesie.org\/index.php\/wp-json\/wp\/v2\/categories?post=2282"},{"taxonomy":"post_tag","embeddable":true,"href":"https:\/\/parafiazalesie.org\/index.php\/wp-json\/wp\/v2\/tags?post=2282"}],"curies":[{"name":"wp","href":"https:\/\/api.w.org\/{rel}","templated":true}]}}