{"id":228,"date":"2021-05-04T13:27:56","date_gmt":"2021-05-04T11:27:56","guid":{"rendered":"https:\/\/parafiazalesie.org\/?p=228"},"modified":"2021-05-04T13:27:56","modified_gmt":"2021-05-04T11:27:56","slug":"4-maja-wspomnienie-sw-floriana-dzien-strazaka","status":"publish","type":"post","link":"https:\/\/parafiazalesie.org\/index.php\/2021\/05\/04\/4-maja-wspomnienie-sw-floriana-dzien-strazaka\/","title":{"rendered":"4 maja &#8211; wspomnienie \u015bw Floriana &#8211; Dzie\u0144 STRA\u017bAKA"},"content":{"rendered":"<div class=\"o9v6fnle cxmmr5t8 oygrvhab hcukyx3x c1et5uql ii04i59q\">\n<div dir=\"auto\">Dzi\u0119kujemy naszym &#8222;Zaleskim&#8221; Druhom Stra\u017cakom za zaanga\u017cowanie, odwag\u0119 i po\u015bwi\u0119cenie, za wykazywanie pe\u0142nej gotowo\u015bci i zdecydowanej postawy w trudnych do pokonania zadaniach chroni\u0105c \u017cycie, zdrowie i mienie ludzkie. Praca Wasza, wymagaj\u0105ca wysi\u0142ku i odwagi, niech zawsze b\u0119dzie doceniana i wspierana przez ca\u0142\u0105 spo\u0142eczno\u015b\u0107, nad bezpiecze\u0144stwem kt\u00f3rej czuwacie ka\u017cdego dnia.<\/div>\n<\/div>\n<div class=\"o9v6fnle cxmmr5t8 oygrvhab hcukyx3x c1et5uql ii04i59q\">\n<div dir=\"auto\">Z okazji Waszego \u015bwi\u0119ta przyjmijcie Drodzy Stra\u017cacy najszczersze \u017cyczenia zdrowia, wszelkiej pomy\u015blno\u015bci, bezpiecznych wyjazd\u00f3w i powrot\u00f3w z akcji ratunkowych, satysfakcji z pe\u0142nionej s\u0142u\u017cby oraz szcz\u0119\u015bcia rodzinnego, tak potrzebnego w \u017cyciu ka\u017cdego cz\u0142owieka. Serdeczne \u017cyczenia kierujemy te\u017c do stra\u017cak\u00f3w b\u0119d\u0105cych na emeryturze i jednocze\u015bnie prosimy o dalsze przekazywanie swojej wiedzy i do\u015bwiadczenia m\u0142odszym pokoleniom stra\u017cak\u00f3w.<\/div>\n<\/div>\n<div class=\"o9v6fnle cxmmr5t8 oygrvhab hcukyx3x c1et5uql ii04i59q\">\n<div dir=\"auto\">Drodzy Stra\u017cacy! Niech moc \u015bwi\u0119tego Floriana B\u0119dzie co dzie\u0144 z Wami ju\u017c od samego rana. Niech ogie\u0144 szybko z Wasz\u0105 pomoc\u0105 wygasa. Pracujecie zawsze bezpiecznie i z g\u0142ow\u0105, Bo s\u0142u\u017cba Wasza jest pierwszorz\u0119dow\u0105. Wszystkiego najlepszego w dniu Waszego \u015bwi\u0119ta, Bo\u017cego b\u0142ogos\u0142awie\u0144stwa i opieki Matki Bo\u017cej Zaleskiej.<\/div>\n<\/div>\n<div class=\"o9v6fnle cxmmr5t8 oygrvhab hcukyx3x c1et5uql ii04i59q\">\n<div dir=\"auto\"><strong>Zapraszamy<\/strong> Was i Waszych bliskich w dniu Waszego \u015bwi\u0119ta na <strong>Eucharysti\u0119 o godz. 18.00<\/strong>. B\u0119dziemy dzi\u0119kowa\u0107 Bogu za Wasz\u0105 prac\u0119 i prosi\u0107 o potrzebne \u0142aski dla Was.<\/div>\n<\/div>\n","protected":false},"excerpt":{"rendered":"<p>Dzi\u0119kujemy naszym &#8222;Zaleskim&#8221; Druhom Stra\u017cakom za zaanga\u017cowanie, odwag\u0119 i po\u015bwi\u0119cenie, za wykazywanie pe\u0142nej gotowo\u015bci i zdecydowanej postawy w trudnych do pokonania zadaniach chroni\u0105c \u017cycie, zdrowie i mienie ludzkie. Praca Wasza, wymagaj\u0105ca wysi\u0142ku i odwagi, niech zawsze b\u0119dzie doceniana i wspierana przez ca\u0142\u0105 spo\u0142eczno\u015b\u0107, nad bezpiecze\u0144stwem kt\u00f3rej czuwacie ka\u017cdego dnia. Z okazji Waszego \u015bwi\u0119ta przyjmijcie Drodzy <a class=\"read-more\" href=\"https:\/\/parafiazalesie.org\/index.php\/2021\/05\/04\/4-maja-wspomnienie-sw-floriana-dzien-strazaka\/\"><\/p>\n<p>Zobacz wi\u0119cej<\/a><\/p>\n","protected":false},"author":1,"featured_media":229,"comment_status":"closed","ping_status":"closed","sticky":false,"template":"","format":"standard","meta":{"ngg_post_thumbnail":0,"footnotes":""},"categories":[6],"tags":[],"class_list":["post-228","post","type-post","status-publish","format-standard","has-post-thumbnail","hentry","category-aktualnosci"],"_links":{"self":[{"href":"https:\/\/parafiazalesie.org\/index.php\/wp-json\/wp\/v2\/posts\/228","targetHints":{"allow":["GET"]}}],"collection":[{"href":"https:\/\/parafiazalesie.org\/index.php\/wp-json\/wp\/v2\/posts"}],"about":[{"href":"https:\/\/parafiazalesie.org\/index.php\/wp-json\/wp\/v2\/types\/post"}],"author":[{"embeddable":true,"href":"https:\/\/parafiazalesie.org\/index.php\/wp-json\/wp\/v2\/users\/1"}],"replies":[{"embeddable":true,"href":"https:\/\/parafiazalesie.org\/index.php\/wp-json\/wp\/v2\/comments?post=228"}],"version-history":[{"count":0,"href":"https:\/\/parafiazalesie.org\/index.php\/wp-json\/wp\/v2\/posts\/228\/revisions"}],"wp:featuredmedia":[{"embeddable":true,"href":"https:\/\/parafiazalesie.org\/index.php\/wp-json\/wp\/v2\/media\/229"}],"wp:attachment":[{"href":"https:\/\/parafiazalesie.org\/index.php\/wp-json\/wp\/v2\/media?parent=228"}],"wp:term":[{"taxonomy":"category","embeddable":true,"href":"https:\/\/parafiazalesie.org\/index.php\/wp-json\/wp\/v2\/categories?post=228"},{"taxonomy":"post_tag","embeddable":true,"href":"https:\/\/parafiazalesie.org\/index.php\/wp-json\/wp\/v2\/tags?post=228"}],"curies":[{"name":"wp","href":"https:\/\/api.w.org\/{rel}","templated":true}]}}