{"id":225,"date":"2021-05-04T13:25:40","date_gmt":"2021-05-04T11:25:40","guid":{"rendered":"https:\/\/parafiazalesie.org\/?p=225"},"modified":"2021-05-04T13:25:40","modified_gmt":"2021-05-04T11:25:40","slug":"rozpoczynaja-sie-nabozenstwa-majowe","status":"publish","type":"post","link":"https:\/\/parafiazalesie.org\/index.php\/2021\/05\/04\/rozpoczynaja-sie-nabozenstwa-majowe\/","title":{"rendered":"ROZPOCZYNAJ\u0104 SI\u0118 NABO\u017bE\u0143STWA MAJOWE"},"content":{"rendered":"<div class=\"o9v6fnle cxmmr5t8 oygrvhab hcukyx3x c1et5uql ii04i59q\">\n<div dir=\"auto\">Zapraszamy na &#8222;MAJ\u00d3WKI&#8221;, kt\u00f3re w naszym ko\u015bciele w tygodniu odbywaj\u0105 si\u0119 po Eucharystii o godz. 18.00, za\u015b w niedziel\u0119 po Eucharystii o godz. 17.<\/div>\n<\/div>\n<div class=\"o9v6fnle cxmmr5t8 oygrvhab hcukyx3x c1et5uql ii04i59q\">\n<div dir=\"auto\">Maj w Ko\u015bciele Katolickim jest miesi\u0105cem szczeg\u00f3lnie po\u015bwi\u0119conym Matce Bo\u017cej. Parafie i rodziny intensywniej modl\u0105 si\u0119 w tych dniach za wstawiennictwem Maryi, w ko\u015bcio\u0142ach lub przed przydro\u017cnymi kapliczkami, odmawiaj\u0105c Litani\u0119 Loreta\u0144sk\u0105 oraz \u015bpiewaj\u0105c pie\u015bni maryjne. Nabo\u017ce\u0144stwa majowe s\u0105 najbardziej popularn\u0105 form\u0105 czci Matki Bo\u017cej w tym czasie. Po raz pierwszy oficjalnie nabo\u017ce\u0144stwo majowe odprawiano w Polsce w ko\u015bciele \u015awi\u0119tego Krzy\u017ca w Warszawie w 1852 r. Po 30 latach trafi\u0142o ono ju\u017c do wszystkich parafii i sta\u0142o si\u0119 bardzo popularne.<\/div>\n<\/div>\n<div class=\"o9v6fnle cxmmr5t8 oygrvhab hcukyx3x c1et5uql ii04i59q\">\n<div dir=\"auto\">Konferencja Episkopatu Polski 28 sierpnia 2020 r. zatwierdzi\u0142a polskie t\u0142umaczenie trzech nowych wezwa\u0144 Litanii loreta\u0144skiej. S\u0105 to wezwania: \u201eMatko mi\u0142osierdzia\u201d, \u201eMatko nadziei\u201d, \u201ePociecho migrant\u00f3w\u201d.<\/div>\n<\/div>\n","protected":false},"excerpt":{"rendered":"<p>Zapraszamy na &#8222;MAJ\u00d3WKI&#8221;, kt\u00f3re w naszym ko\u015bciele w tygodniu odbywaj\u0105 si\u0119 po Eucharystii o godz. 18.00, za\u015b w niedziel\u0119 po Eucharystii o godz. 17. Maj w Ko\u015bciele Katolickim jest miesi\u0105cem szczeg\u00f3lnie po\u015bwi\u0119conym Matce Bo\u017cej. Parafie i rodziny intensywniej modl\u0105 si\u0119 w tych dniach za wstawiennictwem Maryi, w ko\u015bcio\u0142ach lub przed przydro\u017cnymi kapliczkami, odmawiaj\u0105c Litani\u0119 Loreta\u0144sk\u0105 <a class=\"read-more\" href=\"https:\/\/parafiazalesie.org\/index.php\/2021\/05\/04\/rozpoczynaja-sie-nabozenstwa-majowe\/\"><\/p>\n<p>Zobacz wi\u0119cej<\/a><\/p>\n","protected":false},"author":1,"featured_media":226,"comment_status":"closed","ping_status":"closed","sticky":false,"template":"","format":"standard","meta":{"ngg_post_thumbnail":0,"footnotes":""},"categories":[6],"tags":[],"class_list":["post-225","post","type-post","status-publish","format-standard","has-post-thumbnail","hentry","category-aktualnosci"],"_links":{"self":[{"href":"https:\/\/parafiazalesie.org\/index.php\/wp-json\/wp\/v2\/posts\/225","targetHints":{"allow":["GET"]}}],"collection":[{"href":"https:\/\/parafiazalesie.org\/index.php\/wp-json\/wp\/v2\/posts"}],"about":[{"href":"https:\/\/parafiazalesie.org\/index.php\/wp-json\/wp\/v2\/types\/post"}],"author":[{"embeddable":true,"href":"https:\/\/parafiazalesie.org\/index.php\/wp-json\/wp\/v2\/users\/1"}],"replies":[{"embeddable":true,"href":"https:\/\/parafiazalesie.org\/index.php\/wp-json\/wp\/v2\/comments?post=225"}],"version-history":[{"count":0,"href":"https:\/\/parafiazalesie.org\/index.php\/wp-json\/wp\/v2\/posts\/225\/revisions"}],"wp:featuredmedia":[{"embeddable":true,"href":"https:\/\/parafiazalesie.org\/index.php\/wp-json\/wp\/v2\/media\/226"}],"wp:attachment":[{"href":"https:\/\/parafiazalesie.org\/index.php\/wp-json\/wp\/v2\/media?parent=225"}],"wp:term":[{"taxonomy":"category","embeddable":true,"href":"https:\/\/parafiazalesie.org\/index.php\/wp-json\/wp\/v2\/categories?post=225"},{"taxonomy":"post_tag","embeddable":true,"href":"https:\/\/parafiazalesie.org\/index.php\/wp-json\/wp\/v2\/tags?post=225"}],"curies":[{"name":"wp","href":"https:\/\/api.w.org\/{rel}","templated":true}]}}