{"id":2205,"date":"2025-11-28T07:35:44","date_gmt":"2025-11-28T06:35:44","guid":{"rendered":"https:\/\/parafiazalesie.org\/?p=2205"},"modified":"2025-11-28T07:35:44","modified_gmt":"2025-11-28T06:35:44","slug":"ogloszenia-i-niedziela-adwentu-30-11-2025-r","status":"publish","type":"post","link":"https:\/\/parafiazalesie.org\/index.php\/2025\/11\/28\/ogloszenia-i-niedziela-adwentu-30-11-2025-r\/","title":{"rendered":"OG\u0141OSZENIA I Niedziela Adwentu 30.11.2025 r."},"content":{"rendered":"<ol>\n<li><strong>Dzi\u015b<\/strong> rozpoczynamy nowy rok ko\u015bcielny i Adwent. Czas liturgicznego, radosnego oczekiwania na przyj\u015bcie Pana na ko\u0144cu czas\u00f3w i w tajemnicy \u015awi\u0105t Bo\u017cego Narodzenia. Kolor fioletowy szat liturgicznych wzywa i zach\u0119ca do pokuty aby dobrze przygotowa\u0107 si\u0119 na Tego, kt\u00f3ry przychodzi.<\/li>\n<li><strong>Roraty <\/strong>codziennie o godz. 18:00. Zapraszamy do uczestnictwa parafian, przyprowadzajcie dzieci. Dzieci niech przynios\u0105 ze sob\u0105 lampiony.<\/li>\n<li><strong>W poniedzia\u0142ek <\/strong>1 grudnia:\n<ul>\n<li>o godz. 18:45 trzecia konferencja w ramach trwaj\u0105cych rekolekcji Maryjnych.<\/li>\n<\/ul>\n<\/li>\n<li><strong>W \u015brod\u0119 <\/strong>3 grudnia:\n<ul>\n<li>wspomnienie \u015bw. Franciszka Ksawerego, kap\u0142ana,<\/li>\n<li>o godz. 18:00 Msza \u015bw. i Akt Osobistego Oddania Matce Bo\u017cej, w ramach spotka\u0144 rekolekcyjnych,<\/li>\n<li>po Mszy \u015bw. Nowenna do Matki Bo\u017cej Nieustaj\u0105cej Pomocy, Pani Zaleskiej,<\/li>\n<li>po nabo\u017ce\u0144stwie adoracja Naj\u015bwi\u0119tszego Sakramentu do godz. 20:00.<\/li>\n<\/ul>\n<\/li>\n<li>W tym tygodniu wypada <strong>pierwszy czwartek, pierwszy pi\u0105tek i pierwsza sobota miesi\u0105ca<\/strong>. Zach\u0119camy do uczestnictwa w nabo\u017ce\u0144stwach. Spowied\u017a codziennie przed Mszami \u015bw. a w pierwszy pi\u0105tek od godz. 17:00.<\/li>\n<li><strong>W pi\u0105tek <\/strong>5 grudnia:\n<ul>\n<li>po nabo\u017ce\u0144stwie pierwszego pi\u0105tku adoracja Naj\u015bwi\u0119tszego Sakramentu do godz. 20:00.<\/li>\n<\/ul>\n<\/li>\n<li><strong>W sobot\u0119 <\/strong>6 grudnia:\n<ul>\n<li>wspomnienie \u015bw. Miko\u0142aja, biskupa.<\/li>\n<\/ul>\n<\/li>\n<li><strong>W niedziel\u0119 <\/strong>7 grudnia:\n<ul>\n<li>po Mszy \u015bw. o godz.7:00 zmiana tajemnic r\u00f3\u017ca\u0144cowych,<\/li>\n<li>b\u0119dziemy prze\u017cywa\u0107 Dzie\u0144 Modlitwy i Pomocy Materialnej Ko\u015bcio\u0142owi na Wschodzie. Pami\u0119tajmy w modlitwie o naszych misjonarzach. Po Mszach \u015bw. zbi\u00f3rka do puszek na wsparcie Ko\u015bcio\u0142a na Wschodzie,<\/li>\n<li>b\u0142ogos\u0142awie\u0144stwo op\u0142atk\u00f3w na wieczerz\u0119 wigilijn\u0105,<\/li>\n<li>R\u00f3\u017caniec poprowadzi R\u00f3\u017ca b\u0142. Marii Teresy Led\u00f3chowskiej.<\/li>\n<\/ul>\n<\/li>\n<li>Parafialny Zesp\u00f3l Caritas corocznym zwyczajem prosi parafian o sk\u0142adanie dar\u00f3w spo\u017cywczych, chemicznych itp. na paczki dla rodzin z naszej parafii, b\u0119d\u0105cych w potrzebie. Dary mo\u017cemy sk\u0142ada\u0107 od dzi\u015b do niedzieli 14 grudnia, do kosza pod ch\u00f3rem.<\/li>\n<li>Ze \u015awi\u0119tami Bo\u017cego Narodzenia zwi\u0105zane jest Wigilijne Dzie\u0142o Pomocy Dzieciom \u2013 dzi\u0119ki \u015brodkom z Wigilijnego Dzie\u0142a Pomocy, Caritas pomaga nie tylko najbiedniejszym rodzinom ale r\u00f3wnie\u017c w ci\u0105gu ca\u0142ego roku wspiera ubogie dzieci. Zach\u0119camy do nabywania \u015bwiec pod ch\u00f3rem.<\/li>\n<li>Wsp\u00f3lnocie Doros\u0142ych dzi\u0119kujemy za przygotowanie dekoracji adwentowej przed o\u0142tarzem. B\u00f3g zap\u0142a\u0107.<\/li>\n<li>Zapraszamy do czytania i rozwa\u017cania S\u0142owa Bo\u017cego, ksi\u0105\u017cek religijnych i nowej prasy katolickiej dost\u0119pnej pod ch\u00f3rem.<\/li>\n<\/ol>\n<p>&nbsp;<\/p>\n<p><strong>SPOTKANIA:<\/strong><\/p>\n<ul>\n<li><strong>Kandydaci do bierzmowania <\/strong>\u2013 wtorek (druga grupa); czwartek (pierwsza grupa) \u2013 udzia\u0142 we Mszy \u015bw. a po niej katecheza<\/li>\n<li><strong>Ch\u00f3r \u201eCredo\u201d <\/strong>\u2013 wtorek 18:00<\/li>\n<li><strong>Wsp\u00f3lnota Doros\u0142ych <\/strong>\u2013 wtorek po Mszy \u015bw. (w Domu Parafialnym)<\/li>\n<li><strong>Ruch \u015awiat\u0142o &#8211; \u017bycie<\/strong> \u2013 pi\u0105tek po Mszy \u015bw.<\/li>\n<\/ul>\n","protected":false},"excerpt":{"rendered":"<p>Dzi\u015b rozpoczynamy nowy rok ko\u015bcielny i Adwent. Czas liturgicznego, radosnego oczekiwania na przyj\u015bcie Pana na ko\u0144cu czas\u00f3w i w tajemnicy \u015awi\u0105t Bo\u017cego Narodzenia. Kolor fioletowy szat liturgicznych wzywa i zach\u0119ca do pokuty aby dobrze przygotowa\u0107 si\u0119 na Tego, kt\u00f3ry przychodzi. Roraty codziennie o godz. 18:00. Zapraszamy do uczestnictwa parafian, przyprowadzajcie dzieci. Dzieci niech przynios\u0105 ze <a class=\"read-more\" href=\"https:\/\/parafiazalesie.org\/index.php\/2025\/11\/28\/ogloszenia-i-niedziela-adwentu-30-11-2025-r\/\"><\/p>\n<p>Zobacz wi\u0119cej<\/a><\/p>\n","protected":false},"author":1,"featured_media":2206,"comment_status":"closed","ping_status":"closed","sticky":false,"template":"","format":"standard","meta":{"ngg_post_thumbnail":0,"footnotes":""},"categories":[3],"tags":[],"class_list":["post-2205","post","type-post","status-publish","format-standard","has-post-thumbnail","hentry","category-ogloszenia"],"_links":{"self":[{"href":"https:\/\/parafiazalesie.org\/index.php\/wp-json\/wp\/v2\/posts\/2205","targetHints":{"allow":["GET"]}}],"collection":[{"href":"https:\/\/parafiazalesie.org\/index.php\/wp-json\/wp\/v2\/posts"}],"about":[{"href":"https:\/\/parafiazalesie.org\/index.php\/wp-json\/wp\/v2\/types\/post"}],"author":[{"embeddable":true,"href":"https:\/\/parafiazalesie.org\/index.php\/wp-json\/wp\/v2\/users\/1"}],"replies":[{"embeddable":true,"href":"https:\/\/parafiazalesie.org\/index.php\/wp-json\/wp\/v2\/comments?post=2205"}],"version-history":[{"count":1,"href":"https:\/\/parafiazalesie.org\/index.php\/wp-json\/wp\/v2\/posts\/2205\/revisions"}],"predecessor-version":[{"id":2207,"href":"https:\/\/parafiazalesie.org\/index.php\/wp-json\/wp\/v2\/posts\/2205\/revisions\/2207"}],"wp:featuredmedia":[{"embeddable":true,"href":"https:\/\/parafiazalesie.org\/index.php\/wp-json\/wp\/v2\/media\/2206"}],"wp:attachment":[{"href":"https:\/\/parafiazalesie.org\/index.php\/wp-json\/wp\/v2\/media?parent=2205"}],"wp:term":[{"taxonomy":"category","embeddable":true,"href":"https:\/\/parafiazalesie.org\/index.php\/wp-json\/wp\/v2\/categories?post=2205"},{"taxonomy":"post_tag","embeddable":true,"href":"https:\/\/parafiazalesie.org\/index.php\/wp-json\/wp\/v2\/tags?post=2205"}],"curies":[{"name":"wp","href":"https:\/\/api.w.org\/{rel}","templated":true}]}}