{"id":2167,"date":"2025-11-29T05:00:39","date_gmt":"2025-11-29T04:00:39","guid":{"rendered":"https:\/\/parafiazalesie.org\/?p=2167"},"modified":"2025-11-19T09:07:46","modified_gmt":"2025-11-19T08:07:46","slug":"nowenna-przed-uroczystoscia-niepokalanego-poczecia-najswietszej-maryi-panny","status":"publish","type":"post","link":"https:\/\/parafiazalesie.org\/index.php\/2025\/11\/29\/nowenna-przed-uroczystoscia-niepokalanego-poczecia-najswietszej-maryi-panny\/","title":{"rendered":"Nowenna przed uroczysto\u015bci\u0105 Niepokalanego Pocz\u0119cia Naj\u015bwi\u0119tszej Maryi Panny"},"content":{"rendered":"<h2 id=\"toc-0\" class=\"styt\" style=\"text-align: center;\"><span style=\"text-decoration: underline;\"><em><strong><span style=\"font-family: 'book antiqua', palatino, serif;\">Modlitwa na ka\u017cdy dzie\u0144 nowenny<\/span><\/strong><\/em><\/span><\/h2>\n<p style=\"text-align: center;\"><em><span style=\"font-family: 'book antiqua', palatino, serif;\">Dziewico Niepokalana, Matko i Patronko Zakonu Serafickiego, wejrzyj \u0142askawie na nas, kt\u00f3rzy ca\u0142ym sercem ponawiamy dzi\u015b wol\u0119 s\u0142u\u017cenia Bogu i bli\u017anim w Chrystusowym Ko\u015bciele.<\/span><\/em><br \/>\n<em><span style=\"font-family: 'book antiqua', palatino, serif;\">Przychodzimy do Ciebie, naszej najlepszej Matki, i pokornie prosimy o wstawiennictwo, aby wszystkie nasze prace i&nbsp;<a class=\"link-inline\" href=\"https:\/\/www.niedziela.pl\/artykul\/109679\/Niezbednik-Katolika-miej-zawsze-pod-reka\" data-clicksmap=\"site:artykul - InlineAds - modlitwy - \">modlitwy<\/a>&nbsp;s\u0142u\u017cy\u0142y jedynie do wzrostu kr\u00f3lestwa Twego Syna Jezusa Chrystusa.<\/span><\/em><br \/>\n<em><span style=\"font-family: 'book antiqua', palatino, serif;\">Niech Tw\u00f3j przyk\u0142ad rozpali nasze serca mi\u0142o\u015bci\u0105 ku bli\u017anim i pomno\u017cy nasz\u0105 wiar\u0119 i nadziej\u0119. Matko Niepokalana, ca\u0142\u0105 ufno\u015b\u0107 pok\u0142adamy w pot\u0119dze Twego or\u0119downictwa i w macierzy\u0144skiej dobroci Twego serca. Amen.<\/span><\/em><\/p>\n<p>&nbsp;<\/p>\n<h2 id=\"toc-1\" class=\"styt\"><span style=\"font-family: 'book antiqua', palatino, serif;\">1. dzie\u0144 nowenny &#8211; 29 listopada<\/span><\/h2>\n<p><span style=\"font-family: 'book antiqua', palatino, serif;\">O, Niepokalana, &#8222;Niewiasto obleczona w s\u0142o\u0144ce&#8221;! Ciebie Ojciec Niebieski uczyni\u0142 &#8222;Znakiem wielkim na niebie&#8221; dla pielgrzymuj\u0105cej rodziny ludzkiej. Tak jak poprzedzi\u0142a\u015b Ko\u015bci\u00f3\u0142 w wierze i mi\u0142o\u015bci u zarania ery Odkupienia, tak te\u017c poprzedzaj go dzisiaj, gdy wchodzi w nowe tysi\u0105clecie wiary. Prosimy Ci\u0119, by\u015b ukaza\u0142a ca\u0142emu Ko\u015bcio\u0142owi, ca\u0142ej ludzko\u015bci, Jezusa, b\u0142ogos\u0142awiony owoc Twego \u0142ona, Odkupiciela cz\u0142owieka, Odkupiciela nas wszystkich. Amen.<\/span><\/p>\n<h2 id=\"toc-2\" class=\"styt\"><span style=\"font-family: 'book antiqua', palatino, serif;\">2. dzie\u0144 nowenny &#8211; 30 listopada<\/span><\/h2>\n<p><span style=\"font-family: 'book antiqua', palatino, serif;\">O, Niepokalana, Ciebie B\u00f3g ustanowi\u0142, by\u015b by\u0142a dla nas zwyci\u0119skim znakiem, mia\u017cd\u017c\u0105cym g\u0142ow\u0119 w\u0119\u017ca piekielnego. Zwyci\u0119\u017caj apokaliptycznego smoka i dzi\u015b, w \u015bwiecie pe\u0142nym niesprawiedliwo\u015bci, k\u0142amstwa i przemocy.<\/span><br \/>\n<span style=\"font-family: 'book antiqua', palatino, serif;\">Wyrwij nas z kr\u0119gu zak\u0142amania, zachowaj w wierze, bro\u0144 od bezsensu, rozpaczy i nienawi\u015bci. Wspieraj nas w walce z mocami ciemno\u015bci. Matko cudownej przemiany, przyb\u0105d\u017a nam z pomoc\u0105! Amen.<\/span><\/p>\n<h2 id=\"toc-3\" class=\"styt\"><span style=\"font-family: 'book antiqua', palatino, serif;\">3. dzie\u0144 nowenny &#8211; 1 grudnia<\/span><\/h2>\n<p><span style=\"font-family: 'book antiqua', palatino, serif;\">S\u0142owami Archanio\u0142a &#8211; &#8222;Zdrowa\u015b Maryjo, \u0142aski pe\u0142na, Pan z Tob\u0105&#8221; &#8211; pozdrawiamy Ci\u0119 dzisiaj i zawsze, Maryjo, Matko nas, ludzi, kt\u00f3ra wszystkich ogarniasz, do wszystkich si\u0119 przybli\u017casz, wszystkich po macierzy\u0144sku poszukujesz.<\/span><br \/>\n<span style=\"font-family: 'book antiqua', palatino, serif;\">Prosimy, Maryjo, prowad\u017a nas po\u015br\u00f3d wszystkich naszych dr\u00f3g, aby\u015bmy mogli odnale\u017a\u0107 si\u0119 w tej wielkiej wsp\u00f3lnocie, kt\u00f3r\u0105 Syn Tw\u00f3j nazwa\u0142 swoj\u0105 Owczarni\u0105. Pom\u00f3\u017c nam odnajdywa\u0107 wytrwale drog\u0119 do Chrystusa. Amen.<\/span><\/p>\n<h2 id=\"toc-4\" class=\"styt\"><span style=\"font-family: 'book antiqua', palatino, serif;\">4. dzie\u0144 nowenny &#8211; 2 grudnia<\/span><\/h2>\n<p><span style=\"font-family: 'book antiqua', palatino, serif;\">Tobie, Niepokalana Matko, oddajemy nas samych. Ty znasz nasze serca, wiesz, czego nam potrzeba, czego oczekuje od nas Tw\u00f3j Syn i nasi bracia.<\/span><br \/>\n<span style=\"font-family: 'book antiqua', palatino, serif;\">Prosimy, przyjmij nas, pomn\u00f3\u017c nasz\u0105 wiar\u0119, naucz nas modli\u0107 si\u0119, pom\u00f3\u017c odpowiada\u0107 Bogu: &#8222;Niech mi si\u0119 stanie wed\u0142ug s\u0142owa Twego&#8221;. Amen.<\/span><\/p>\n<h2 id=\"toc-5\" class=\"styt\"><span style=\"font-family: 'book antiqua', palatino, serif;\">5. dzie\u0144 nowenny &#8211; 3 grudnia<\/span><\/h2>\n<p><span style=\"font-family: 'book antiqua', palatino, serif;\">Niepokalana, Ty bezgranicznie zawierzy\u0142a\u015b Bogu. Niech Twa pomoc pozwoli nam wytrwa\u0107 w wierno\u015bci Bogu, Krzy\u017cowi, Ewangelii, Ko\u015bcio\u0142owi \u015bwi\u0119temu i jego Pasterzom. Tobie oddajemy nasz\u0105 przesz\u0142o\u015b\u0107 i zawierzamy przysz\u0142o\u015b\u0107. Ciebie prosimy o dar \u017cywej wiary, bez kt\u00f3rej \u0142atwo mo\u017cna dzi\u015b zgubi\u0107 drog\u0119, ulec zniech\u0119ceniu, l\u0119kowi, fa\u0142szowi lub nienawi\u015bci. Matko, prowad\u017a nas drogami prawdy i mi\u0142o\u015bci. Amen.<\/span><\/p>\n<h2 id=\"toc-6\" class=\"styt\"><span style=\"font-family: 'book antiqua', palatino, serif;\">6. dzie\u0144 nowenny &#8211; 4 grudnia<\/span><\/h2>\n<p><span style=\"font-family: 'book antiqua', palatino, serif;\">Matko naszego Pana, Ty \u015bpiewaj\u0105c Bogu hymn uwielbienia, z rado\u015bci\u0105 dzi\u0119kowa\u0142a\u015b Mu za wielkie rzeczy, kt\u00f3rych dokona\u0142 w Twym \u017cyciu. Naucz nas dostrzega\u0107 pi\u0119kno i wielko\u015b\u0107 wszystkich Bo\u017cych dzie\u0142. Pom\u00f3\u017c nam razem z Tob\u0105 \u015bpiewa\u0107 Dobremu Bogu hymn uwielbienia i dzi\u0119kowa\u0107 Mu za niezliczone dary Jego mi\u0142o\u015bci. Amen.<\/span><\/p>\n<h2 id=\"toc-7\" class=\"styt\"><span style=\"font-family: 'book antiqua', palatino, serif;\">7. dzie\u0144 nowenny &#8211; 5 grudnia<\/span><\/h2>\n<p><span style=\"font-family: 'book antiqua', palatino, serif;\">O, Maryjo, w Kanie Galilejskiej, gdy zabrak\u0142o wina, powiedzia\u0142a\u015b do s\u0142ug, wskazuj\u0105c na Chrystusa: &#8222;Zr\u00f3bcie wszystko, cokolwiek wam powie&#8221;.<\/span><br \/>\n<span style=\"font-family: 'book antiqua', palatino, serif;\">Wypowiedz te s\u0142owa i do nas! Wypowiadaj je wci\u0105\u017c! I spraw, aby\u015bmy Twojego Syna s\u0142uchali. \u017beby\u015bmy Go s\u0142uchali dzie\u0144 po dniu. \u017beby\u015bmy Go s\u0142uchali tak\u017ce w\u00f3wczas, gdy wypowiada rzeczy trudne i wymagaj\u0105ce, bo tylko On ma s\u0142owa \u017cycia wiecznego. Amen.<\/span><\/p>\n<h2 id=\"toc-8\" class=\"styt\"><span style=\"font-family: 'book antiqua', palatino, serif;\">8. dzie\u0144 nowenny &#8211; 6 grudnia<\/span><\/h2>\n<p><span style=\"font-family: 'book antiqua', palatino, serif;\">O, Ty, kt\u00f3ra tak g\u0142\u0119boko i po macierzy\u0144sku zwi\u0105zana jeste\u015b z Ko\u015bcio\u0142em, wyprzedzaj\u0105c na drogach wiary, nadziei i mi\u0142o\u015bci ca\u0142y lud Bo\u017cy. Ogarnij wszystkich ludzi pielgrzymuj\u0105cych przez \u017cycie do wiecznych Bo\u017cych przeznacze\u0144 t\u0105 mi\u0142o\u015bci\u0105, jak\u0105 w Twoje serce przela\u0142 z wysoko\u015bci krzy\u017ca sam Boski Odkupiciel &#8211; Tw\u00f3j Syn. B\u0105d\u017a Matk\u0105 wszystkich naszych ziemskich dr\u00f3g, by nigdy nie wiod\u0142y nas na manowce, ale zawsze prowadzi\u0142y do niebieskiej Ojczyzny. Amen.<\/span><\/p>\n<h2 id=\"toc-9\" class=\"styt\"><span style=\"font-family: 'book antiqua', palatino, serif;\">9. dzie\u0144 nowenny &#8211; 7 grudnia<\/span><\/h2>\n<p><span style=\"font-family: 'book antiqua', palatino, serif;\">O, Niepokalana, kt\u00f3ra &#8222;chowa\u0142a\u015b wiernie wszystkie te sprawy w swoim sercu&#8221;, Tobie oddajemy nasz rozum, aby poznawa\u0142 prawd\u0119; Tobie oddajemy nasze my\u015bli, aby by\u0142y pi\u0119kne i czyste. Tobie oddajemy nasze serca, aby ogarni\u0119te coraz wi\u0119ksz\u0105 mi\u0142o\u015bci\u0105, by\u0142y otwarte dla Boga i wszystkiego, co dobre w cz\u0142owieku i na \u015bwiecie.<\/span><br \/>\n<span style=\"font-family: 'book antiqua', palatino, serif;\">Matko Drogi, Prawdy i \u017bycia, przyjmij nasze modlitwy i dobre postanowienia, umocnij je w naszych sercach i z\u0142\u00f3\u017c przed Oblicze Boga w Tr\u00f3jcy \u015awi\u0119tej Jedynego. Amen.<\/span><\/p>\n","protected":false},"excerpt":{"rendered":"<p>Modlitwa na ka\u017cdy dzie\u0144 nowenny Dziewico Niepokalana, Matko i Patronko Zakonu Serafickiego, wejrzyj \u0142askawie na nas, kt\u00f3rzy ca\u0142ym sercem ponawiamy dzi\u015b wol\u0119 s\u0142u\u017cenia Bogu i bli\u017anim w Chrystusowym Ko\u015bciele. Przychodzimy do Ciebie, naszej najlepszej Matki, i pokornie prosimy o wstawiennictwo, aby wszystkie nasze prace i&nbsp;modlitwy&nbsp;s\u0142u\u017cy\u0142y jedynie do wzrostu kr\u00f3lestwa Twego Syna Jezusa Chrystusa. Niech Tw\u00f3j <a class=\"read-more\" href=\"https:\/\/parafiazalesie.org\/index.php\/2025\/11\/29\/nowenna-przed-uroczystoscia-niepokalanego-poczecia-najswietszej-maryi-panny\/\"><\/p>\n<p>Zobacz wi\u0119cej<\/a><\/p>\n","protected":false},"author":4,"featured_media":2169,"comment_status":"closed","ping_status":"closed","sticky":false,"template":"","format":"standard","meta":{"ngg_post_thumbnail":0,"footnotes":""},"categories":[6],"tags":[],"class_list":["post-2167","post","type-post","status-publish","format-standard","has-post-thumbnail","hentry","category-aktualnosci"],"_links":{"self":[{"href":"https:\/\/parafiazalesie.org\/index.php\/wp-json\/wp\/v2\/posts\/2167","targetHints":{"allow":["GET"]}}],"collection":[{"href":"https:\/\/parafiazalesie.org\/index.php\/wp-json\/wp\/v2\/posts"}],"about":[{"href":"https:\/\/parafiazalesie.org\/index.php\/wp-json\/wp\/v2\/types\/post"}],"author":[{"embeddable":true,"href":"https:\/\/parafiazalesie.org\/index.php\/wp-json\/wp\/v2\/users\/4"}],"replies":[{"embeddable":true,"href":"https:\/\/parafiazalesie.org\/index.php\/wp-json\/wp\/v2\/comments?post=2167"}],"version-history":[{"count":2,"href":"https:\/\/parafiazalesie.org\/index.php\/wp-json\/wp\/v2\/posts\/2167\/revisions"}],"predecessor-version":[{"id":2171,"href":"https:\/\/parafiazalesie.org\/index.php\/wp-json\/wp\/v2\/posts\/2167\/revisions\/2171"}],"wp:featuredmedia":[{"embeddable":true,"href":"https:\/\/parafiazalesie.org\/index.php\/wp-json\/wp\/v2\/media\/2169"}],"wp:attachment":[{"href":"https:\/\/parafiazalesie.org\/index.php\/wp-json\/wp\/v2\/media?parent=2167"}],"wp:term":[{"taxonomy":"category","embeddable":true,"href":"https:\/\/parafiazalesie.org\/index.php\/wp-json\/wp\/v2\/categories?post=2167"},{"taxonomy":"post_tag","embeddable":true,"href":"https:\/\/parafiazalesie.org\/index.php\/wp-json\/wp\/v2\/tags?post=2167"}],"curies":[{"name":"wp","href":"https:\/\/api.w.org\/{rel}","templated":true}]}}