{"id":2025,"date":"2025-10-19T14:22:08","date_gmt":"2025-10-19T12:22:08","guid":{"rendered":"https:\/\/parafiazalesie.org\/?p=2025"},"modified":"2025-10-19T14:22:35","modified_gmt":"2025-10-19T12:22:35","slug":"intencje-mszalne-20-26-pazdziernika-2025","status":"publish","type":"post","link":"https:\/\/parafiazalesie.org\/index.php\/2025\/10\/19\/intencje-mszalne-20-26-pazdziernika-2025\/","title":{"rendered":"INTENCJE  MSZALNE 20 \u2013 26 PA\u0179DZIERNIKA 2025"},"content":{"rendered":"<table style=\"width: 100%; height: 341px;\" width=\"718\" cellspacing=\"0\" cellpadding=\"7\">\n<tbody>\n<tr style=\"height: 69px;\" valign=\"top\">\n<td style=\"height: 79px;\" rowspan=\"2\" width=\"115\" height=\"44\">\n<p align=\"center\">Poniedzia\u0142ek<\/p>\n<p align=\"center\">20.X.2025<\/p>\n<\/td>\n<td style=\"height: 69px;\" width=\"63\">\n<p align=\"center\">7.00<\/p>\n<\/td>\n<td style=\"height: 69px;\" width=\"496\">\n<p align=\"left\">+ + Zofia, J\u00f3zef<br \/>\n+ Zofia Zawadzka od Rodziny Pietraszk\u00f3w<\/p>\n<\/td>\n<\/tr>\n<tr style=\"height: 10px;\" valign=\"top\">\n<td style=\"height: 10px;\" width=\"63\">\n<p align=\"center\">18.00<\/p>\n<\/td>\n<td style=\"height: 10px;\" width=\"496\">\n<p align=\"left\">+ Stanis\u0142aw Fi\u015bkiewicz \u2013 greg.|<br \/>\n+ Joanna Bober<\/p>\n<\/td>\n<\/tr>\n<tr style=\"height: 10px;\" valign=\"top\">\n<td style=\"height: 20px;\" rowspan=\"2\" width=\"115\" height=\"7\">\n<p align=\"center\">Wtorek<\/p>\n<p align=\"center\">21.X.2025<\/p>\n<\/td>\n<td style=\"height: 10px;\" width=\"63\">\n<p align=\"center\">7.00<\/p>\n<\/td>\n<td style=\"height: 10px;\" width=\"496\">\n<p align=\"left\">+ Urszula Bosek<br \/>\n+ Zofia Zawadzka od R\u00f3\u017cy b\u0142. Bronis\u0142awy<\/p>\n<\/td>\n<\/tr>\n<tr style=\"height: 10px;\" valign=\"top\">\n<td style=\"height: 10px;\" width=\"63\">\n<p align=\"center\">18.00<\/p>\n<\/td>\n<td style=\"height: 10px;\" width=\"496\">\n<p align=\"left\">+ Stanis\u0142aw Fi\u015bkiewicz \u2013 greg.<br \/>\n+ Alicja B\u0105cal w 6 rocznic\u0119 \u015bmierci<\/p>\n<\/td>\n<\/tr>\n<tr style=\"height: 10px;\" valign=\"top\">\n<td style=\"height: 20px;\" rowspan=\"2\" width=\"115\" height=\"6\">\n<p align=\"center\">\u015aroda<\/p>\n<p align=\"center\">22.X.2025<\/p>\n<p align=\"center\">Nabo\u017ce\u0144stwo&nbsp;do&nbsp;\u015bw. Jana Paw\u0142a II<\/p>\n<\/td>\n<td style=\"height: 10px;\" width=\"63\">\n<p align=\"center\">7.00<\/p>\n<\/td>\n<td style=\"height: 10px;\" width=\"496\">\n<p align=\"left\">+ Zofia Zawadzka od wnuka Mariusza z Rodzin\u0105<br \/>\n+ Janina Rejman od S\u0105siad\u00f3w z ulicy<\/p>\n<\/td>\n<\/tr>\n<tr style=\"height: 10px;\" valign=\"top\">\n<td style=\"height: 10px;\" width=\"63\">\n<p align=\"center\">18.00<\/p>\n<\/td>\n<td style=\"height: 10px;\" width=\"496\">\n<p align=\"left\">+ Stanis\u0142aw Fi\u015bkiewicz \u2013 greg.<br \/>\n+ + Maria, Andrzej<\/p>\n<\/td>\n<\/tr>\n<tr style=\"height: 10px;\" valign=\"top\">\n<td style=\"height: 20px;\" rowspan=\"2\" width=\"115\" height=\"6\">\n<p align=\"center\">Czwartek<\/p>\n<p align=\"center\">23.X.2025<\/p>\n<\/td>\n<td style=\"height: 10px;\" width=\"63\">\n<p align=\"center\">7.00<\/p>\n<\/td>\n<td style=\"height: 10px;\" width=\"496\">\n<p align=\"left\">+ Zofia Zawadzka od Marii Portczak<br \/>\n+ Janina Rejman od S\u0105siad\u00f3w z ulicy<\/p>\n<\/td>\n<\/tr>\n<tr style=\"height: 10px;\" valign=\"top\">\n<td style=\"height: 10px;\" width=\"63\">\n<p align=\"center\">18.00<\/p>\n<\/td>\n<td style=\"height: 10px;\" width=\"496\">\n<p align=\"left\">+ Stanis\u0142aw Fi\u015bkiewicz \u2013 greg.<br \/>\n+ + Bronis\u0142awa i Leon Koc\u00f3j<\/p>\n<\/td>\n<\/tr>\n<tr style=\"height: 10px;\" valign=\"top\">\n<td style=\"height: 20px;\" rowspan=\"2\" width=\"115\" height=\"6\">\n<p align=\"center\">Pi\u0105tek<br \/>\n24.X.2025<\/p>\n<\/td>\n<td style=\"height: 10px;\" width=\"63\">\n<p align=\"center\">7.00<\/p>\n<\/td>\n<td style=\"height: 10px;\" width=\"496\">\n<p align=\"left\">+ Zofia Zawadzka od Lucyny i Zdzis\u0142awa Sikora<br \/>\n+ Joanna Rejman od El\u017cbiety i Stanis\u0142awa W\u0105sacz<\/p>\n<\/td>\n<\/tr>\n<tr style=\"height: 10px;\" valign=\"top\">\n<td style=\"height: 10px;\" width=\"63\">\n<p align=\"center\">18.00<\/p>\n<\/td>\n<td style=\"height: 10px;\" width=\"496\">\n<p align=\"left\">+ Stanis\u0142aw Fi\u015bkiewicz \u2013 greg.<br \/>\n+ Jadwiga Mi\u0144czyk od Danuty Ferenc z Rodzin\u0105<\/p>\n<\/td>\n<\/tr>\n<tr style=\"height: 10px;\" valign=\"top\">\n<td style=\"height: 20px;\" rowspan=\"2\" width=\"115\" height=\"1\">\n<p align=\"center\">Sobota<\/p>\n<p align=\"center\">25.X.2025<\/p>\n<\/td>\n<td style=\"height: 10px;\" width=\"63\">\n<p align=\"center\">7.00<\/p>\n<\/td>\n<td style=\"height: 10px;\" width=\"496\">\n<p align=\"left\">+ Zofia Zawadzka od Anny i Kazimierza Lubas<br \/>\n+ Janina Rejman od Zofii Kr\u00f3l z Rodzin\u0105<\/p>\n<\/td>\n<\/tr>\n<tr style=\"height: 10px;\" valign=\"top\">\n<td style=\"height: 10px;\" width=\"63\">\n<p align=\"center\">18.00<\/p>\n<\/td>\n<td style=\"height: 10px;\" width=\"496\">\n<p align=\"left\">+ Stanis\u0142aw Fi\u015bkiewicz \u2013 greg.<br \/>\n+ Zdzis\u0142aw Ferenc<\/p>\n<\/td>\n<\/tr>\n<tr style=\"height: 10px;\" valign=\"top\">\n<td style=\"height: 162px;\" rowspan=\"5\" width=\"115\" height=\"4\">\n<p align=\"center\">Niedziela<\/p>\n<p align=\"center\">26.X.2025<\/p>\n<\/td>\n<td style=\"height: 10px;\" width=\"63\">\n<p align=\"center\">7.00<\/p>\n<\/td>\n<td style=\"height: 10px;\" width=\"496\">\n<p align=\"left\">+ Anna Ryznar w 10 rocznic\u0119 \u015bmierci <br \/>\n+ Zofia Zawadzka int. od Rodziny Baran i B\u0105k<\/p>\n<\/td>\n<\/tr>\n<tr style=\"height: 44px;\" valign=\"top\">\n<td style=\"height: 44px;\" width=\"63\">\n<p align=\"center\">9.00<\/p>\n<\/td>\n<td style=\"height: 44px;\" width=\"496\">\n<p align=\"left\">+ Stanis\u0142aw Fi\u015bkiewicz \u2013 greg.<\/p>\n<\/td>\n<\/tr>\n<tr style=\"height: 47px;\" valign=\"top\">\n<td style=\"height: 47px;\" width=\"63\">\n<p align=\"center\">10.30<\/p>\n<\/td>\n<td style=\"height: 47px;\" width=\"496\">\n<p align=\"left\">Za Parafian<\/p>\n<\/td>\n<\/tr>\n<tr style=\"height: 10px;\" valign=\"top\">\n<td style=\"height: 10px;\" width=\"63\">\n<p align=\"center\">12.00<\/p>\n<\/td>\n<td style=\"height: 10px;\" width=\"496\">\n<p align=\"left\">++ Halina, Boles\u0142aw Bednarz<\/p>\n<\/td>\n<\/tr>\n<tr style=\"height: 51px;\" valign=\"top\">\n<td width=\"63\">\n<p align=\"center\">17.00<\/p>\n<\/td>\n<td width=\"496\">\n<p align=\"left\">+ Marzena M\u0119drek w 14 rocznic\u0119 \u015bmierci od Rodziny<\/p>\n<\/td>\n<\/tr>\n<\/tbody>\n<\/table>\n","protected":false},"excerpt":{"rendered":"<p>Poniedzia\u0142ek 20.X.2025 7.00 + + Zofia, J\u00f3zef + Zofia Zawadzka od Rodziny Pietraszk\u00f3w 18.00 + Stanis\u0142aw Fi\u015bkiewicz \u2013 greg.| + Joanna Bober Wtorek 21.X.2025 7.00 + Urszula Bosek + Zofia Zawadzka od R\u00f3\u017cy b\u0142. Bronis\u0142awy 18.00 + Stanis\u0142aw Fi\u015bkiewicz \u2013 greg. + Alicja B\u0105cal w 6 rocznic\u0119 \u015bmierci \u015aroda 22.X.2025 Nabo\u017ce\u0144stwo&nbsp;do&nbsp;\u015bw. Jana Paw\u0142a II 7.00 <a class=\"read-more\" href=\"https:\/\/parafiazalesie.org\/index.php\/2025\/10\/19\/intencje-mszalne-20-26-pazdziernika-2025\/\"><\/p>\n<p>Zobacz wi\u0119cej<\/a><\/p>\n","protected":false},"author":1,"featured_media":111,"comment_status":"closed","ping_status":"closed","sticky":false,"template":"","format":"standard","meta":{"ngg_post_thumbnail":0,"footnotes":""},"categories":[5],"tags":[],"class_list":["post-2025","post","type-post","status-publish","format-standard","has-post-thumbnail","hentry","category-intencje"],"_links":{"self":[{"href":"https:\/\/parafiazalesie.org\/index.php\/wp-json\/wp\/v2\/posts\/2025","targetHints":{"allow":["GET"]}}],"collection":[{"href":"https:\/\/parafiazalesie.org\/index.php\/wp-json\/wp\/v2\/posts"}],"about":[{"href":"https:\/\/parafiazalesie.org\/index.php\/wp-json\/wp\/v2\/types\/post"}],"author":[{"embeddable":true,"href":"https:\/\/parafiazalesie.org\/index.php\/wp-json\/wp\/v2\/users\/1"}],"replies":[{"embeddable":true,"href":"https:\/\/parafiazalesie.org\/index.php\/wp-json\/wp\/v2\/comments?post=2025"}],"version-history":[{"count":2,"href":"https:\/\/parafiazalesie.org\/index.php\/wp-json\/wp\/v2\/posts\/2025\/revisions"}],"predecessor-version":[{"id":2027,"href":"https:\/\/parafiazalesie.org\/index.php\/wp-json\/wp\/v2\/posts\/2025\/revisions\/2027"}],"wp:featuredmedia":[{"embeddable":true,"href":"https:\/\/parafiazalesie.org\/index.php\/wp-json\/wp\/v2\/media\/111"}],"wp:attachment":[{"href":"https:\/\/parafiazalesie.org\/index.php\/wp-json\/wp\/v2\/media?parent=2025"}],"wp:term":[{"taxonomy":"category","embeddable":true,"href":"https:\/\/parafiazalesie.org\/index.php\/wp-json\/wp\/v2\/categories?post=2025"},{"taxonomy":"post_tag","embeddable":true,"href":"https:\/\/parafiazalesie.org\/index.php\/wp-json\/wp\/v2\/tags?post=2025"}],"curies":[{"name":"wp","href":"https:\/\/api.w.org\/{rel}","templated":true}]}}