{"id":2023,"date":"2025-10-19T14:17:15","date_gmt":"2025-10-19T12:17:15","guid":{"rendered":"https:\/\/parafiazalesie.org\/?p=2023"},"modified":"2025-10-19T14:17:15","modified_gmt":"2025-10-19T12:17:15","slug":"ogloszenia-xxix-niedziela-zwykla-19-10-2025-r","status":"publish","type":"post","link":"https:\/\/parafiazalesie.org\/index.php\/2025\/10\/19\/ogloszenia-xxix-niedziela-zwykla-19-10-2025-r\/","title":{"rendered":"OG\u0141OSZENIA XXIX Niedziela Zwyk\u0142a 19.10.2025 r."},"content":{"rendered":"<ol>\n<li><span style=\"font-family: Times New Roman, serif;\"><span style=\"font-size: medium;\"><span style=\"font-family: Arial, sans-serif;\"><b>Dzi\u015b<\/b><\/span><span style=\"font-family: Arial, sans-serif;\">:<\/span><\/span><\/span>\n<ul>\n<li><span style=\"font-size: 15px; font-family: Arial, sans-serif;\"><span style=\"font-size: medium;\"><span lang=\"pl-PL\">rozpoczynamy w Ko\u015bciele <\/span><\/span><\/span><span style=\"font-size: 15px; font-family: Arial, sans-serif;\"><span style=\"font-size: medium;\"><span lang=\"pl-PL\"><b>Tydzie\u0144 Misyjny<\/b><\/span><\/span><\/span><span style=\"font-size: 15px; font-family: Arial, sans-serif;\"><span style=\"font-size: medium;\"><span lang=\"pl-PL\">. Pami\u0119tajmy o dzie\u0142ach misyjnych Ko\u015bcio\u0142a i otaczajmy modlitw\u0105 misjonarzy, szczeg\u00f3lnie pochodz\u0105cych z naszej diecezji,<\/span><\/span><\/span><\/li>\n<li><span style=\"font-family: Arial, sans-serif;\"><span style=\"font-size: medium;\"><span lang=\"pl-PL\">wspomnienie b\u0142. Ks. Jerzego Popie\u0142uszki. Mija 41 lat jak oficerowie S\u0142u\u017cby Bezpiecze\u0144stwa zamordowali Ks. Jerzego Popie\u0142uszk\u0119,<\/span><\/span><\/span><\/li>\n<li><span style=\"font-family: Arial, sans-serif;\"><span style=\"font-size: medium;\"><span lang=\"pl-PL\">mo\u017cemy jeszcze zg\u0142asza\u0107 sw\u00f3j udzia\u0142 w rekolekcjach Maryjnych, kt\u00f3re zostan\u0105 wyg\u0142oszone w naszym ko\u015bciele. Pocz\u0105tek rekolekcji 17 listopada. Pod ch\u00f3rem lista na kt\u00f3r\u0105 mo\u017cemy wpisa\u0107 swoje uczestnictwo w rekolekcjach.<\/span><\/span><\/span><\/li>\n<\/ul>\n<\/li>\n<li><span style=\"font-family: Times New Roman, serif;\"><span style=\"font-size: medium;\"><span style=\"font-family: Arial, sans-serif;\"><b>W poniedzia\u0142ek <\/b><\/span><span style=\"font-family: Arial, sans-serif;\">20 pa\u017adziernika<\/span><span style=\"font-family: Arial, sans-serif;\">:<\/span><\/span><\/span>\n<ul>\n<li><span style=\"font-family: Arial, sans-serif;\"><span style=\"font-size: medium;\"><span lang=\"pl-PL\">wspomnienie \u015bw. Jana Kantego, kap\u0142ana.<\/span><\/span><\/span><\/li>\n<\/ul>\n<\/li>\n<li><span style=\"font-family: Times New Roman, serif;\"><span style=\"font-size: medium;\"><span style=\"font-family: Arial, sans-serif;\"><b>W \u015brod\u0119 <\/b><\/span><span style=\"font-family: Arial, sans-serif;\">22 pa\u017adziernika<\/span><span style=\"font-family: Arial, sans-serif;\">:<\/span><\/span><\/span>\n<ul>\n<li><span style=\"font-family: Arial, sans-serif;\"><span style=\"font-size: medium;\">wspomnienie \u015bw. Jana Paw\u0142a II, papie\u017ca,<\/span><\/span><\/li>\n<li><span style=\"font-family: Arial, sans-serif;\"><span style=\"font-size: medium;\"><span lang=\"pl-PL\">po Mszy \u015bw. o godz. 18:00, Nowenna do Matki Bo\u017cej Nieustaj\u0105cej Pomocy, Pani Zaleskiej, <\/span><\/span><\/span><\/li>\n<li><span style=\"font-family: Arial, sans-serif;\"><span style=\"font-size: medium;\"><span lang=\"pl-PL\">po Nowennie nabo\u017ce\u0144stwo podzi\u0119kowa\u0144 i pr\u00f3\u015bb za wstawiennictwem \u015bw. Jana Paw\u0142a II,<\/span><\/span><\/span><\/li>\n<li><span style=\"font-family: Arial, sans-serif;\"><span style=\"font-size: medium;\"><span lang=\"pl-PL\">po nabo\u017ce\u0144stwie adoracja Naj\u015bwi\u0119tszego Sakramentu do godz. 20:00.<\/span><\/span><\/span><\/li>\n<\/ul>\n<\/li>\n<li><span style=\"font-family: Times New Roman, serif;\"><span style=\"font-size: medium;\"><span style=\"font-family: Arial, sans-serif;\"><b>W pi\u0105tek <\/b><\/span><span style=\"font-family: Arial, sans-serif;\">24 pa\u017adziernika<\/span><span style=\"font-family: Arial, sans-serif;\">:<\/span><\/span><\/span>\n<ul>\n<li><span style=\"font-family: Times New Roman, serif;\"><span style=\"font-size: medium;\"><span style=\"font-family: Arial, sans-serif;\">adoracja Naj\u015bwi\u0119tszego Sakramentu od godz. 17:00 do 18:00.<\/span><\/span><\/span><\/li>\n<\/ul>\n<\/li>\n<li><span style=\"font-family: Arial, sans-serif;\"><span style=\"font-size: medium;\"><span lang=\"pl-PL\"><b>W niedziel\u0119 <\/b><\/span><\/span><\/span><span style=\"font-family: Arial, sans-serif;\"><span style=\"font-size: medium;\"><span lang=\"pl-PL\">26 pa\u017adziernika:<\/span><\/span><\/span>\n<ul>\n<li><span style=\"font-family: Arial, sans-serif;\"><span style=\"font-size: medium;\"><span lang=\"pl-PL\">rocznica po\u015bwi\u0119cenia w\u0142asnego ko\u015bcio\u0142a,<\/span><\/span><\/span><\/li>\n<li><span style=\"font-family: Arial, sans-serif;\"><span style=\"font-size: medium;\"><span lang=\"pl-PL\">R\u00f3\u017caniec poprowadzi R\u00f3\u017ca b\u0142. Bronis\u0142awy.<\/span><\/span><\/span><\/li>\n<\/ul>\n<\/li>\n<li><span style=\"font-family: Arial, sans-serif;\"><span style=\"font-size: medium;\">Za ofiary dzi\u015b z\u0142o\u017cone na nowe \u0142awki w ko\u015bciele sk\u0142adamy \u2013 B\u00f3g zap\u0142a\u0107.<\/span><\/span><\/li>\n<li><span style=\"font-family: Arial, sans-serif;\"><span style=\"font-size: medium;\"><span lang=\"pl-PL\">Pod ch\u00f3rem nowa prasa katolicka, zach\u0119camy do lektury. <\/span><\/span><\/span><\/li>\n<\/ol>\n<p class=\"western\" align=\"justify\"><span style=\"font-family: Arial, sans-serif;\"><span style=\"font-size: medium;\"><b>SPOTKANIA:<\/b><\/span><\/span><\/p>\n<ul>\n<li class=\"western\" lang=\"en-US\"><span style=\"font-family: Arial, sans-serif;\"><span style=\"font-size: medium;\"><span lang=\"pl-PL\"><b>Kandydaci do bierzmowania <\/b><\/span><\/span><\/span><span style=\"font-family: Arial, sans-serif;\"><span style=\"font-size: medium;\"><span lang=\"pl-PL\">\u2013 poniedzia\u0142ek (pierwsza grupa), wtorek (druga grupa) \u2013 udzia\u0142 we Mszy \u015bw. a po niej katecheza<\/span><\/span><\/span><\/li>\n<li class=\"western\" lang=\"en-US\"><span style=\"font-family: Arial, sans-serif;\"><span style=\"font-size: medium;\"><span lang=\"pl-PL\"><b>Ch\u00f3r \u201eCredo\u201d <\/b><\/span><\/span><\/span><span style=\"font-family: Arial, sans-serif;\"><span style=\"font-size: medium;\"><span lang=\"pl-PL\">\u2013 wtorek 18:00<\/span><\/span><\/span><\/li>\n<li class=\"western\" lang=\"en-US\"><span style=\"font-family: Arial, sans-serif;\"><span style=\"font-size: medium;\"><span lang=\"pl-PL\"><b>Wsp\u00f3lnota Doros\u0142ych <\/b><\/span><\/span><\/span><span style=\"font-family: Arial, sans-serif;\"><span style=\"font-size: medium;\"><span lang=\"pl-PL\">\u2013 wtorek po Mszy \u015bw. (w Domu Parafialnym)<\/span><\/span><\/span><\/li>\n<li class=\"western\" lang=\"en-US\"><span style=\"font-family: Arial, sans-serif;\"><span style=\"font-size: medium;\"><span lang=\"pl-PL\"><b>Kandydaci na ministrant\u00f3w<\/b><\/span><\/span><\/span><span style=\"font-family: Arial, sans-serif;\"><span style=\"font-size: medium;\"><span lang=\"pl-PL\"> \u2013 \u015broda 17:00<\/span><\/span><\/span><\/li>\n<li class=\"western\" lang=\"en-US\"><span style=\"font-family: Arial, sans-serif;\"><span style=\"font-size: medium;\"><span lang=\"pl-PL\"><b>LSO <\/b><\/span><\/span><\/span><span style=\"font-family: Arial, sans-serif;\"><span style=\"font-size: medium;\"><span lang=\"pl-PL\">\u2013 \u015broda po Mszy \u015bw.<\/span><\/span><\/span><\/li>\n<li class=\"western\" lang=\"en-US\"><span style=\"font-family: Arial, sans-serif;\"><span style=\"font-size: medium;\"><span lang=\"pl-PL\"><b>Ruch \u015awiat\u0142o &#8211; \u017bycie<\/b><\/span><\/span><\/span><span style=\"font-family: Arial, sans-serif;\"><span style=\"font-size: medium;\"><span lang=\"pl-PL\"> \u2013 pi\u0105tek po Mszy \u015bw.<\/span><\/span><\/span><\/li>\n<\/ul>\n<p class=\"western\">\n","protected":false},"excerpt":{"rendered":"<p>Dzi\u015b: rozpoczynamy w Ko\u015bciele Tydzie\u0144 Misyjny. Pami\u0119tajmy o dzie\u0142ach misyjnych Ko\u015bcio\u0142a i otaczajmy modlitw\u0105 misjonarzy, szczeg\u00f3lnie pochodz\u0105cych z naszej diecezji, wspomnienie b\u0142. Ks. Jerzego Popie\u0142uszki. Mija 41 lat jak oficerowie S\u0142u\u017cby Bezpiecze\u0144stwa zamordowali Ks. Jerzego Popie\u0142uszk\u0119, mo\u017cemy jeszcze zg\u0142asza\u0107 sw\u00f3j udzia\u0142 w rekolekcjach Maryjnych, kt\u00f3re zostan\u0105 wyg\u0142oszone w naszym ko\u015bciele. Pocz\u0105tek rekolekcji 17 listopada. Pod <a class=\"read-more\" href=\"https:\/\/parafiazalesie.org\/index.php\/2025\/10\/19\/ogloszenia-xxix-niedziela-zwykla-19-10-2025-r\/\"><\/p>\n<p>Zobacz wi\u0119cej<\/a><\/p>\n","protected":false},"author":1,"featured_media":2018,"comment_status":"closed","ping_status":"closed","sticky":false,"template":"","format":"standard","meta":{"ngg_post_thumbnail":0,"footnotes":""},"categories":[3],"tags":[],"class_list":["post-2023","post","type-post","status-publish","format-standard","has-post-thumbnail","hentry","category-ogloszenia"],"_links":{"self":[{"href":"https:\/\/parafiazalesie.org\/index.php\/wp-json\/wp\/v2\/posts\/2023","targetHints":{"allow":["GET"]}}],"collection":[{"href":"https:\/\/parafiazalesie.org\/index.php\/wp-json\/wp\/v2\/posts"}],"about":[{"href":"https:\/\/parafiazalesie.org\/index.php\/wp-json\/wp\/v2\/types\/post"}],"author":[{"embeddable":true,"href":"https:\/\/parafiazalesie.org\/index.php\/wp-json\/wp\/v2\/users\/1"}],"replies":[{"embeddable":true,"href":"https:\/\/parafiazalesie.org\/index.php\/wp-json\/wp\/v2\/comments?post=2023"}],"version-history":[{"count":1,"href":"https:\/\/parafiazalesie.org\/index.php\/wp-json\/wp\/v2\/posts\/2023\/revisions"}],"predecessor-version":[{"id":2024,"href":"https:\/\/parafiazalesie.org\/index.php\/wp-json\/wp\/v2\/posts\/2023\/revisions\/2024"}],"wp:featuredmedia":[{"embeddable":true,"href":"https:\/\/parafiazalesie.org\/index.php\/wp-json\/wp\/v2\/media\/2018"}],"wp:attachment":[{"href":"https:\/\/parafiazalesie.org\/index.php\/wp-json\/wp\/v2\/media?parent=2023"}],"wp:term":[{"taxonomy":"category","embeddable":true,"href":"https:\/\/parafiazalesie.org\/index.php\/wp-json\/wp\/v2\/categories?post=2023"},{"taxonomy":"post_tag","embeddable":true,"href":"https:\/\/parafiazalesie.org\/index.php\/wp-json\/wp\/v2\/tags?post=2023"}],"curies":[{"name":"wp","href":"https:\/\/api.w.org\/{rel}","templated":true}]}}