{"id":1995,"date":"2025-10-10T14:48:34","date_gmt":"2025-10-10T12:48:34","guid":{"rendered":"https:\/\/parafiazalesie.org\/?p=1995"},"modified":"2025-10-10T14:48:34","modified_gmt":"2025-10-10T12:48:34","slug":"intencje-mszalne-13-19-pazdziernika-2025","status":"publish","type":"post","link":"https:\/\/parafiazalesie.org\/index.php\/2025\/10\/10\/intencje-mszalne-13-19-pazdziernika-2025\/","title":{"rendered":"INTENCJE  MSZALNE     13 \u2013 19 PA\u0179DZIERNIKA 2025"},"content":{"rendered":"<table style=\"width: 100%; height: 467px;\" width=\"718\">\n<tbody>\n<tr style=\"height: 10px;\">\n<td style=\"height: 20px;\" rowspan=\"2\" width=\"130\">\n<p><strong>Poniedzia\u0142ek<\/strong><\/p>\n<p><strong>13 X 2025<\/strong><\/p>\n<\/td>\n<td style=\"height: 10px;\" width=\"69\">\n<p><strong>7.00<\/strong><\/p>\n<\/td>\n<td style=\"height: 10px;\" width=\"518\">\n<p><strong>+ Stanis\u0142aw Fi\u015bkiewicz <\/strong>\u2013 greg.<br \/>\n<strong>+ Zofia Zawadzka <\/strong>od Lucyny i Marka Szyde\u0142ko<\/p>\n<\/td>\n<\/tr>\n<tr style=\"height: 10px;\">\n<td style=\"height: 10px;\" width=\"69\">\n<p><strong>18.00<\/strong><\/p>\n<\/td>\n<td style=\"height: 10px;\" width=\"518\">\n<p><strong>+ Czes\u0142awa Stec <\/strong>w 29 rocznic\u0119 \u015bmierci<br \/>\n&nbsp;&nbsp; <strong>+ Leon Dwornikowski <\/strong>w 17 rocznic\u0119 \u015bmier\u0107<br \/>\n<em>Poza parafi\u0105:<br \/>\n<\/em><strong><em>+ Joanna Bem<\/em><\/strong><em> od Marii i Krzysztofa z Giedlarowej<\/em><\/p>\n<\/td>\n<\/tr>\n<tr style=\"height: 10px;\">\n<td style=\"height: 20px;\" rowspan=\"2\" width=\"130\">\n<p><strong>Wtorek<\/strong><\/p>\n<p><strong>14 X 2025<\/strong><\/p>\n<\/td>\n<td style=\"height: 10px;\" width=\"69\">\n<p><strong>7.00<\/strong><\/p>\n<\/td>\n<td style=\"height: 10px;\" width=\"518\">\n<p><strong>+ Stanis\u0142aw Fi\u015bkiewicz <\/strong>\u2013 greg.<br \/>\n<strong>+ Zofia Zawadzka <\/strong>od syna Ludwika<\/p>\n<\/td>\n<\/tr>\n<tr style=\"height: 10px;\">\n<td style=\"height: 10px;\" width=\"69\">\n<p><strong>18.00<\/strong><\/p>\n<\/td>\n<td style=\"height: 10px;\" width=\"518\">\n<p><strong>+ Stanis\u0142awa Mita\u0142 <\/strong>w rocznic\u0119 \u015bmierci od dzieci<br \/>\n<strong>+ Joanna Bober<br \/>\n<\/strong><em>Poza parafi\u0105:<br \/>\n<\/em><strong><em>+ Joanna Bem<\/em><\/strong><em> od Roberta Rup<\/em><\/p>\n<\/td>\n<\/tr>\n<tr style=\"height: 114px;\">\n<td style=\"height: 124px;\" rowspan=\"2\" width=\"130\">\n<p><strong>\u015aroda<\/strong><\/p>\n<p><strong>15 X 2025<\/strong><\/p>\n<\/td>\n<td style=\"height: 114px;\" width=\"69\">\n<p><strong>7.00<\/strong><\/p>\n<\/td>\n<td style=\"height: 114px;\" width=\"518\">\n<p>Dzi\u0119kczynna w 50 rocznic\u0119 \u015blubu <strong>Marii i Zdzis\u0142awa<\/strong> <br \/>\nz pro\u015bb\u0105 o Bo\u017ce b\u0142ogos\u0142awie\u0144stwo i opiek\u0119 Matki Bo\u017cej<\/p>\n<p><strong>+ Stanis\u0142aw Fi\u015bkiewicz <\/strong>\u2013 greg.<\/p>\n<\/td>\n<\/tr>\n<tr style=\"height: 10px;\">\n<td style=\"height: 10px;\" width=\"69\">\n<p><strong>18.00<\/strong><\/p>\n<\/td>\n<td style=\"height: 10px;\" width=\"518\">\n<p><strong>+ Maria Zg\u00f3rska<\/strong> od syna Janusza z rodzin\u0105<br \/>\n<strong>+ Krystyna Doma\u0144ska <\/strong>w 3 rocznic\u0119 \u015bmierci<br \/>\n<em>Poza parafi\u0105:<br \/>\n<\/em><strong><em>+ Joanna Bem<\/em><\/strong><em> od Marty i Marka Niemczyk z rodzin\u0105<\/em><\/p>\n<\/td>\n<\/tr>\n<tr style=\"height: 92px;\">\n<td style=\"height: 102px;\" rowspan=\"2\" width=\"130\">\n<p><strong>Czwartek<\/strong><\/p>\n<p><strong>16.X.2025<\/strong><\/p>\n<\/td>\n<td style=\"height: 92px;\" width=\"69\">\n<p><strong>7.00<\/strong><\/p>\n<\/td>\n<td style=\"height: 92px;\" width=\"518\">\n<p><strong>+ Stanis\u0142aw Fi\u015bkiewicz <\/strong>\u2013 greg.<br \/>\n<strong>+ Zofia Zawadzka <\/strong>od syna Ludwika<\/p>\n<\/td>\n<\/tr>\n<tr style=\"height: 10px;\">\n<td style=\"height: 10px;\" width=\"69\">\n<p><strong>18.00<\/strong><\/p>\n<\/td>\n<td style=\"height: 10px;\" width=\"518\">\n<p>Dzi\u0119kczynna za wstawiennictwo Matki Bo\u017cej i otrzymane \u0142aski, oraz b\u0142ogos\u0142awie\u0144stwa dla<strong> Katarzyny i Jakuba.<br \/>\n<\/strong><strong>+ Maria Zg\u00f3rska <\/strong>od wnuczki Sylwii i wnuka Grzegorza z rodzinami<\/p>\n<\/td>\n<\/tr>\n<tr style=\"height: 10px;\">\n<td style=\"height: 20px;\" rowspan=\"2\" width=\"130\">\n<p><strong>Pi\u0105tek<br \/>\n17.X.2025<\/strong><\/p>\n<\/td>\n<td style=\"height: 10px;\" width=\"69\">\n<p><strong>7.00<\/strong><\/p>\n<\/td>\n<td style=\"height: 10px;\" width=\"518\">\n<p><strong>+ Stanis\u0142aw Fi\u015bkiewicz <\/strong>\u2013 greg.<br \/>\n<strong>+ Zofia Zawadzka <\/strong>od syna Ludwika<\/p>\n<\/td>\n<\/tr>\n<tr style=\"height: 10px;\">\n<td style=\"height: 10px;\" width=\"69\">\n<p><strong>18.00<\/strong><\/p>\n<\/td>\n<td style=\"height: 10px;\" width=\"518\">\n<p>Dzi\u0119kczynna za dotychczasow\u0105 opiek\u0119 Matki Bo\u017cej oraz dary Ducha \u015awi\u0119tego dla<strong> Bo\u017ceny, Iwony, Mai i Bart\u0142omieja<br \/>\n<\/strong><strong>+ + Halina, Zdzis\u0142aw<\/strong><\/p>\n<\/td>\n<\/tr>\n<tr style=\"height: 10px;\">\n<td style=\"height: 20px;\" rowspan=\"2\" width=\"130\">\n<p><strong>Sobota<\/strong><\/p>\n<p><strong>18.X.2025<\/strong><\/p>\n<\/td>\n<td style=\"height: 10px;\" width=\"69\">\n<p><strong>7.00<\/strong><\/p>\n<\/td>\n<td style=\"height: 10px;\" width=\"518\">\n<p><strong>+ Stanis\u0142aw Fi\u015bkiewicz <\/strong>\u2013 greg.<br \/>\n<strong>+ Zofia Zawadzka <\/strong>od syna Ludwika<\/p>\n<\/td>\n<\/tr>\n<tr style=\"height: 10px;\">\n<td style=\"height: 10px;\" width=\"69\">\n<p><strong>18.00<\/strong><\/p>\n<\/td>\n<td style=\"height: 10px;\" width=\"518\">\n<p>Dzi\u0119kczynna za 50 lat sakramentu ma\u0142\u017ce\u0144stwa<strong> Jadwigi i Bogus\u0142awa <\/strong>z pro\u015bb\u0105 o dalsze Bo\u017ce b\u0142ogos\u0142awie\u0144stwo zdrowie, opiek\u0119 Matki Bo\u017cej i potrzebne \u0142aski na kolejne lata \u017cycia.<br \/>\n<strong><em>+ <\/em><\/strong><strong>Janina Rejman <\/strong>od s\u0105siad\u00f3w z ulicy<\/p>\n<\/td>\n<\/tr>\n<tr style=\"height: 10px;\">\n<td style=\"height: 161px;\" rowspan=\"5\" width=\"130\">\n<p><strong>Niedziela<\/strong><\/p>\n<p><strong>19.X.2025<\/strong><\/p>\n<\/td>\n<td style=\"height: 10px;\" width=\"69\">\n<p><strong>7.00<\/strong><\/p>\n<\/td>\n<td style=\"height: 10px;\" width=\"518\">\n<p><strong>+ Anna Ryznar <\/strong>w 10 rocznice \u015bmierci int. od m\u0119\u017ca<br \/>\n<strong>+ Zofia Zawadzka <\/strong>int. od s\u0105siadki Bronis\u0142awy<\/p>\n<\/td>\n<\/tr>\n<tr style=\"height: 47px;\">\n<td style=\"height: 47px;\" width=\"69\">\n<p><strong>9.00<\/strong><\/p>\n<\/td>\n<td style=\"height: 47px;\" width=\"518\">\n<p><strong>Za Parafian<\/strong><\/p>\n<\/td>\n<\/tr>\n<tr style=\"height: 10px;\">\n<td style=\"height: 10px;\" width=\"69\">\n<p><strong>10.30<\/strong><\/p>\n<\/td>\n<td style=\"height: 10px;\" width=\"518\">\n<p><strong>+ Stanis\u0142aw Fi\u015bkiewicz <\/strong>\u2013 greg.<br \/>\nW intencji <strong>ks. \u0141ukasza<\/strong> o Bo\u017ce b\u0142ogos\u0142awie\u0144stwo potrzebne \u0142aski i opiek\u0119 MB z okazji imienin.<\/p>\n<\/td>\n<\/tr>\n<tr style=\"height: 47px;\">\n<td style=\"height: 47px;\" width=\"69\">\n<p><strong>12.00<\/strong><\/p>\n<\/td>\n<td style=\"height: 47px;\" width=\"518\">\n<p><strong>+ Jan <\/strong>w 16 rocznice \u015bmierci<\/p>\n<\/td>\n<\/tr>\n<tr style=\"height: 47px;\">\n<td style=\"height: 47px;\" width=\"69\">\n<p><strong>17.00<\/strong><\/p>\n<\/td>\n<td style=\"height: 47px;\" width=\"518\">\n<p><strong>+ Anna Ryznar<\/strong><\/p>\n<\/td>\n<\/tr>\n<\/tbody>\n<\/table>\n<p>&nbsp;<\/p>\n","protected":false},"excerpt":{"rendered":"<p>Poniedzia\u0142ek 13 X 2025 7.00 + Stanis\u0142aw Fi\u015bkiewicz \u2013 greg. + Zofia Zawadzka od Lucyny i Marka Szyde\u0142ko 18.00 + Czes\u0142awa Stec w 29 rocznic\u0119 \u015bmierci &nbsp;&nbsp; + Leon Dwornikowski w 17 rocznic\u0119 \u015bmier\u0107 Poza parafi\u0105: + Joanna Bem od Marii i Krzysztofa z Giedlarowej Wtorek 14 X 2025 7.00 + Stanis\u0142aw Fi\u015bkiewicz \u2013 greg. <a class=\"read-more\" href=\"https:\/\/parafiazalesie.org\/index.php\/2025\/10\/10\/intencje-mszalne-13-19-pazdziernika-2025\/\"><\/p>\n<p>Zobacz wi\u0119cej<\/a><\/p>\n","protected":false},"author":1,"featured_media":111,"comment_status":"closed","ping_status":"closed","sticky":false,"template":"","format":"standard","meta":{"ngg_post_thumbnail":0,"footnotes":""},"categories":[5],"tags":[],"class_list":["post-1995","post","type-post","status-publish","format-standard","has-post-thumbnail","hentry","category-intencje"],"_links":{"self":[{"href":"https:\/\/parafiazalesie.org\/index.php\/wp-json\/wp\/v2\/posts\/1995","targetHints":{"allow":["GET"]}}],"collection":[{"href":"https:\/\/parafiazalesie.org\/index.php\/wp-json\/wp\/v2\/posts"}],"about":[{"href":"https:\/\/parafiazalesie.org\/index.php\/wp-json\/wp\/v2\/types\/post"}],"author":[{"embeddable":true,"href":"https:\/\/parafiazalesie.org\/index.php\/wp-json\/wp\/v2\/users\/1"}],"replies":[{"embeddable":true,"href":"https:\/\/parafiazalesie.org\/index.php\/wp-json\/wp\/v2\/comments?post=1995"}],"version-history":[{"count":1,"href":"https:\/\/parafiazalesie.org\/index.php\/wp-json\/wp\/v2\/posts\/1995\/revisions"}],"predecessor-version":[{"id":1996,"href":"https:\/\/parafiazalesie.org\/index.php\/wp-json\/wp\/v2\/posts\/1995\/revisions\/1996"}],"wp:featuredmedia":[{"embeddable":true,"href":"https:\/\/parafiazalesie.org\/index.php\/wp-json\/wp\/v2\/media\/111"}],"wp:attachment":[{"href":"https:\/\/parafiazalesie.org\/index.php\/wp-json\/wp\/v2\/media?parent=1995"}],"wp:term":[{"taxonomy":"category","embeddable":true,"href":"https:\/\/parafiazalesie.org\/index.php\/wp-json\/wp\/v2\/categories?post=1995"},{"taxonomy":"post_tag","embeddable":true,"href":"https:\/\/parafiazalesie.org\/index.php\/wp-json\/wp\/v2\/tags?post=1995"}],"curies":[{"name":"wp","href":"https:\/\/api.w.org\/{rel}","templated":true}]}}