{"id":198,"date":"2021-05-02T13:21:24","date_gmt":"2021-05-02T11:21:24","guid":{"rendered":"https:\/\/parafiazalesie.org\/?p=198"},"modified":"2021-05-02T13:21:24","modified_gmt":"2021-05-02T11:21:24","slug":"ogloszenia-v-niedziela-wielkanocna-2-05-2021-r","status":"publish","type":"post","link":"https:\/\/parafiazalesie.org\/index.php\/2021\/05\/02\/ogloszenia-v-niedziela-wielkanocna-2-05-2021-r\/","title":{"rendered":"OG\u0141OSZENIA V Niedziela Wielkanocna 2.05.2021 r."},"content":{"rendered":"<ol>\n<li><b> W poniedzia\u0142ek <\/b>3 maja:\n<ul>\n<li><b style=\"font-family: inherit; font-style: inherit;\">Uroczysto\u015b\u0107 Naj\u015bwi\u0119tszej Maryi Panny, Kr\u00f3lowej Polski<\/b><span style=\"font-size: 15px;\"> i \u015bwi\u0119to narodowe,<\/span><\/li>\n<li>Msze \u015bw. jak w ka\u017cd\u0105 niedziel\u0119.<\/li>\n<\/ul>\n<\/li>\n<li><b style=\"font-family: inherit; font-style: inherit;\">We wtorek<\/b><span style=\"font-size: 15px;\"> 4 maja:<\/span>\n<ul>\n<li>wspomnienie \u015bw. Floriana, m\u0119czennika,<\/li>\n<li>po Mszy \u015bw. Wsp\u00f3lnota Doros\u0142ych zaprasza na spotkanie formacyjne.<\/li>\n<\/ul>\n<\/li>\n<li><b style=\"font-family: inherit; font-style: inherit;\">W \u015brod\u0119<\/b><span style=\"font-size: 15px;\"> 5 maja:<\/span>\n<ul>\n<li>po Mszy \u015bw. Nowenna do Matki Bo\u017cej Nieustaj\u0105cej Pomocy, Pani Zaleskiej,<\/li>\n<li>po Nowennie Adoracja Naj\u015bwi\u0119tszego Sakramentu.<\/li>\n<\/ul>\n<\/li>\n<li>W tym tygodniu wypada <b>pierwszy czwartek i pierwszy pi\u0105tek miesi\u0105ca<\/b>. <br \/>\nMo\u017cliwo\u015b\u0107 spowiedzi codziennie, a w pierwszy pi\u0105tek od godz. 17:00. Zach\u0119camy do skorzystania.<\/li>\n<li><b style=\"font-family: inherit; font-style: inherit;\">W czwartek <\/b><span style=\"font-size: 15px;\">6 maja:<\/span>\n<ul>\n<li>\u015awi\u0119to \u015bw. Aposto\u0142\u00f3w Filipa i Jakuba.<\/li>\n<\/ul>\n<\/li>\n<li><b style=\"font-family: inherit; font-style: inherit;\">W pi\u0105tek <\/b><span style=\"font-size: 15px;\">7 maja:<\/span>\n<ul>\n<li>po Mszy \u015bw. Adoracja Naj\u015bwi\u0119tszego Sakramentu do godz. 20:00.<\/li>\n<\/ul>\n<\/li>\n<li><b style=\"font-family: inherit; font-style: inherit;\">W sobot\u0119 <\/b><span style=\"font-size: 15px;\">8 maja:<\/span>\n<ul>\n<li>Uroczysto\u015b\u0107 \u015bw. Stanis\u0142awa biskupa, m\u0119czennika, patrona Polski.<\/li>\n<\/ul>\n<\/li>\n<li><b style=\"font-family: inherit; font-style: inherit;\">W niedziel\u0119 <\/b><span style=\"font-size: 15px;\">9 maja:<\/span>\n<ul>\n<li>R\u00f3\u017caniec poprowadzi R\u00f3\u017ca Pani Bronis\u0142awy Kalandyk.<\/li>\n<\/ul>\n<\/li>\n<\/ol>\n<p>&nbsp;<\/p>\n","protected":false},"excerpt":{"rendered":"<p>W poniedzia\u0142ek 3 maja: Uroczysto\u015b\u0107 Naj\u015bwi\u0119tszej Maryi Panny, Kr\u00f3lowej Polski i \u015bwi\u0119to narodowe, Msze \u015bw. jak w ka\u017cd\u0105 niedziel\u0119. We wtorek 4 maja: wspomnienie \u015bw. Floriana, m\u0119czennika, po Mszy \u015bw. Wsp\u00f3lnota Doros\u0142ych zaprasza na spotkanie formacyjne. W \u015brod\u0119 5 maja: po Mszy \u015bw. Nowenna do Matki Bo\u017cej Nieustaj\u0105cej Pomocy, Pani Zaleskiej, po Nowennie Adoracja Naj\u015bwi\u0119tszego <a class=\"read-more\" href=\"https:\/\/parafiazalesie.org\/index.php\/2021\/05\/02\/ogloszenia-v-niedziela-wielkanocna-2-05-2021-r\/\"><\/p>\n<p>Zobacz wi\u0119cej<\/a><\/p>\n","protected":false},"author":1,"featured_media":223,"comment_status":"closed","ping_status":"closed","sticky":false,"template":"","format":"standard","meta":{"ngg_post_thumbnail":0,"footnotes":""},"categories":[3],"tags":[],"class_list":["post-198","post","type-post","status-publish","format-standard","has-post-thumbnail","hentry","category-ogloszenia"],"_links":{"self":[{"href":"https:\/\/parafiazalesie.org\/index.php\/wp-json\/wp\/v2\/posts\/198","targetHints":{"allow":["GET"]}}],"collection":[{"href":"https:\/\/parafiazalesie.org\/index.php\/wp-json\/wp\/v2\/posts"}],"about":[{"href":"https:\/\/parafiazalesie.org\/index.php\/wp-json\/wp\/v2\/types\/post"}],"author":[{"embeddable":true,"href":"https:\/\/parafiazalesie.org\/index.php\/wp-json\/wp\/v2\/users\/1"}],"replies":[{"embeddable":true,"href":"https:\/\/parafiazalesie.org\/index.php\/wp-json\/wp\/v2\/comments?post=198"}],"version-history":[{"count":0,"href":"https:\/\/parafiazalesie.org\/index.php\/wp-json\/wp\/v2\/posts\/198\/revisions"}],"wp:featuredmedia":[{"embeddable":true,"href":"https:\/\/parafiazalesie.org\/index.php\/wp-json\/wp\/v2\/media\/223"}],"wp:attachment":[{"href":"https:\/\/parafiazalesie.org\/index.php\/wp-json\/wp\/v2\/media?parent=198"}],"wp:term":[{"taxonomy":"category","embeddable":true,"href":"https:\/\/parafiazalesie.org\/index.php\/wp-json\/wp\/v2\/categories?post=198"},{"taxonomy":"post_tag","embeddable":true,"href":"https:\/\/parafiazalesie.org\/index.php\/wp-json\/wp\/v2\/tags?post=198"}],"curies":[{"name":"wp","href":"https:\/\/api.w.org\/{rel}","templated":true}]}}