{"id":192,"date":"2021-04-30T07:54:31","date_gmt":"2021-04-30T05:54:31","guid":{"rendered":"https:\/\/parafiazalesie.org\/?p=192"},"modified":"2021-04-30T07:54:31","modified_gmt":"2021-04-30T05:54:31","slug":"intencje-3-9-05-2021-r","status":"publish","type":"post","link":"https:\/\/parafiazalesie.org\/index.php\/2021\/04\/30\/intencje-3-9-05-2021-r\/","title":{"rendered":"Intencje 3 \u2013 9.05.2021 r."},"content":{"rendered":"<p><b>\u00a03 Maja\u2013 PONIEDZIA\u0141EK<br \/>\n<\/b>7:00\u00a0\u00a0\u00a0 + W\u0142adys\u0142aw Stec<br \/>\n\u00a09:00\u00a0\u00a0\u00a0 + Marian Pa\u0142ka gr.11<br \/>\n10:30\u00a0\u00a0 + Stanis\u0142awa (f) Ziobro gr.22<br \/>\n12:00\u00a0\u00a0 O Bo\u017ce b\u0142ogos\u0142awie\u0144stwo i opiek\u0119 Matki Bo\u017cej dla Anety i jej rodziny<br \/>\n13:30\u00a0\u00a0 + Stanis\u0142awa (f) Ciuba \u2013 z int. rodziny Rzeszutk\u00f3w<br \/>\n17:00 \u00a0\u00a0 + Damian<br \/>\n<b>\u00a04 Maja \u2013 WTOREK<br \/>\n<\/b>\u00a07:00\u00a0 Dzi\u0119kczynna za Bo\u017ce b\u0142ogos\u0142awie\u0144stwo dla rodziny z pro\u015bb\u0105 o dalsze potrzebne \u0142aski<br \/>\n\u00a0 \u00a0 \u00a0 \u00a0 \u00a0 \u00a0 \u00a0+ Stanis\u0142awa (f) Ziobro gr.23<br \/>\n\u00a0 \u00a0 \u00a0 \u00a0 \u00a0 \u00a0 \u00a0+ Janina Chmiel<br \/>\n18:00\u00a0 O Bo\u017ce b\u0142ogos\u0142awie\u0144stwo, potrzebne \u0142aski dla Stra\u017cak\u00f3w<br \/>\n\u00a0 \u00a0 \u00a0 \u00a0 \u00a0 \u00a0 \u00a0\u00a0 O\u00a0 zdrowie\u00a0 i\u00a0 Bo\u017ce\u00a0 b\u0142ogos\u0142awie\u0144stwo\u00a0 dla\u00a0 Si\u00f3str\u00a0 z\u00a0 R\u00f3\u017cy\u00a0 Kazimiery Pawe\u0142ek i ich rodzin<br \/>\n\u00a0 \u00a0 \u00a0 \u00a0 \u00a0 \u00a0 \u00a0 \u00a0+ Marian Pa\u0142ka gr.12<br \/>\n<b>\u00a05 Maja <\/b><b>\u2013 \u015aRODA<br \/>\n<\/b>\u00a07:00\u00a0 O zdrowie dla Jana i opiek\u0119 Matki Bo\u017cej Zaleskiej<br \/>\n\u00a0 \u00a0 \u00a0 \u00a0 \u00a0 \u00a0 \u00a0 + Stanis\u0142awa (f) Ziobro gr.24<br \/>\n\u00a0 \u00a0 \u00a0 \u00a0 \u00a0 \u00a0 \u00a0 + Maria Kuja\u0142owicz<br \/>\n18:00\u00a0 O zdrowie i Bo\u017ce b\u0142ogos\u0142awie\u0144stwo dla Braci z R\u00f3\u017cy Bronis\u0142awa Pa\u0142ki<br \/>\n\u00a0 \u00a0 \u00a0 \u00a0 \u00a0 \u00a0 \u00a0 + Marian Pa\u0142ka gr.13<br \/>\n<b>\u00a06 Maja <\/b><b>\u2013 CZWARTEK <br \/>\n<\/b>7:00\u00a0 O \u0142ask\u0119 zdrowia i si\u0142y dla rodzic\u00f3w Micha\u0142a i Anny po stracie Izy \u2013 z int. Zespo\u0142u Caritas<br \/>\n\u00a0 \u00a0 \u00a0 \u00a0 \u00a0 \u00a0 \u00a0\u00a0 + Stanis\u0142awa (f) Ziobro gr.25<br \/>\n\u00a0 \u00a0 \u00a0 \u00a0 \u00a0 \u00a0 \u00a0 + Zofia Zembro\u0144 \u2013 z int. siostrzenicy Marii z rodzin\u0105<br \/>\n18:00\u00a0 + Marian Pa\u0142ka gr.14<br \/>\n\u00a0 \u00a0 \u00a0 \u00a0 \u00a0 \u00a0 \u00a0 + W\u0142adys\u0142aw Dzi\u0119giel w 9r. \u015bmierci\u00a0<br \/>\n<b>\u00a07 Maja PI\u0104TEK<br \/>\n<\/b>7:00\u00a0 + Stanis\u0142awa (f) Ziobro gr.26<br \/>\n\u00a0 ++ Anna i Stanis\u0142aw Bogusz<br \/>\n\u00a0 + ks. Stanis\u0142aw P\u0142aza<br \/>\n\u00a0 + ks. J\u00f3zef Kornaga<br \/>\n18:00\u00a0 + Marian Pa\u0142ka gr.15<br \/>\n<b>\u00a08 Maja <\/b><b>\u2013 SOBOTA <br \/>\n<\/b>\u00a07:00\u00a0 Dzi\u0119kczynna za Stanis\u0142awa z pro\u015bb\u0105 o Bo\u017ce b\u0142ogos\u0142awie\u0144stwo i opiek\u0119 Matki Bo\u017cej<br \/>\n\u00a0 \u00a0 \u00a0 \u00a0 \u00a0 \u00a0 \u00a0 +Stanis\u0142awa (f) Ziobro gr.27<br \/>\n\u00a0 \u00a0 \u00a0 \u00a0 \u00a0 \u00a0 \u00a0 ++ Honorata i Jan Stec<br \/>\n18:00\u00a0 + Marian Pa\u0142ka gr.16<br \/>\n\u00a0 \u00a0 \u00a0 \u00a0 \u00a0 \u00a0 \u00a0 \u00a0++ Aniela i Micha\u0142 Bendarz<br \/>\n<b>\u00a09<\/b> <b>Maja <\/b><b>\u2013 NIEDZIELA <br \/>\n<\/b>\u00a07:00\u00a0 + Stanis\u0142awa (f) Ziobro gr.28 \u00a0<br \/>\n\u00a09:00\u00a0 O zdrowie i Bo\u017ce b\u0142ogos\u0142awie\u0144stwo oraz opiek\u0119 Matki Bo\u017cej dla Si\u00f3str z R\u00f3\u017cy Bronis\u0142awy Kalandyk<br \/>\n10:30\u00a0 Za Parafian<br \/>\n12:00\u00a0 + Stanis\u0142awa (f)<br \/>\n13:30\u00a0 O wzrost w wierze i pok\u00f3j ducha dla Babci Izy \u2013 z\u00a0int. przyjaci\u00f3\u0142<br \/>\n17:00\u00a0 + Marian Pa\u0142ka gr.17<\/p>\n","protected":false},"excerpt":{"rendered":"<p>\u00a03 Maja\u2013 PONIEDZIA\u0141EK 7:00\u00a0\u00a0\u00a0 + W\u0142adys\u0142aw Stec \u00a09:00\u00a0\u00a0\u00a0 + Marian Pa\u0142ka gr.11 10:30\u00a0\u00a0 + Stanis\u0142awa (f) Ziobro gr.22 12:00\u00a0\u00a0 O Bo\u017ce b\u0142ogos\u0142awie\u0144stwo i opiek\u0119 Matki Bo\u017cej dla Anety i jej rodziny 13:30\u00a0\u00a0 + Stanis\u0142awa (f) Ciuba \u2013 z int. rodziny Rzeszutk\u00f3w 17:00 \u00a0\u00a0 + Damian \u00a04 Maja \u2013 WTOREK \u00a07:00\u00a0 Dzi\u0119kczynna za Bo\u017ce b\u0142ogos\u0142awie\u0144stwo dla <a class=\"read-more\" href=\"https:\/\/parafiazalesie.org\/index.php\/2021\/04\/30\/intencje-3-9-05-2021-r\/\"><\/p>\n<p>Zobacz wi\u0119cej<\/a><\/p>\n","protected":false},"author":1,"featured_media":111,"comment_status":"closed","ping_status":"closed","sticky":false,"template":"","format":"standard","meta":{"ngg_post_thumbnail":0,"footnotes":""},"categories":[5],"tags":[13,21],"class_list":["post-192","post","type-post","status-publish","format-standard","has-post-thumbnail","hentry","category-intencje","tag-intencje","tag-maj"],"_links":{"self":[{"href":"https:\/\/parafiazalesie.org\/index.php\/wp-json\/wp\/v2\/posts\/192","targetHints":{"allow":["GET"]}}],"collection":[{"href":"https:\/\/parafiazalesie.org\/index.php\/wp-json\/wp\/v2\/posts"}],"about":[{"href":"https:\/\/parafiazalesie.org\/index.php\/wp-json\/wp\/v2\/types\/post"}],"author":[{"embeddable":true,"href":"https:\/\/parafiazalesie.org\/index.php\/wp-json\/wp\/v2\/users\/1"}],"replies":[{"embeddable":true,"href":"https:\/\/parafiazalesie.org\/index.php\/wp-json\/wp\/v2\/comments?post=192"}],"version-history":[{"count":0,"href":"https:\/\/parafiazalesie.org\/index.php\/wp-json\/wp\/v2\/posts\/192\/revisions"}],"wp:featuredmedia":[{"embeddable":true,"href":"https:\/\/parafiazalesie.org\/index.php\/wp-json\/wp\/v2\/media\/111"}],"wp:attachment":[{"href":"https:\/\/parafiazalesie.org\/index.php\/wp-json\/wp\/v2\/media?parent=192"}],"wp:term":[{"taxonomy":"category","embeddable":true,"href":"https:\/\/parafiazalesie.org\/index.php\/wp-json\/wp\/v2\/categories?post=192"},{"taxonomy":"post_tag","embeddable":true,"href":"https:\/\/parafiazalesie.org\/index.php\/wp-json\/wp\/v2\/tags?post=192"}],"curies":[{"name":"wp","href":"https:\/\/api.w.org\/{rel}","templated":true}]}}