{"id":1907,"date":"2025-04-24T13:06:01","date_gmt":"2025-04-24T11:06:01","guid":{"rendered":"https:\/\/parafiazalesie.org\/?p=1907"},"modified":"2025-04-24T13:06:01","modified_gmt":"2025-04-24T11:06:01","slug":"ogloszenia-ii-niedziela-wielkanocna-niedziela-milosierdzia-bozego-27-04-2025-r","status":"publish","type":"post","link":"https:\/\/parafiazalesie.org\/index.php\/2025\/04\/24\/ogloszenia-ii-niedziela-wielkanocna-niedziela-milosierdzia-bozego-27-04-2025-r\/","title":{"rendered":"OG\u0141OSZENIA  II Niedziela Wielkanocna, Niedziela Mi\u0142osierdzia Bo\u017cego 27.04.2025 r."},"content":{"rendered":"<ol>\n<li><strong>Dzi\u015b:<\/strong>\n<ul>\n<li>druga Niedziela Wielkanocna<strong>, Niedziela Mi\u0142osierdzia Bo\u017cego<\/strong>. To czas szczeg\u00f3lnej \u0142aski dla \u015bwiata. Z dzisiejszym \u015awi\u0119tem zwi\u0105zana jest \u0142aska szczeg\u00f3lna obiecana przez Pana Jezusa wszystkim, kt\u00f3rzy zwr\u00f3c\u0105 si\u0119 do Niego z ufno\u015bci\u0105: &#8222;Kt\u00f3ra dusza przyst\u0105pi do Spowiedzi i Komunii \u015awi\u0119tej, dost\u0105pi zupe\u0142nego odpuszczenia win i kar&#8221;. Jest to \u0142aska por\u00f3wnywalna z \u0142ask\u0105 chrztu \u015bwi\u0119tego. Warunki uzyskania \u0142aski odpuszczenia win i kar to:\n<ul>\n<li>sakramentalna spowied\u017a (b\u0105d\u017a bycie w stanie \u0142aski u\u015bwi\u0119caj\u0105cej), komunia \u015bwi\u0119ta, modlitwa w intencjach Ojca \u015awi\u0119tego, ca\u0142kowita wolno\u015b\u0107 od przywi\u0105zania do jakiegokolwiek grzechu, wykonanie aktu religijnego (nale\u017cy odm\u00f3wi\u0107 koronk\u0119 do Mi\u0142osierdzia Bo\u017cego,\\<\/li>\n<\/ul>\n<\/li>\n<li>dzisiejszym \u015awi\u0119tem Mi\u0142osierdzia Bo\u017cego rozpoczynamy Tydzie\u0144 Mi\u0142osierdzia. Niedziela Mi\u0142osierdzia jest \u015awi\u0119tem Patronalnym Caritas,<\/li>\n<li><strong>parafialny Zesp\u00f3\u0142 Caritas \u015bwi\u0119tuje 25\u2013lecie swojego istnienia<\/strong>. Msza \u015bw. jubileuszowa o godz. 12:00,<\/li>\n<li>na godz. 15:00 zapraszamy na wsp\u00f3ln\u0105 modlitw\u0119 w Godzin\u0119 Bo\u017cego Mi\u0142osierdzia przed Naj\u015bwi\u0119tszym Sakramentem.<\/li>\n<\/ul>\n<\/li>\n<li><strong>W poniedzia\u0142ek <\/strong>28 kwietnia:\n<ul>\n<li>Uroczysto\u015b\u0107 \u015bw. Wojciecha, biskupa, m\u0119czennika, patrona Polski.<\/li>\n<\/ul>\n<\/li>\n<li><strong>We wtorek<\/strong> 29 kwietnia:\n<ul>\n<li>\u015awi\u0119to \u015bw. Katarzyny ze Sieny, dziewicy, doktora Ko\u015bcio\u0142a.<\/li>\n<\/ul>\n<\/li>\n<li><strong>W \u015brod\u0119 <\/strong>30 kwietnia:\n<ul>\n<li>po Mszy \u015bw. o godz. 18:00 Nowenna do Matki Bo\u017cej Nieustaj\u0105cej Pomocy, Pani Zaleskiej,<\/li>\n<li>po nabo\u017ce\u0144stwie mo\u017cliwo\u015b\u0107 adoracji Naj\u015bwi\u0119tszego Sakramentu do godz. 20:00.<\/li>\n<\/ul>\n<\/li>\n<li>W tym tygodniu wypada <strong>pierwszy czwartek, pierwszy pi\u0105tek i pierwsza sobota miesi\u0105ca<\/strong>. Spowiadamy codziennie przed Mszami \u015bw. Spowied\u017a w pierwszy pi\u0105tek od godz. 17:00.<\/li>\n<li><strong>W pierwszy czwartek<\/strong> <strong>miesi\u0105ca<\/strong> 1 maja:\n<ul>\n<li>wspomnienie \u015bw. J\u00f3zefa, rzemie\u015blnika.<\/li>\n<\/ul>\n<\/li>\n<li><strong>W pierwszy pi\u0105tek miesi\u0105ca <\/strong>2 maja:\n<ul>\n<li>wspomnienie \u015bw. Atanazego, biskupa, doktora Ko\u015bcio\u0142a,<\/li>\n<li>po nabo\u017ce\u0144stwie pierwszopi\u0105tkowym adoracja Naj\u015bwi\u0119tszego Sakramentu do godz. 20:00.<\/li>\n<\/ul>\n<\/li>\n<li><strong>W pierwsz\u0105 sobot\u0119<\/strong> <strong>miesi\u0105ca<\/strong> 3 maja:\n<ul>\n<li>Uroczysto\u015b\u0107 NMP Kr\u00f3lowej Polski, g\u0142\u00f3wnej Patronki Polski,<\/li>\n<li>Msze \u015bw. jak w ka\u017cd\u0105 niedziel\u0119.<\/li>\n<\/ul>\n<\/li>\n<li><strong>W niedziel\u0119 4<\/strong> maja:\n<ul>\n<li>R\u00f3\u017caniec poprowadzi R\u00f3\u017ca \u015bw. Jadwigi \u015al\u0105skiej,<\/li>\n<li>po prymarii zmiana tajemnic r\u00f3\u017ca\u0144cowych.<\/li>\n<\/ul>\n<\/li>\n<li>Czytajmy i rozwa\u017cajmy S\u0142owo Bo\u017ce. Pod ch\u00f3rem mamy now\u0105 pras\u0119 katolick\u0105. Zach\u0119camy do lektury.<\/li>\n<\/ol>\n<p><strong>&nbsp;<\/strong><\/p>\n<p><strong>SPOTKANIA:<\/strong><\/p>\n<ul>\n<li><strong>Ch\u00f3r \u201eCredo\u201d <\/strong>\u2013 wtorek 18:00<\/li>\n<li><strong>Medytacja S\u0142owa Bo\u017cego w duchu Lectio divina \u2013 <\/strong>wtorek po Mszy \u015bw. <em>(w ko\u015bciele)<\/em><\/li>\n<li><strong>LSO <\/strong>\u2013 \u015broda po Mszy \u015bw.<\/li>\n<li><strong>Ruch \u015awiat\u0142o &#8211; \u017bycie<\/strong> \u2013 pi\u0105tek po Mszy \u015bw.<\/li>\n<\/ul>\n<p><strong>&nbsp;<\/strong><\/p>\n<div id=\"gtx-trans\" style=\"position: absolute; left: -21px; top: 795px;\">\n<div class=\"gtx-trans-icon\">&nbsp;<\/div>\n<\/div>\n","protected":false},"excerpt":{"rendered":"<p>Dzi\u015b: druga Niedziela Wielkanocna, Niedziela Mi\u0142osierdzia Bo\u017cego. To czas szczeg\u00f3lnej \u0142aski dla \u015bwiata. Z dzisiejszym \u015awi\u0119tem zwi\u0105zana jest \u0142aska szczeg\u00f3lna obiecana przez Pana Jezusa wszystkim, kt\u00f3rzy zwr\u00f3c\u0105 si\u0119 do Niego z ufno\u015bci\u0105: &#8222;Kt\u00f3ra dusza przyst\u0105pi do Spowiedzi i Komunii \u015awi\u0119tej, dost\u0105pi zupe\u0142nego odpuszczenia win i kar&#8221;. Jest to \u0142aska por\u00f3wnywalna z \u0142ask\u0105 chrztu \u015bwi\u0119tego. Warunki <a class=\"read-more\" href=\"https:\/\/parafiazalesie.org\/index.php\/2025\/04\/24\/ogloszenia-ii-niedziela-wielkanocna-niedziela-milosierdzia-bozego-27-04-2025-r\/\"><\/p>\n<p>Zobacz wi\u0119cej<\/a><\/p>\n","protected":false},"author":1,"featured_media":1908,"comment_status":"closed","ping_status":"closed","sticky":false,"template":"","format":"standard","meta":{"ngg_post_thumbnail":0,"footnotes":""},"categories":[3],"tags":[],"class_list":["post-1907","post","type-post","status-publish","format-standard","has-post-thumbnail","hentry","category-ogloszenia"],"_links":{"self":[{"href":"https:\/\/parafiazalesie.org\/index.php\/wp-json\/wp\/v2\/posts\/1907","targetHints":{"allow":["GET"]}}],"collection":[{"href":"https:\/\/parafiazalesie.org\/index.php\/wp-json\/wp\/v2\/posts"}],"about":[{"href":"https:\/\/parafiazalesie.org\/index.php\/wp-json\/wp\/v2\/types\/post"}],"author":[{"embeddable":true,"href":"https:\/\/parafiazalesie.org\/index.php\/wp-json\/wp\/v2\/users\/1"}],"replies":[{"embeddable":true,"href":"https:\/\/parafiazalesie.org\/index.php\/wp-json\/wp\/v2\/comments?post=1907"}],"version-history":[{"count":1,"href":"https:\/\/parafiazalesie.org\/index.php\/wp-json\/wp\/v2\/posts\/1907\/revisions"}],"predecessor-version":[{"id":1909,"href":"https:\/\/parafiazalesie.org\/index.php\/wp-json\/wp\/v2\/posts\/1907\/revisions\/1909"}],"wp:featuredmedia":[{"embeddable":true,"href":"https:\/\/parafiazalesie.org\/index.php\/wp-json\/wp\/v2\/media\/1908"}],"wp:attachment":[{"href":"https:\/\/parafiazalesie.org\/index.php\/wp-json\/wp\/v2\/media?parent=1907"}],"wp:term":[{"taxonomy":"category","embeddable":true,"href":"https:\/\/parafiazalesie.org\/index.php\/wp-json\/wp\/v2\/categories?post=1907"},{"taxonomy":"post_tag","embeddable":true,"href":"https:\/\/parafiazalesie.org\/index.php\/wp-json\/wp\/v2\/tags?post=1907"}],"curies":[{"name":"wp","href":"https:\/\/api.w.org\/{rel}","templated":true}]}}