{"id":1899,"date":"2025-04-19T08:24:35","date_gmt":"2025-04-19T06:24:35","guid":{"rendered":"https:\/\/parafiazalesie.org\/?p=1899"},"modified":"2025-04-19T08:30:35","modified_gmt":"2025-04-19T06:30:35","slug":"intencje-parafialne-21-27-04-2025-r","status":"publish","type":"post","link":"https:\/\/parafiazalesie.org\/index.php\/2025\/04\/19\/intencje-parafialne-21-27-04-2025-r\/","title":{"rendered":"Intencje parafialne  21-27.04.2025 r."},"content":{"rendered":"<p>&nbsp;<\/p>\n<table style=\"width: 100%; height: 1089px;\">\n<tbody>\n<tr style=\"height: 47px;\">\n<td style=\"height: 47px; width: 99.7354%;\" colspan=\"3\">\n<p>&nbsp;<\/p>\n<\/td>\n<\/tr>\n<tr style=\"height: 10px;\">\n<td style=\"width: 11.7725%; height: 99px;\" rowspan=\"3\">\n<p><b>&nbsp;<\/b><\/p>\n<p><b>21.04.2025 r.<\/b><\/p>\n<p><b>Poniedzia\u0142ek<\/b><\/p>\n<\/td>\n<td style=\"width: 5.82011%; height: 10px;\">\n<p><b>7:00<\/b><b><\/b><\/p>\n<\/td>\n<td style=\"width: 82.1429%; height: 10px;\">\n<p><b>+ Ludwik Z\u0142amaniec <span style=\"font-weight: 400;\">od Wsp\u00f3lnoty Domowego Ko\u015bcio\u0142a<br \/>\n<\/span>+ Regina Lach <span style=\"font-weight: 400;\">(20 gr)<\/span><\/b><\/p>\n<\/td>\n<\/tr>\n<tr style=\"height: 79px;\">\n<td style=\"height: 79px; width: 5.82011%;\">\n<p><b>9:00<\/b><\/p>\n<p><b>10:30<\/b><\/p>\n<\/td>\n<td style=\"height: 79px; width: 82.1429%;\">\n<p><b>++ Maria i Micha\u0142 Ku\u0142ak<\/b><\/p>\n<p><b>+ Bronis\u0142awa Mi\u0105sik <\/b><span style=\"font-weight: 400;\">(3R\u015a)<\/span><\/p>\n<\/td>\n<\/tr>\n<tr style=\"height: 10px;\">\n<td style=\"height: 10px; width: 5.82011%;\">\n<p><b>12:00<\/b><\/p>\n<\/td>\n<td style=\"height: 10px; width: 82.1429%;\">\n<p><span style=\"font-weight: 400;\">Dzi\u0119kczynna <\/span><b>w 100 rocznic\u0119 urodzin Joanny Bober <\/b><span style=\"font-weight: 400;\">o Bo\u017ce b\u0142og. potrzebne \u0142aski i opiek\u0119 Matki Bo\u017cej z int dzieci, wnuk\u00f3w i pracownik\u00f3w<\/span><\/p>\n<\/td>\n<\/tr>\n<tr style=\"height: 92px;\">\n<td style=\"height: 161px; width: 11.7725%;\" rowspan=\"2\">\n<p><b>22.04.2025 r.<\/b><\/p>\n<p><b>Wtorek<\/b><\/p>\n<\/td>\n<td style=\"height: 92px; width: 5.82011%;\">\n<p><b>7:00<\/b><\/p>\n<\/td>\n<td style=\"height: 92px; width: 82.1429%;\">\n<p><b>+ Regina Lach <\/b><span style=\"font-weight: 400;\">(21 gr)<\/span><b>&nbsp;<br \/>\n<\/b><b>+ Wies\u0142aw Krynicki <\/b><span style=\"font-weight: 400;\">od rodziny Cyzi\u00f3w<br \/>\n<\/span><span style=\"font-weight: 400;\">Dzi\u0119kczynna za dar<\/span><b> Natalii <\/b><span style=\"font-weight: 400;\">z pro\u015bb\u0105 o Bo\u017ce B\u0142og. i opiek\u0119 MB<\/span><\/p>\n<\/td>\n<\/tr>\n<tr style=\"height: 69px;\">\n<td style=\"height: 69px; width: 5.82011%;\">\n<p><b>18:00<\/b><\/p>\n<\/td>\n<td style=\"height: 69px; width: 82.1429%;\">\n<p><b>+ Ludwik Z\u0142amaniec <\/b><span style=\"font-weight: 400;\">od pracownik\u00f3w Przedszkola nr 3 w Rzeszowie<br \/>\n<\/span><b>+ Mariusz \u015arodo\u0144 <\/b><span style=\"font-weight: 400;\">od Wandy Matuszewskiej z rodzin\u0105<\/span><\/p>\n<\/td>\n<\/tr>\n<tr style=\"height: 92px;\">\n<td style=\"height: 108px; width: 11.7725%;\" rowspan=\"2\">\n<p><b>23.04.2025 r.<\/b><\/p>\n<p><b>\u015aroda<\/b><\/p>\n<\/td>\n<td style=\"height: 92px; width: 5.82011%;\">\n<p><b>7:00<\/b><\/p>\n<\/td>\n<td style=\"height: 92px; width: 82.1429%;\">\n<p><b>+ Mariusz \u015arodo\u0144 <\/b><span style=\"font-weight: 400;\">od Bogus\u0142awa i Tomasza Bogdan<br \/>\n<\/span><b>+ Regina Lach (22 gr)&nbsp;&nbsp;<br \/>\n<\/b><b>+ Wies\u0142aw Kry\u0144ski <\/b><span style=\"font-weight: 400;\">od Alicji i Kazimierza<\/span><\/p>\n<\/td>\n<\/tr>\n<tr style=\"height: 16px;\">\n<td style=\"height: 16px; width: 5.82011%;\">\n<p><b>18:00<\/b><\/p>\n<\/td>\n<td style=\"height: 16px; width: 82.1429%;\">\n<p><span style=\"font-weight: 400;\">Dzi\u0119kczynna w 18 rocznic\u0119 urodzin<\/span><b> Amelii <\/b><span style=\"font-weight: 400;\">o Bo\u017ce b\u0142og. potrzebne \u0142aski i opiek\u0119 Matki Bo\u017cej&nbsp;<br \/>\n<\/span><span style=\"font-weight: 400;\">Dzi\u0119kczynna <\/span><b>w 90 rocznic\u0119 urodzin Zofii <\/b><span style=\"font-weight: 400;\">o Bo\u017ce b\u0142og. potrzebne \u0142aski i opiek\u0119 Matki Bo\u017cej<\/span><b>&nbsp;<\/b><\/p>\n<\/td>\n<\/tr>\n<tr style=\"height: 92px;\">\n<td style=\"height: 161px; width: 11.7725%;\" rowspan=\"2\">\n<p><b>24.04.2025 r.<\/b><\/p>\n<p><b>Czwartek<\/b><\/p>\n<\/td>\n<td style=\"height: 92px; width: 5.82011%;\">\n<p><b>7:00<\/b><\/p>\n<\/td>\n<td style=\"height: 92px; width: 82.1429%;\">\n<p><b>+&nbsp; Regina Lach (23 gr)&nbsp;<br \/>\n<\/b><b>++ Mary i Robert<br \/>\n<\/b><b>+ W\u0142adys\u0142aw Chudy<\/b><\/p>\n<\/td>\n<\/tr>\n<tr style=\"height: 69px;\">\n<td style=\"height: 69px; width: 5.82011%;\">\n<p><b>18:00<\/b><\/p>\n<\/td>\n<td style=\"height: 69px; width: 82.1429%;\">\n<p><b>+ Mariusz \u015arodo\u0144 <\/b><span style=\"font-weight: 400;\">od siostry z rodzin\u0105<br \/>\n<\/span><b>+ Wies\u0142aw Kry\u0144ski <\/b><span style=\"font-weight: 400;\">od rodziny Maczuga<\/span><\/p>\n<\/td>\n<\/tr>\n<tr style=\"height: 92px;\">\n<td style=\"height: 161px; width: 11.7725%;\" rowspan=\"2\">\n<p><b>25.04.2025 r.<\/b><\/p>\n<p><b>Pi\u0105tek<\/b><\/p>\n<\/td>\n<td style=\"height: 92px; width: 5.82011%;\">\n<p><b>7:00<\/b><\/p>\n<\/td>\n<td style=\"height: 92px; width: 82.1429%;\">\n<p><b>+ Mariusz \u015arodo\u0144 <\/b><span style=\"font-weight: 400;\">od Pauliny i Karoliny Bogdan<br \/>\n<\/span><b>+ Regina Lach (24gr)<br \/>\n<\/b><span style=\"font-weight: 400;\">O zdrowie i B\u0142og. Bo\u017ce dla<\/span><b> El\u017cbiety<\/b><\/p>\n<\/td>\n<\/tr>\n<tr style=\"height: 69px;\">\n<td style=\"height: 69px; width: 5.82011%;\">\n<p><b>18:00<\/b><\/p>\n<\/td>\n<td style=\"height: 69px; width: 82.1429%;\">\n<p><b>+ Natalia Pajda <\/b><span style=\"font-weight: 400;\">od c\u00f3rki z rodzin\u0105<br \/>\n<\/span><b>+ Jan Zagaja <\/b><span style=\"font-weight: 400;\">(7 R\u015a) od c\u00f3rki Marzeny z rodzin\u0105<\/span><\/p>\n<\/td>\n<\/tr>\n<tr style=\"height: 92px;\">\n<td style=\"height: 161px; width: 11.7725%;\" rowspan=\"2\">\n<p><b>26.04.2025<\/b><\/p>\n<p><b>Sobota<\/b><\/p>\n<\/td>\n<td style=\"height: 92px; width: 5.82011%;\">\n<p><b>7:00<\/b><\/p>\n<\/td>\n<td style=\"height: 92px; width: 82.1429%;\">\n<p><b>+ Regina Lach (25gr)<br \/>\n<\/b><b>Za dusze w czy\u015b\u0107cu cierpi\u0105ce<br \/>\n<\/b><b>+ W\u0142adys\u0142aw Bober <\/b><span style=\"font-weight: 400;\">od \u017cony i dzieci z rodzinami w 102 R\u015a<\/span><\/p>\n<\/td>\n<\/tr>\n<tr style=\"height: 69px;\">\n<td style=\"height: 69px; width: 5.82011%;\">\n<p><b>18:00<\/b><\/p>\n<\/td>\n<td style=\"height: 69px; width: 82.1429%;\">\n<p><b>+ Mariusz \u015arodo\u0144 <\/b><span style=\"font-weight: 400;\">od te\u015bciowej<br \/>\n<\/span><span style=\"font-weight: 400;\">O Bo\u017ce b\u0142og i \u0142aski dla<\/span><b> Rados\u0142awa<\/b><\/p>\n<\/td>\n<\/tr>\n<tr style=\"height: 69px;\">\n<td style=\"height: 191px; width: 11.7725%;\" rowspan=\"5\">\n<p><b>27.04.2025 r.<\/b><\/p>\n<p><b>Niedziela<\/b><\/p>\n<\/td>\n<td style=\"height: 69px; width: 5.82011%;\">\n<p><b>7:00<\/b><\/p>\n<\/td>\n<td style=\"height: 69px; width: 82.1429%;\">\n<p><b>+ Stefania Mita\u0142 <\/b><span style=\"font-weight: 400;\">(21 R\u015a)<br \/>\n<\/span><b>+ Mariusz \u015arodo\u0144 <\/b><span style=\"font-weight: 400;\">od Marii i Kazimierza Iskrzyckich<\/span><\/p>\n<\/td>\n<\/tr>\n<tr style=\"height: 47px;\">\n<td style=\"height: 47px; width: 5.82011%;\">\n<p><b>9:00<\/b><\/p>\n<\/td>\n<td style=\"height: 47px; width: 82.1429%;\">\n<p><b>Za parafian<\/b><\/p>\n<\/td>\n<\/tr>\n<tr style=\"height: 47px;\">\n<td style=\"height: 47px; width: 5.82011%;\">\n<p><b>10:30<\/b><\/p>\n<\/td>\n<td style=\"height: 47px; width: 82.1429%;\">\n<p><b>+ Regina Lach <\/b><span style=\"font-weight: 400;\">(gr26)<\/span><\/p>\n<\/td>\n<\/tr>\n<tr style=\"height: 10px;\">\n<td style=\"height: 10px; width: 5.82011%;\">\n<p><b>12:00<\/b><\/p>\n<\/td>\n<td style=\"height: 10px; width: 82.1429%;\">\n<p><b>Caritas<\/b><\/p>\n<\/td>\n<\/tr>\n<tr style=\"height: 18px;\">\n<td style=\"height: 18px; width: 5.82011%;\">\n<p><b>17:00&nbsp;<\/b><\/p>\n<\/td>\n<td style=\"height: 18px; width: 82.1429%;\">\n<p><span style=\"font-weight: 400;\">W intencji<\/span><b> Dawida i Pauliny <\/b><span style=\"font-weight: 400;\">z okazji urodzin z pro\u015bb\u0105 o potrzebne \u0142aski dla nich ich wsp\u00f3\u0142ma\u0142\u017conk\u00f3w i ich dzieci oraz wszystkich z rodziny krewnych i znajomych<\/span><\/p>\n<\/td>\n<\/tr>\n<\/tbody>\n<\/table>\n<p>&nbsp;<\/p>\n","protected":false},"excerpt":{"rendered":"<p>&nbsp; &nbsp; &nbsp; 21.04.2025 r. Poniedzia\u0142ek 7:00 + Ludwik Z\u0142amaniec od Wsp\u00f3lnoty Domowego Ko\u015bcio\u0142a + Regina Lach (20 gr) 9:00 10:30 ++ Maria i Micha\u0142 Ku\u0142ak + Bronis\u0142awa Mi\u0105sik (3R\u015a) 12:00 Dzi\u0119kczynna w 100 rocznic\u0119 urodzin Joanny Bober o Bo\u017ce b\u0142og. potrzebne \u0142aski i opiek\u0119 Matki Bo\u017cej z int dzieci, wnuk\u00f3w i pracownik\u00f3w 22.04.2025 r. <a class=\"read-more\" href=\"https:\/\/parafiazalesie.org\/index.php\/2025\/04\/19\/intencje-parafialne-21-27-04-2025-r\/\"><\/p>\n<p>Zobacz wi\u0119cej<\/a><\/p>\n","protected":false},"author":1,"featured_media":111,"comment_status":"closed","ping_status":"closed","sticky":false,"template":"","format":"standard","meta":{"ngg_post_thumbnail":0,"footnotes":""},"categories":[5],"tags":[],"class_list":["post-1899","post","type-post","status-publish","format-standard","has-post-thumbnail","hentry","category-intencje"],"_links":{"self":[{"href":"https:\/\/parafiazalesie.org\/index.php\/wp-json\/wp\/v2\/posts\/1899","targetHints":{"allow":["GET"]}}],"collection":[{"href":"https:\/\/parafiazalesie.org\/index.php\/wp-json\/wp\/v2\/posts"}],"about":[{"href":"https:\/\/parafiazalesie.org\/index.php\/wp-json\/wp\/v2\/types\/post"}],"author":[{"embeddable":true,"href":"https:\/\/parafiazalesie.org\/index.php\/wp-json\/wp\/v2\/users\/1"}],"replies":[{"embeddable":true,"href":"https:\/\/parafiazalesie.org\/index.php\/wp-json\/wp\/v2\/comments?post=1899"}],"version-history":[{"count":5,"href":"https:\/\/parafiazalesie.org\/index.php\/wp-json\/wp\/v2\/posts\/1899\/revisions"}],"predecessor-version":[{"id":1904,"href":"https:\/\/parafiazalesie.org\/index.php\/wp-json\/wp\/v2\/posts\/1899\/revisions\/1904"}],"wp:featuredmedia":[{"embeddable":true,"href":"https:\/\/parafiazalesie.org\/index.php\/wp-json\/wp\/v2\/media\/111"}],"wp:attachment":[{"href":"https:\/\/parafiazalesie.org\/index.php\/wp-json\/wp\/v2\/media?parent=1899"}],"wp:term":[{"taxonomy":"category","embeddable":true,"href":"https:\/\/parafiazalesie.org\/index.php\/wp-json\/wp\/v2\/categories?post=1899"},{"taxonomy":"post_tag","embeddable":true,"href":"https:\/\/parafiazalesie.org\/index.php\/wp-json\/wp\/v2\/tags?post=1899"}],"curies":[{"name":"wp","href":"https:\/\/api.w.org\/{rel}","templated":true}]}}