{"id":1893,"date":"2025-04-12T11:00:34","date_gmt":"2025-04-12T09:00:34","guid":{"rendered":"https:\/\/parafiazalesie.org\/?p=1893"},"modified":"2025-04-09T11:20:41","modified_gmt":"2025-04-09T09:20:41","slug":"ogloszenia-niedziela-palmowa-meki-panskiej-13-04-2025-r","status":"publish","type":"post","link":"https:\/\/parafiazalesie.org\/index.php\/2025\/04\/12\/ogloszenia-niedziela-palmowa-meki-panskiej-13-04-2025-r\/","title":{"rendered":"OG\u0141OSZENIA Niedziela Palmowa (M\u0119ki Pa\u0144skiej) 13.04.2025 r."},"content":{"rendered":"<ol>\n<li><strong>Dzi\u015b<\/strong>:\n<ul>\n<li><strong>rozpoczynamy Wielki Tydzie\u0144<\/strong>,<\/li>\n<li>wstrzymajmy si\u0119 w ca\u0142ym Wielkim Tygodniu od spo\u017cywania alkoholu,<\/li>\n<li>Panie z Caritasu rozprowadzaj\u0105 palmy przed ko\u015bcio\u0142em. Z\u0142o\u017cone ofiary b\u0119d\u0105 przeznaczone na dzia\u0142alno\u015b\u0107 Caritasu w parafii,<\/li>\n<li>o godz. 16:00 Gorzkie \u017bale z kazaniem pasyjnym.<\/li>\n<\/ul>\n<\/li>\n<li><strong>W poniedzia\u0142ek<\/strong> 14 kwietnia:\n<ul>\n<li><strong>spowied\u017a przed \u015awi\u0119tami Wielkanocnymi<\/strong> w godz. 9:30-10:30; 11:00-12:00; 15:00-16:30 i 17:00-18:00.<\/li>\n<\/ul>\n<\/li>\n<li><strong>W \u015brod\u0119<\/strong> 16 kwietnia:\n<ul>\n<li>ko\u0144czy si\u0119 Wielki Post. Wchodzimy w obch\u00f3d Triduum Paschalnego. Wielkanoc dla chrze\u015bcijanina zaczyna si\u0119 Msz\u0105 Wieczerzy Pa\u0144skiej w Wielki Czwartek wieczorem, a ko\u0144czy wieczorem w dniu Zmartwychwstania. Trwajmy na modlitwie z mi\u0142o\u015bci\u0105 przy Chrystusie cierpi\u0105cym i zbawiaj\u0105cym nas,<\/li>\n<li>po Mszy \u015bw. Nowenna do Matki Bo\u017cej Nieustaj\u0105cej Pomocy, Pani Zaleskiej,<\/li>\n<li>po Nowennie adoracja Naj\u015bwi\u0119tszego Sakramentu do godz. 20:00.<\/li>\n<\/ul>\n<\/li>\n<li>Prosimy wszystkie R\u00f3\u017ce R\u00f3\u017ca\u0144cowe, grupy duszpasterskie, ministrant\u00f3w, dzieci i m\u0142odzie\u017c szkoln\u0105 o w\u0142\u0105czenie si\u0119 w adoracj\u0119 Pana Jezusa w Wielki Czwartek, Wielki Pi\u0105tek i Wielk\u0105 Sobot\u0119. Godziny adoracji zosta\u0142y wywieszone w gablocie. Prosimy o zapoznanie si\u0119 z nimi.<\/li>\n<li><strong>W Wielki Czwartek<\/strong> 17 kwietnia:\n<ul>\n<li>o godz. 18:00 Msz\u0105 Wieczerzy Pa\u0144skiej rozpoczniemy obchodzenie Wielkanocy. B\u0119dziemy wspomina\u0107 ustanowienie sakramentu Eucharystii i sakramentu Kap\u0142a\u0144stwa. Liturgi\u0119 ubogaci \u015bpiewem ch\u00f3r \u201eCredo\u201d,<\/li>\n<li>po Mszy \u015bw. cz\u0142onkowie Caritasu, rozprowadz\u0105 pob\u0142ogos\u0142awione na pami\u0105tk\u0119 ustanowienia Eucharystii chlebki. Z\u0142o\u017cone ofiary b\u0119d\u0105 przeznaczone na fundusz parafialny Caritas,<\/li>\n<li>po zako\u0144czeniu liturgii przeniesiemy Pana Jezusa do &#8222;Ciemnicy&#8221; i b\u0119dziemy adorowa\u0107 do godz. 23:00. Od godz. 20:00 do 21:00 adoracj\u0119 poprowadzi ch\u00f3r \u201eCredo\u201d. Gor\u0105co zapraszamy.<\/li>\n<\/ul>\n<\/li>\n<li><strong>W Wielki Pi\u0105tek<\/strong> 18 kwietnia:\n<ul>\n<li>obowi\u0105zuje post \u015bcis\u0142y. Spo\u017cywamy jeden posi\u0142ek do syta i dwa lekkie, wszystkie bezmi\u0119sne,<\/li>\n<li>od godz. 8:00 rano adoracja Pana Jezusa w &#8222;Ciemnicy&#8221;,<\/li>\n<li>o godz. 18:00 Droga Krzy\u017cowa,<\/li>\n<li>po Drodze Krzy\u017cowej rozpoczynamy Liturgi\u0119 Wielkiego Pi\u0105tku. W jej sk\u0142ad wchodzi: Liturgia S\u0142owa, Adoracja Krzy\u017ca, Komunia \u015awi\u0119ta i przeniesienie Pana Jezusa do Grobu. Krzy\u017c w czasie liturgii ca\u0142uje celebrans i s\u0142u\u017cba liturgiczna. Pozostali oddadz\u0105 cze\u015b\u0107 Krzy\u017cowi po zako\u0144czeniu liturgii. Podczas adoracji Krzy\u017ca tradycyjnie mo\u017cemy z\u0142o\u017cy\u0107 ofiar\u0119 na Bo\u017cy Gr\u00f3b,<\/li>\n<li>po zako\u0144czeniu liturgii Nowenna przed \u015awi\u0119tem Mi\u0142osierdzia Bo\u017cego,<\/li>\n<li>do godz. 23:00 adoracja Pana Jezusa w Grobie.<\/li>\n<\/ul>\n<\/li>\n<li><strong>W Wielk\u0105 Sobot\u0119<\/strong> 19 kwietnia:\n<ul>\n<li>starajmy si\u0119 zachowa\u0107 post do Mszy \u015bw. wieczornej,<\/li>\n<li>od godz. 8:00 rano adoracja Pana Jezusa w Grobie,<\/li>\n<li>po\u015bwi\u0119cenie pokarm\u00f3w na st\u00f3\u0142 wielkanocny o godz. 9:00; 10:00; 11:00; 12:00 i 13:00. Bardzo prosimy o ustawianie si\u0119 do po\u015bwi\u0119cenia na zewn\u0105trz, wok\u00f3\u0142 ko\u015bcio\u0142a na drodze procesyjnej. Pami\u0119tajmy, \u017ceby przyj\u015b\u0107 wcze\u015bniej przed po\u015bwi\u0119ceniem lub zosta\u0107 po po\u015bwi\u0119ceniu, na modlitw\u0119 adoracji Pana Jezusa w Grobie,<\/li>\n<li>o godz. 19:30 na zewn\u0105trz, po\u015bwi\u0119ceniem ognia rozpoczniemy Liturgi\u0119 Wigilii Paschalnej, a nast\u0119pnie wejdziemy procesyjnie do ko\u015bcio\u0142a,<\/li>\n<li>przynie\u015bmy za sob\u0105 zabezpieczone \u015bwiece, aby uchroni\u0107 posadzk\u0119 i \u0142awki od wosku,<\/li>\n<li>po zako\u0144czeniu Liturgii Wigilii Paschalnej, adoracji Naj\u015bwi\u0119tszego Sakramentu ju\u017c nie b\u0119dzie.<\/li>\n<\/ul>\n<\/li>\n<li><strong>W Niedziel\u0119 Zmartwychwstania Pa\u0144skiego<\/strong> 20 kwietnia:\n<ul>\n<li>o godz. 6:00 Msza \u015bw. rezurekcyjna z procesj\u0105,<\/li>\n<li>kolejne Msze \u015bw. o godz. 9:00; 10:30 i 12:00. Nie b\u0119dzie Mszy \u015bw. popo\u0142udniowej,<\/li>\n<li>R\u00f3\u017caniec poprowadzi R\u00f3\u017ca b\u0142. Marii Teresy Led\u00f3chowskiej.<\/li>\n<\/ul>\n<\/li>\n<li><strong>W Poniedzia\u0142ek Wielkanocny<\/strong> 10 kwietnia:\n<ul>\n<li>Msze \u015bw. do po\u0142udnia jak w ka\u017cd\u0105 niedziel\u0119. Nie b\u0119dzie Mszy \u015bw. popo\u0142udniowej.<\/li>\n<\/ul>\n<\/li>\n<li>Kancelaria przed \u015awi\u0119tami b\u0119dzie czynna tylko w poniedzia\u0142ek, w godz. od 16:45 do 17:30, ze wzgl\u0119du na spowiedzi w dekanacie.<\/li>\n<li>B\u00f3g zap\u0142a\u0107 za artyku\u0142y \u017cywno\u015bciowe, z\u0142o\u017cone na rzecz potrzebuj\u0105cych. Ko\u0144czymy zbi\u00f3rk\u0119. Jutro Caritas parafialny przygotuje i rozprowadzi paczki.<\/li>\n<li>W 1990 r. powsta\u0142 przy naszej parafii Zesp\u00f3\u0142 Charytatywny, kt\u00f3ry p\u00f3\u017aniej zosta\u0142 przekszta\u0142cony w Parafialny Zesp\u00f3\u0142 Caritas. Przewodnicz\u0105c\u0105 Zespo\u0142u 20 lat temu zosta\u0142a wybrana Pani Maria Nowak i tak jest do dzi\u015b. W Niedziel\u0119 Mi\u0142osierdzia (27 kwietnia) z okazji 25 &#8211; lecia istnienia Parafialnego Zespo\u0142u Caritas, zostanie odprawiona uroczysta Msza \u015bw. o godz. 12:00, na kt\u00f3r\u0105 Zesp\u00f3\u0142 Caritas serdecznie zaprasza.<\/li>\n<li>Zar\u00f3wno dzisiaj jak i w przysz\u0142\u0105 niedziel\u0119 b\u0119dzie mo\u017cna naby\u0107 \u015bwi\u0105teczne jajka i kartki wielkanocne, przygotowane przez student\u00f3w Caritas Academica URZ. Ofiara jest dowolna, a zebrane \u015brodki zostan\u0105 przeznaczone na cele statutowe organizacji. Serdecznie zach\u0119camy do nabycia ozd\u00f3b.<\/li>\n<li>Zach\u0119camy do czytania i rozwa\u017cania S\u0142owa Bo\u017cego. Si\u0119gnijmy po&nbsp; \u015bwi\u0105teczn\u0105 pras\u0119 katolick\u0105.<\/li>\n<\/ol>\n","protected":false},"excerpt":{"rendered":"<p>Dzi\u015b: rozpoczynamy Wielki Tydzie\u0144, wstrzymajmy si\u0119 w ca\u0142ym Wielkim Tygodniu od spo\u017cywania alkoholu, Panie z Caritasu rozprowadzaj\u0105 palmy przed ko\u015bcio\u0142em. Z\u0142o\u017cone ofiary b\u0119d\u0105 przeznaczone na dzia\u0142alno\u015b\u0107 Caritasu w parafii, o godz. 16:00 Gorzkie \u017bale z kazaniem pasyjnym. W poniedzia\u0142ek 14 kwietnia: spowied\u017a przed \u015awi\u0119tami Wielkanocnymi w godz. 9:30-10:30; 11:00-12:00; 15:00-16:30 i 17:00-18:00. W \u015brod\u0119 16 <a class=\"read-more\" href=\"https:\/\/parafiazalesie.org\/index.php\/2025\/04\/12\/ogloszenia-niedziela-palmowa-meki-panskiej-13-04-2025-r\/\"><\/p>\n<p>Zobacz wi\u0119cej<\/a><\/p>\n","protected":false},"author":1,"featured_media":1353,"comment_status":"closed","ping_status":"closed","sticky":false,"template":"","format":"standard","meta":{"ngg_post_thumbnail":0,"footnotes":""},"categories":[3],"tags":[],"class_list":["post-1893","post","type-post","status-publish","format-standard","has-post-thumbnail","hentry","category-ogloszenia"],"_links":{"self":[{"href":"https:\/\/parafiazalesie.org\/index.php\/wp-json\/wp\/v2\/posts\/1893","targetHints":{"allow":["GET"]}}],"collection":[{"href":"https:\/\/parafiazalesie.org\/index.php\/wp-json\/wp\/v2\/posts"}],"about":[{"href":"https:\/\/parafiazalesie.org\/index.php\/wp-json\/wp\/v2\/types\/post"}],"author":[{"embeddable":true,"href":"https:\/\/parafiazalesie.org\/index.php\/wp-json\/wp\/v2\/users\/1"}],"replies":[{"embeddable":true,"href":"https:\/\/parafiazalesie.org\/index.php\/wp-json\/wp\/v2\/comments?post=1893"}],"version-history":[{"count":1,"href":"https:\/\/parafiazalesie.org\/index.php\/wp-json\/wp\/v2\/posts\/1893\/revisions"}],"predecessor-version":[{"id":1894,"href":"https:\/\/parafiazalesie.org\/index.php\/wp-json\/wp\/v2\/posts\/1893\/revisions\/1894"}],"wp:featuredmedia":[{"embeddable":true,"href":"https:\/\/parafiazalesie.org\/index.php\/wp-json\/wp\/v2\/media\/1353"}],"wp:attachment":[{"href":"https:\/\/parafiazalesie.org\/index.php\/wp-json\/wp\/v2\/media?parent=1893"}],"wp:term":[{"taxonomy":"category","embeddable":true,"href":"https:\/\/parafiazalesie.org\/index.php\/wp-json\/wp\/v2\/categories?post=1893"},{"taxonomy":"post_tag","embeddable":true,"href":"https:\/\/parafiazalesie.org\/index.php\/wp-json\/wp\/v2\/tags?post=1893"}],"curies":[{"name":"wp","href":"https:\/\/api.w.org\/{rel}","templated":true}]}}