{"id":1880,"date":"2025-03-27T12:38:54","date_gmt":"2025-03-27T11:38:54","guid":{"rendered":"https:\/\/parafiazalesie.org\/?p=1880"},"modified":"2025-03-27T12:38:54","modified_gmt":"2025-03-27T11:38:54","slug":"intencje-parafialne-31-06-04-2025-r","status":"publish","type":"post","link":"https:\/\/parafiazalesie.org\/index.php\/2025\/03\/27\/intencje-parafialne-31-06-04-2025-r\/","title":{"rendered":"Intencje parafialne 31-06.04.2025 r."},"content":{"rendered":"<table width=\"775\">\n<tbody>\n<tr>\n<td colspan=\"3\" width=\"775\">&nbsp;<\/td>\n<\/tr>\n<tr>\n<td rowspan=\"2\" width=\"104\">\n<p><strong>31.03.2025 r.<\/strong><\/p>\n<p><strong>Poniedzia\u0142ek<\/strong><\/p>\n<\/td>\n<td width=\"58\">\n<p><strong>7:00<\/strong><\/p>\n<\/td>\n<td width=\"613\">\n<p>W intencji<strong> ofiarodawc\u00f3w <\/strong>wspomagaj\u0105cych leczenie ci\u0119\u017cko chorej<strong> Wiktorii <\/strong>od rodzic\u00f3w<br \/>\n<strong>+ Ludwik Z\u0142amaniec <\/strong>od Tadeusza i Magdaleny Kameckich<br \/>\n<strong>+ Mariusz \u015arodo\u0144 <\/strong>od rodziny Kopci\u00f3w<\/p>\n<\/td>\n<\/tr>\n<tr>\n<td width=\"58\">\n<p><strong>18:00<\/strong><\/p>\n<\/td>\n<td width=\"613\">\n<p><strong>+ Natalia Pajda <\/strong>od rodziny Dat\u00f3w<br \/>\n<strong>+ J\u00f3zefa (k) <\/strong>od kole\u017canek z Zak\u0142adu Produkcji Zwierz\u0119cej<\/p>\n<\/td>\n<\/tr>\n<tr>\n<td rowspan=\"2\" width=\"104\">\n<p><strong>01.04.2025 r.<\/strong><\/p>\n<p><strong>Wtorek<\/strong><\/p>\n<\/td>\n<td width=\"58\">\n<p><strong>7:00<\/strong><\/p>\n<\/td>\n<td width=\"613\">\n<p>O zdrowie i b\u0142og. Bo\u017ce dla<strong> Tomasza <\/strong>z podzi\u0119kowaniem za otrzymane \u0142aski<br \/>\n<strong>+ Ludwik Z\u0142amaniec <\/strong>od Marii Pi\u0105tek z Wysokiej G\u0142ogowskiej<br \/>\n<strong>+ Mariusz \u015arodo\u0144 <\/strong>od Albiny Gawe\u0142<\/p>\n<\/td>\n<\/tr>\n<tr>\n<td width=\"58\">\n<p><strong>18:00<\/strong><\/p>\n<\/td>\n<td width=\"613\">\n<p><strong>+ Wies\u0142aw Kry\u0144ski <\/strong>od \u017cony<br \/>\n<strong>+ Regina Lach <\/strong>(1 gr)<\/p>\n<\/td>\n<\/tr>\n<tr>\n<td rowspan=\"2\" width=\"104\">\n<p><strong>02.04.2025 r.<\/strong><\/p>\n<p><strong>\u015aroda<\/strong><\/p>\n<\/td>\n<td width=\"58\">\n<p><strong>7:00<\/strong><\/p>\n<\/td>\n<td width=\"613\">\n<p>O zdrowie i Bo\u017ce b\u0142og. dla<strong> rodziny Marii i Edwarda <\/strong>z podzi\u0119kowaniem za otrzymane \u0142aski<br \/>\n<strong>&nbsp;++ W\u0142adys\u0142aw i Maria Balicki<br \/>\n<\/strong><strong>+ Ludwik Z\u0142amaniec <\/strong>od Agnieszki Surowiec z Wysokiej G\u0142ogowskiej<\/p>\n<\/td>\n<\/tr>\n<tr>\n<td width=\"58\">\n<p><strong>18:00<\/strong><\/p>\n<\/td>\n<td width=\"613\">\n<p><strong>++ Stanis\u0142awa (k) Gwizdak i zmarli z rodziny<br \/>\n<\/strong><strong>+ &nbsp;Regina Lach <\/strong>(2 gr)<strong> &nbsp;<\/strong><\/p>\n<\/td>\n<\/tr>\n<tr>\n<td rowspan=\"2\" width=\"104\">\n<p><strong>03.04.2025 r.<\/strong><\/p>\n<p><strong>Czwartek<\/strong><\/p>\n<\/td>\n<td width=\"58\">\n<p><strong>7:00<\/strong><\/p>\n<\/td>\n<td width=\"613\">\n<p>O zdrowie i Bo\u017ce b\u0142og. dla<strong> Agaty i Marcina <\/strong>z podzi\u0119kowaniem za dotychczasowe \u0142aski<br \/>\n<strong>+ Ludwik Z\u0142amaniec <\/strong>od Doroty i Krzysztofa Kot z rodzin\u0105<br \/>\n<strong>+ Mariusz \u015arodo\u0144 <\/strong>od matki chrzestnej Teofili<\/p>\n<\/td>\n<\/tr>\n<tr>\n<td width=\"58\">\n<p><strong>18:00<\/strong><\/p>\n<\/td>\n<td width=\"613\">\n<p><strong>+ Stanis\u0142awa (k) Sudo\u0142<\/strong> (11R\u015a)<br \/>\n<strong>+ &nbsp;Regina Lach <\/strong>(3 gr)<\/p>\n<\/td>\n<\/tr>\n<tr>\n<td rowspan=\"2\" width=\"104\">\n<p><strong>04.04.2025 r.<\/strong><\/p>\n<p><strong>Pi\u0105tek <\/strong><\/p>\n<\/td>\n<td width=\"58\">\n<p><strong>7:00<\/strong><\/p>\n<\/td>\n<td width=\"613\">\n<p><strong>+ Edward<br \/>\n<\/strong><strong>+ Ludwik Z\u0142amaniec <\/strong>od wnuk\u00f3w Micha\u0142a i Jakuba<br \/>\n+<strong> Mariusz \u015arodo\u0144 <\/strong>od kuzynki Ma\u0142gorzaty z m\u0119\u017cem i dzie\u0107mi<br \/>\n+ <strong>Wies\u0142aw Kry\u0144ski <\/strong>od rodziny \u015awidr\u00f3w<\/p>\n<\/td>\n<\/tr>\n<tr>\n<td width=\"58\">\n<p><strong>18:00<\/strong><\/p>\n<\/td>\n<td width=\"613\">\n<p><strong>+Regina Lach <\/strong>(4 gr)<\/p>\n<\/td>\n<\/tr>\n<tr>\n<td rowspan=\"2\" width=\"104\">\n<p><strong>05.04.2025 r.<\/strong><\/p>\n<p><strong>Sobota<\/strong><\/p>\n<\/td>\n<td width=\"58\">\n<p><strong>7:00<\/strong><\/p>\n<\/td>\n<td width=\"613\">\n<p><strong>+ Zofia<br \/>\n<\/strong><strong>+ Ludwik Z\u0142amaniec <\/strong>od c\u00f3rki Moniki<br \/>\n<strong>+ Mariusz \u015arodo\u0144 <\/strong>od kuzynki Ma\u0142gorzaty z m\u0119\u017cem i dzie\u0107mi<\/p>\n<\/td>\n<\/tr>\n<tr>\n<td width=\"58\">\n<p><strong>18:00<\/strong><\/p>\n<\/td>\n<td width=\"613\">\n<p><strong>+ Maria Kunysz <\/strong>(4R\u015a)<br \/>\n<strong>+ Regina Lach <\/strong>(5 gr)<\/p>\n<\/td>\n<\/tr>\n<tr>\n<td rowspan=\"5\" width=\"104\">\n<p><strong>06.04.2025 r.<\/strong><\/p>\n<p><strong>Niedziela<\/strong><\/p>\n<\/td>\n<td width=\"58\">\n<p><strong>7:00<\/strong><\/p>\n<\/td>\n<td width=\"613\">\n<p>Dzi\u0119kczynna za otrzymane \u0142aski z pro\u015bb\u0105 o Bo\u017ce b\u0142og. i opiek\u0119 MB Kr\u00f3lowej R\u00f3\u017ca\u0144ca \u015awi\u0119tego dla<strong> Wsp\u00f3lnoty \u017bywego R\u00f3\u017ca\u0144ca i ich rodzin<br \/>\n<\/strong><strong>+ Ludwik Z\u0142amaniec <\/strong>od zi\u0119cia S\u0142awomira<\/p>\n<\/td>\n<\/tr>\n<tr>\n<td width=\"58\">\n<p><strong>9:00<\/strong><\/p>\n<\/td>\n<td width=\"613\">\n<p><strong>+ Regina Lach &nbsp;<\/strong>(6 gr)<\/p>\n<\/td>\n<\/tr>\n<tr>\n<td width=\"58\">\n<p><strong>10:30<\/strong><\/p>\n<\/td>\n<td width=\"613\">\n<p><strong>++ Zofia i Kazimierz Sur\u00f3wka <\/strong>(R\u015a)<\/p>\n<\/td>\n<\/tr>\n<tr>\n<td width=\"58\">\n<p><strong>12:00<\/strong><\/p>\n<\/td>\n<td width=\"613\">\n<p><strong>Za parafian <\/strong><\/p>\n<\/td>\n<\/tr>\n<tr>\n<td width=\"58\">\n<p><strong>17:00<\/strong><\/p>\n<\/td>\n<td width=\"613\">\n<p><strong>++ Anna i Jan Kopta<\/strong><\/p>\n<\/td>\n<\/tr>\n<\/tbody>\n<\/table>\n","protected":false},"excerpt":{"rendered":"<p>&nbsp; 31.03.2025 r. Poniedzia\u0142ek 7:00 W intencji ofiarodawc\u00f3w wspomagaj\u0105cych leczenie ci\u0119\u017cko chorej Wiktorii od rodzic\u00f3w + Ludwik Z\u0142amaniec od Tadeusza i Magdaleny Kameckich + Mariusz \u015arodo\u0144 od rodziny Kopci\u00f3w 18:00 + Natalia Pajda od rodziny Dat\u00f3w + J\u00f3zefa (k) od kole\u017canek z Zak\u0142adu Produkcji Zwierz\u0119cej 01.04.2025 r. Wtorek 7:00 O zdrowie i b\u0142og. Bo\u017ce dla <a class=\"read-more\" href=\"https:\/\/parafiazalesie.org\/index.php\/2025\/03\/27\/intencje-parafialne-31-06-04-2025-r\/\"><\/p>\n<p>Zobacz wi\u0119cej<\/a><\/p>\n","protected":false},"author":1,"featured_media":111,"comment_status":"closed","ping_status":"closed","sticky":false,"template":"","format":"standard","meta":{"ngg_post_thumbnail":0,"footnotes":""},"categories":[5],"tags":[],"class_list":["post-1880","post","type-post","status-publish","format-standard","has-post-thumbnail","hentry","category-intencje"],"_links":{"self":[{"href":"https:\/\/parafiazalesie.org\/index.php\/wp-json\/wp\/v2\/posts\/1880","targetHints":{"allow":["GET"]}}],"collection":[{"href":"https:\/\/parafiazalesie.org\/index.php\/wp-json\/wp\/v2\/posts"}],"about":[{"href":"https:\/\/parafiazalesie.org\/index.php\/wp-json\/wp\/v2\/types\/post"}],"author":[{"embeddable":true,"href":"https:\/\/parafiazalesie.org\/index.php\/wp-json\/wp\/v2\/users\/1"}],"replies":[{"embeddable":true,"href":"https:\/\/parafiazalesie.org\/index.php\/wp-json\/wp\/v2\/comments?post=1880"}],"version-history":[{"count":1,"href":"https:\/\/parafiazalesie.org\/index.php\/wp-json\/wp\/v2\/posts\/1880\/revisions"}],"predecessor-version":[{"id":1881,"href":"https:\/\/parafiazalesie.org\/index.php\/wp-json\/wp\/v2\/posts\/1880\/revisions\/1881"}],"wp:featuredmedia":[{"embeddable":true,"href":"https:\/\/parafiazalesie.org\/index.php\/wp-json\/wp\/v2\/media\/111"}],"wp:attachment":[{"href":"https:\/\/parafiazalesie.org\/index.php\/wp-json\/wp\/v2\/media?parent=1880"}],"wp:term":[{"taxonomy":"category","embeddable":true,"href":"https:\/\/parafiazalesie.org\/index.php\/wp-json\/wp\/v2\/categories?post=1880"},{"taxonomy":"post_tag","embeddable":true,"href":"https:\/\/parafiazalesie.org\/index.php\/wp-json\/wp\/v2\/tags?post=1880"}],"curies":[{"name":"wp","href":"https:\/\/api.w.org\/{rel}","templated":true}]}}