{"id":1873,"date":"2025-03-27T12:31:09","date_gmt":"2025-03-27T11:31:09","guid":{"rendered":"https:\/\/parafiazalesie.org\/?p=1873"},"modified":"2025-03-27T12:31:09","modified_gmt":"2025-03-27T11:31:09","slug":"ogloszenia-iv-niedziela-wielkiego-postu-30-03-2025-r","status":"publish","type":"post","link":"https:\/\/parafiazalesie.org\/index.php\/2025\/03\/27\/ogloszenia-iv-niedziela-wielkiego-postu-30-03-2025-r\/","title":{"rendered":"OG\u0141OSZENIA IV Niedziela Wielkiego Postu 30.03.2025 r."},"content":{"rendered":"<ol>\n<li><strong>Dzi\u015b<\/strong> nabo\u017ce\u0144stwo Gorzkich \u017bali z kazaniem pasyjnym o godz. 16:00.<\/li>\n<li><strong>We wtorek <\/strong>1 kwietnia:\n<ul>\n<li>podczas Mszy \u015bw. o godz. 17:00 ks. Biskup Edward Bia\u0142og\u0142owski udzieli m\u0142odzie\u017cy sakramentu bierzmowania,<\/li>\n<li>nie b\u0119dzie Mszy \u015bw. o godz. 18:00.<\/li>\n<\/ul>\n<\/li>\n<li><strong>W \u015brod\u0119 <\/strong>2 kwietnia:\n<ul>\n<li>po Mszy \u015bw. wieczornej Nowenna do Matki Bo\u017cej Nieustaj\u0105cej Pomocy, Pani Zaleskiej,<\/li>\n<li>po Nowennie adoracja Naj\u015bwi\u0119tszego Sakramentu do godz. 20:00,<\/li>\n<li>o godz. 20:00 Droga Krzy\u017cowa dla student\u00f3w, nauczycieli akademickich i wszystkich ch\u0119tnych.<\/li>\n<\/ul>\n<\/li>\n<li><strong>W pi\u0105tek <\/strong>4 kwietnia:\n<ul>\n<li>o godz. 16:30 Droga Krzy\u017cowa dla dzieci,<\/li>\n<li>od godz. 17:00 do 18:00 adoracja Naj\u015bwi\u0119tszego Sakramentu,<\/li>\n<li>po Mszy \u015bw. wieczornej Droga Krzy\u017cowa dla doros\u0142ych.<\/li>\n<\/ul>\n<\/li>\n<li><strong>W niedziel\u0119 <\/strong>6 kwietnia:\n<ul>\n<li>rozpoczynamy Rekolekcje Wielkopostne. Prosimy przyj\u0105\u0107 propozycje rekolekcji jako szans\u0119 na pog\u0142\u0119bienie swoich relacji z Bogiem, odnowienie wi\u0119zi ze swoj\u0105 rodzin\u0105,<\/li>\n<li>R\u00f3\u017caniec poprowadzi R\u00f3\u017ca \u015b Urszuli Led\u00f3chowskiej,<\/li>\n<li>o godz. 16:00 Gorzkie \u017bale z kazaniem pasyjnym.<\/li>\n<\/ul>\n<\/li>\n<li>Do 13 kwietnia pod ch\u00f3rem mo\u017cemy sk\u0142ada\u0107 do kosza dary \u2013 produkty \u017cywno\u015bciowe, chemi\u0119 domow\u0105 itp. Zesp\u00f3\u0142 Caritas 14 kwietnia rozda paczki rodzinom potrzebuj\u0105cym pomocy w naszej parafii.<\/li>\n<\/ol>\n<p><strong>&nbsp;<\/strong><\/p>\n<p><strong>SPOTKANIA:<\/strong><\/p>\n<ul>\n<li><strong>Ch\u00f3r \u201eCredo\u201d <\/strong>\u2013 wtorek 18:00<\/li>\n<li><strong>LSO<\/strong> <strong>i Kandydaci na ministrant\u00f3w<\/strong> \u2013 \u015broda po Mszy \u015bw.<\/li>\n<li><strong>Ruch \u015awiat\u0142o &#8211; \u017bycie<\/strong> \u2013 pi\u0105tek po Mszy \u015bw.<\/li>\n<\/ul>\n","protected":false},"excerpt":{"rendered":"<p>Dzi\u015b nabo\u017ce\u0144stwo Gorzkich \u017bali z kazaniem pasyjnym o godz. 16:00. We wtorek 1 kwietnia: podczas Mszy \u015bw. o godz. 17:00 ks. Biskup Edward Bia\u0142og\u0142owski udzieli m\u0142odzie\u017cy sakramentu bierzmowania, nie b\u0119dzie Mszy \u015bw. o godz. 18:00. W \u015brod\u0119 2 kwietnia: po Mszy \u015bw. wieczornej Nowenna do Matki Bo\u017cej Nieustaj\u0105cej Pomocy, Pani Zaleskiej, po Nowennie adoracja Naj\u015bwi\u0119tszego <a class=\"read-more\" href=\"https:\/\/parafiazalesie.org\/index.php\/2025\/03\/27\/ogloszenia-iv-niedziela-wielkiego-postu-30-03-2025-r\/\"><\/p>\n<p>Zobacz wi\u0119cej<\/a><\/p>\n","protected":false},"author":1,"featured_media":1874,"comment_status":"closed","ping_status":"closed","sticky":false,"template":"","format":"standard","meta":{"ngg_post_thumbnail":0,"footnotes":""},"categories":[3],"tags":[],"class_list":["post-1873","post","type-post","status-publish","format-standard","has-post-thumbnail","hentry","category-ogloszenia"],"_links":{"self":[{"href":"https:\/\/parafiazalesie.org\/index.php\/wp-json\/wp\/v2\/posts\/1873","targetHints":{"allow":["GET"]}}],"collection":[{"href":"https:\/\/parafiazalesie.org\/index.php\/wp-json\/wp\/v2\/posts"}],"about":[{"href":"https:\/\/parafiazalesie.org\/index.php\/wp-json\/wp\/v2\/types\/post"}],"author":[{"embeddable":true,"href":"https:\/\/parafiazalesie.org\/index.php\/wp-json\/wp\/v2\/users\/1"}],"replies":[{"embeddable":true,"href":"https:\/\/parafiazalesie.org\/index.php\/wp-json\/wp\/v2\/comments?post=1873"}],"version-history":[{"count":1,"href":"https:\/\/parafiazalesie.org\/index.php\/wp-json\/wp\/v2\/posts\/1873\/revisions"}],"predecessor-version":[{"id":1875,"href":"https:\/\/parafiazalesie.org\/index.php\/wp-json\/wp\/v2\/posts\/1873\/revisions\/1875"}],"wp:featuredmedia":[{"embeddable":true,"href":"https:\/\/parafiazalesie.org\/index.php\/wp-json\/wp\/v2\/media\/1874"}],"wp:attachment":[{"href":"https:\/\/parafiazalesie.org\/index.php\/wp-json\/wp\/v2\/media?parent=1873"}],"wp:term":[{"taxonomy":"category","embeddable":true,"href":"https:\/\/parafiazalesie.org\/index.php\/wp-json\/wp\/v2\/categories?post=1873"},{"taxonomy":"post_tag","embeddable":true,"href":"https:\/\/parafiazalesie.org\/index.php\/wp-json\/wp\/v2\/tags?post=1873"}],"curies":[{"name":"wp","href":"https:\/\/api.w.org\/{rel}","templated":true}]}}