{"id":187,"date":"2021-04-24T17:00:07","date_gmt":"2021-04-24T15:00:07","guid":{"rendered":"https:\/\/parafiazalesie.org\/?p=187"},"modified":"2021-04-23T12:01:48","modified_gmt":"2021-04-23T10:01:48","slug":"ogloszenia-iv-niedziela-wielkanocna-25-04-2021-r","status":"publish","type":"post","link":"https:\/\/parafiazalesie.org\/index.php\/2021\/04\/24\/ogloszenia-iv-niedziela-wielkanocna-25-04-2021-r\/","title":{"rendered":"OG\u0141OSZENIA IV Niedziela Wielkanocna (25.04.2021 r.)"},"content":{"rendered":"<ol>\n<li><strong>\u00a0<\/strong><strong style=\"font-size: 15px;\">Dzi\u015b:<\/strong>\n<ul>\n<li>rozpoczyna si\u0119 Tydzie\u0144 Modlitw o powo\u0142ania kap\u0142a\u0144skie i zakonne.<\/li>\n<\/ul>\n<\/li>\n<li><strong>We wtorek <\/strong>27 kwietnia:\n<ul>\n<li>po Mszy \u015bw. spotkanie Wsp\u00f3lnoty Doros\u0142ych.<\/li>\n<\/ul>\n<\/li>\n<li><strong>W \u015brod\u0119<\/strong> 28 kwietnia:\n<ul>\n<li>po Mszy \u015bw. Nowenna do Matki Bo\u017cej Nieustaj\u0105cej Pomocy, Pani Zaleskiej. Przedstawiajmy naszej Matce swoje podzi\u0119kowania i pro\u015bby,<\/li>\n<li>po Nowennie Adoracja Naj\u015bwi\u0119tszego Sakramentu do godz. 20:00.<\/li>\n<\/ul>\n<\/li>\n<li><strong>W czwartek<\/strong> 29 kwietnia:\n<ul>\n<li>\u015awi\u0119to \u015bw. Katarzyny ze Sieny, dziewicy, doktora Ko\u015bcio\u0142a, patronki Europy.<\/li>\n<\/ul>\n<\/li>\n<li><strong>W pi\u0105tek<\/strong> 30 kwietnia<strong>:<\/strong>\n<ul>\n<li>od godz. 17:00 adoracja Naj\u015bwi\u0119tszego Sakramentu.<\/li>\n<\/ul>\n<\/li>\n<li><strong>W sobot\u0119 <\/strong>1 maja:\n<ul>\n<li>od godz. 9:00 <strong>odwiedzimy chorych<\/strong>. Prosimy o potwierdzenie gotowo\u015bci przyj\u0119cia ksi\u0119dza w zakrystii lub telefonicznie,<\/li>\n<li>rozpoczynamy nabo\u017ce\u0144stwa majowe,<\/li>\n<li><strong>pierwsza sobota miesi\u0105ca<\/strong>, po Mszy \u015bw. udamy si\u0119 z figur\u0105 Matki Bo\u017cej Fatimskiej z procesj\u0105 maryjn\u0105.<\/li>\n<\/ul>\n<\/li>\n<li><strong>W niedziel\u0119 <\/strong>2 maja:\n<ul>\n<li>po Mszy \u015bw. o godz. 7:00 zmiana tajemnic r\u00f3\u017ca\u0144cowych,<\/li>\n<li>modlitw\u0119 r\u00f3\u017ca\u0144cow\u0105 poprowadzi R\u00f3\u017ca Pani Barbary Pustelak.<\/li>\n<\/ul>\n<\/li>\n<\/ol>\n","protected":false},"excerpt":{"rendered":"<p>\u00a0Dzi\u015b: rozpoczyna si\u0119 Tydzie\u0144 Modlitw o powo\u0142ania kap\u0142a\u0144skie i zakonne. We wtorek 27 kwietnia: po Mszy \u015bw. spotkanie Wsp\u00f3lnoty Doros\u0142ych. W \u015brod\u0119 28 kwietnia: po Mszy \u015bw. Nowenna do Matki Bo\u017cej Nieustaj\u0105cej Pomocy, Pani Zaleskiej. Przedstawiajmy naszej Matce swoje podzi\u0119kowania i pro\u015bby, po Nowennie Adoracja Naj\u015bwi\u0119tszego Sakramentu do godz. 20:00. W czwartek 29 kwietnia: \u015awi\u0119to <a class=\"read-more\" href=\"https:\/\/parafiazalesie.org\/index.php\/2021\/04\/24\/ogloszenia-iv-niedziela-wielkanocna-25-04-2021-r\/\"><\/p>\n<p>Zobacz wi\u0119cej<\/a><\/p>\n","protected":false},"author":1,"featured_media":189,"comment_status":"closed","ping_status":"closed","sticky":false,"template":"","format":"standard","meta":{"ngg_post_thumbnail":0,"footnotes":""},"categories":[3],"tags":[],"class_list":["post-187","post","type-post","status-publish","format-standard","has-post-thumbnail","hentry","category-ogloszenia"],"_links":{"self":[{"href":"https:\/\/parafiazalesie.org\/index.php\/wp-json\/wp\/v2\/posts\/187","targetHints":{"allow":["GET"]}}],"collection":[{"href":"https:\/\/parafiazalesie.org\/index.php\/wp-json\/wp\/v2\/posts"}],"about":[{"href":"https:\/\/parafiazalesie.org\/index.php\/wp-json\/wp\/v2\/types\/post"}],"author":[{"embeddable":true,"href":"https:\/\/parafiazalesie.org\/index.php\/wp-json\/wp\/v2\/users\/1"}],"replies":[{"embeddable":true,"href":"https:\/\/parafiazalesie.org\/index.php\/wp-json\/wp\/v2\/comments?post=187"}],"version-history":[{"count":0,"href":"https:\/\/parafiazalesie.org\/index.php\/wp-json\/wp\/v2\/posts\/187\/revisions"}],"wp:featuredmedia":[{"embeddable":true,"href":"https:\/\/parafiazalesie.org\/index.php\/wp-json\/wp\/v2\/media\/189"}],"wp:attachment":[{"href":"https:\/\/parafiazalesie.org\/index.php\/wp-json\/wp\/v2\/media?parent=187"}],"wp:term":[{"taxonomy":"category","embeddable":true,"href":"https:\/\/parafiazalesie.org\/index.php\/wp-json\/wp\/v2\/categories?post=187"},{"taxonomy":"post_tag","embeddable":true,"href":"https:\/\/parafiazalesie.org\/index.php\/wp-json\/wp\/v2\/tags?post=187"}],"curies":[{"name":"wp","href":"https:\/\/api.w.org\/{rel}","templated":true}]}}