{"id":1865,"date":"2025-03-13T12:44:49","date_gmt":"2025-03-13T11:44:49","guid":{"rendered":"https:\/\/parafiazalesie.org\/?p=1865"},"modified":"2025-03-13T12:44:49","modified_gmt":"2025-03-13T11:44:49","slug":"ogloszenia-ii-niedziela-wielkiego-postu-16-03-2025-r","status":"publish","type":"post","link":"https:\/\/parafiazalesie.org\/index.php\/2025\/03\/13\/ogloszenia-ii-niedziela-wielkiego-postu-16-03-2025-r\/","title":{"rendered":"OG\u0141OSZENIA  II Niedziela Wielkiego Postu 16.03.2025 r."},"content":{"rendered":"<ol>\n<li><strong>Dzi\u015b<\/strong> nabo\u017ce\u0144stwo Gorzkich \u017bali z kazaniem pasyjnym o godz. 16:00.<\/li>\n<li><strong>W \u015brod\u0119 <\/strong>19 marca:\n<ul>\n<li><strong>Uroczysto\u015b\u0107 \u015aw. J\u00f3zefa, Oblubie\u0144ca Naj\u015bwi\u0119tszej Maryi Panny,<\/strong><\/li>\n<li>Msze \u015bw. o godz. 7:00; 9:00 i 18:00,<\/li>\n<li>po Mszy \u015bw. wieczornej Nowenna z podzi\u0119kowaniami i pro\u015bbami do Matki Bo\u017cej Nieustaj\u0105cej Pomocy, Pani Zaleskiej,<\/li>\n<li>po Nowennie adoracja Naj\u015bwi\u0119tszego Sakramentu do godz. 20:00,<\/li>\n<li>o godz. 20:00 Droga Krzy\u017cowa dla student\u00f3w, nauczycieli akademickich i wszystkich ch\u0119tnych.<\/li>\n<\/ul>\n<\/li>\n<li><strong>W pi\u0105tek <\/strong>21 marca:\n<ul>\n<li>o godz. 16:30 Droga Krzy\u017cowa dla dzieci,<\/li>\n<li>od godz. 17:00 do 18:00 adoracja Naj\u015bwi\u0119tszego Sakramentu,<\/li>\n<li>po Mszy \u015bw. wieczornej Droga Krzy\u017cowa dla doros\u0142ych.<\/li>\n<\/ul>\n<\/li>\n<li><strong>W sobot\u0119 <\/strong>22 marca:\n<ul>\n<li>Po Mszy \u015bw. wieczornej nabo\u017ce\u0144stwo podzi\u0119kowa\u0144 i pr\u00f3\u015bb za wstawiennictwem \u015bw. Jana Paw\u0142a II.<\/li>\n<\/ul>\n<\/li>\n<li><strong>W niedziel\u0119<\/strong> 23 marca:\n<ul>\n<li>R\u00f3\u017caniec poprowadzi R\u00f3\u017ca \u015b Jana Paw\u0142a II,<\/li>\n<li>o godz. 16:00 Gorzkie \u017bale z kazaniem pasyjnym.<\/li>\n<\/ul>\n<\/li>\n<li><strong>W sobot\u0119 <\/strong>29 marca:\n<ul>\n<li>o godz. 10:00 <strong>spowied\u017a dla k<\/strong><strong>andydat\u00f3w do bierzmowania<\/strong> przed przyj\u0119ciem sakramentu bierzmowania (1 kwietnia 2025 r.),<\/li>\n<li>w zwi\u0105zku z trwaj\u0105cym Rokiem Jubileuszowym w Katedrze Rzeszowskiej \u2013 ko\u015bciele jubileuszowym, odb\u0119dzie si\u0119 spotkanie wszystkich parafii dekanatu katedralnego, do kt\u00f3rego zalicza si\u0119 r\u00f3wnie\u017c nasza parafia. Udamy si\u0119 do Katedry po specjalny <strong>odpust Roku Jubileuszowego<\/strong>. Wyj\u015bcie pielgrzymk\u0105 spod naszego ko\u015bcio\u0142a o godz. 14:30. W programie spotkania:\n<ul>\n<li>o godz. 15:00 nabo\u017ce\u0144stwo pokutne, wystawienie Naj\u015bwi\u0119tszego Sakramentu do adoracji, mo\u017cliwo\u015b\u0107 skorzystania z sakramentu pokuty i pojednania,<\/li>\n<li>o godz. 16:00 Eucharystia.<\/li>\n<\/ul>\n<\/li>\n<\/ul>\n<\/li>\n<li>Si\u0119gajmy jak najcz\u0119\u015bciej po Pismo \u015awi\u0119te, aby go czyta\u0107 i rozwa\u017ca\u0107. Nowa prasa katolicka pod ch\u00f3rem. Zach\u0119camy do czytania.<\/li>\n<\/ol>\n<p><strong>&nbsp;<\/strong><\/p>\n<p><strong>SPOTKANIA:<\/strong><\/p>\n<ul>\n<li><strong>Ch\u00f3r \u201eCredo\u201d <\/strong>\u2013 wtorek 18:00<\/li>\n<li><strong>LSO<\/strong> <strong>i Kandydaci na ministrant\u00f3w<\/strong> \u2013 \u015broda po Mszy \u015bw.<\/li>\n<li><strong>Kandydaci do bierzmowania<\/strong> \u2013 wtorek wieczorna Msza \u015bw. a po niej pr\u00f3ba przed sakramentem bierzmowania<\/li>\n<li><strong>Ruch \u015awiat\u0142o &#8211; \u017bycie<\/strong> \u2013 pi\u0105tek po Mszy \u015bw.<\/li>\n<\/ul>\n","protected":false},"excerpt":{"rendered":"<p>Dzi\u015b nabo\u017ce\u0144stwo Gorzkich \u017bali z kazaniem pasyjnym o godz. 16:00. W \u015brod\u0119 19 marca: Uroczysto\u015b\u0107 \u015aw. J\u00f3zefa, Oblubie\u0144ca Naj\u015bwi\u0119tszej Maryi Panny, Msze \u015bw. o godz. 7:00; 9:00 i 18:00, po Mszy \u015bw. wieczornej Nowenna z podzi\u0119kowaniami i pro\u015bbami do Matki Bo\u017cej Nieustaj\u0105cej Pomocy, Pani Zaleskiej, po Nowennie adoracja Naj\u015bwi\u0119tszego Sakramentu do godz. 20:00, o godz. <a class=\"read-more\" href=\"https:\/\/parafiazalesie.org\/index.php\/2025\/03\/13\/ogloszenia-ii-niedziela-wielkiego-postu-16-03-2025-r\/\"><\/p>\n<p>Zobacz wi\u0119cej<\/a><\/p>\n","protected":false},"author":1,"featured_media":1866,"comment_status":"closed","ping_status":"closed","sticky":false,"template":"","format":"standard","meta":{"ngg_post_thumbnail":0,"footnotes":""},"categories":[3],"tags":[],"class_list":["post-1865","post","type-post","status-publish","format-standard","has-post-thumbnail","hentry","category-ogloszenia"],"_links":{"self":[{"href":"https:\/\/parafiazalesie.org\/index.php\/wp-json\/wp\/v2\/posts\/1865","targetHints":{"allow":["GET"]}}],"collection":[{"href":"https:\/\/parafiazalesie.org\/index.php\/wp-json\/wp\/v2\/posts"}],"about":[{"href":"https:\/\/parafiazalesie.org\/index.php\/wp-json\/wp\/v2\/types\/post"}],"author":[{"embeddable":true,"href":"https:\/\/parafiazalesie.org\/index.php\/wp-json\/wp\/v2\/users\/1"}],"replies":[{"embeddable":true,"href":"https:\/\/parafiazalesie.org\/index.php\/wp-json\/wp\/v2\/comments?post=1865"}],"version-history":[{"count":1,"href":"https:\/\/parafiazalesie.org\/index.php\/wp-json\/wp\/v2\/posts\/1865\/revisions"}],"predecessor-version":[{"id":1867,"href":"https:\/\/parafiazalesie.org\/index.php\/wp-json\/wp\/v2\/posts\/1865\/revisions\/1867"}],"wp:featuredmedia":[{"embeddable":true,"href":"https:\/\/parafiazalesie.org\/index.php\/wp-json\/wp\/v2\/media\/1866"}],"wp:attachment":[{"href":"https:\/\/parafiazalesie.org\/index.php\/wp-json\/wp\/v2\/media?parent=1865"}],"wp:term":[{"taxonomy":"category","embeddable":true,"href":"https:\/\/parafiazalesie.org\/index.php\/wp-json\/wp\/v2\/categories?post=1865"},{"taxonomy":"post_tag","embeddable":true,"href":"https:\/\/parafiazalesie.org\/index.php\/wp-json\/wp\/v2\/tags?post=1865"}],"curies":[{"name":"wp","href":"https:\/\/api.w.org\/{rel}","templated":true}]}}