{"id":1847,"date":"2025-02-27T09:28:02","date_gmt":"2025-02-27T08:28:02","guid":{"rendered":"https:\/\/parafiazalesie.org\/?p=1847"},"modified":"2025-02-27T09:28:02","modified_gmt":"2025-02-27T08:28:02","slug":"ogloszenia-viii-niedziela-zwykla-2-03-2025-r","status":"publish","type":"post","link":"https:\/\/parafiazalesie.org\/index.php\/2025\/02\/27\/ogloszenia-viii-niedziela-zwykla-2-03-2025-r\/","title":{"rendered":"OG\u0141OSZENIA  VIII Niedziela Zwyk\u0142a 2.03.2025 r."},"content":{"rendered":"<ol>\n<li><strong>Dzi\u015b<\/strong> po Mszy \u015bw. o godz.7:00 zmiana tajemnic r\u00f3\u017ca\u0144cowych.<\/li>\n<li><strong>We wtorek<\/strong> 4 marca:\n<ul>\n<li>liturgicznie \u015awi\u0119to \u015bw. Kazimierza Kr\u00f3lewicza. Pami\u0119tajmy w modlitwie o Ks. Bpie Kazimierzu.<\/li>\n<\/ul>\n<\/li>\n<li><strong>W \u015arod\u0119 Popielcow\u0105<\/strong> 5 marca:\n<ul>\n<li>rozpoczynamy 40 &#8211; dniowy okres Wielkiego Postu, w kt\u00f3rym przez s\u0142uchanie S\u0142owa Bo\u017cego, modlitw\u0119, post, trze\u017awo\u015b\u0107 i ja\u0142mu\u017cn\u0119 mamy nawr\u00f3ci\u0107 swoje serce do Boga. Tak b\u0119dziemy przygotowywali si\u0119 do \u015awi\u0105t Zmartwychwstania Pa\u0144skiego. Wielki Post pomaga nam g\u0142\u0119biej pozna\u0107, do\u015bwiadczy\u0107 mi\u0142o\u015bci Chrystusa do nas grzesznik\u00f3w przez uczestnictwo w nabo\u017ce\u0144stwach Drogi Krzy\u017cowej, Gorzkich \u017bali i rekolekcjach, kt\u00f3re planujemy od V Niedzieli Wielkiego Postu,<\/li>\n<li>obowi\u0105zuje nas post \u015bcis\u0142y &#8211; czyli ilo\u015bciowy i jako\u015bciowy. Wstrzymujemy si\u0119 od spo\u017cywania mi\u0119sa, spo\u017cywamy jeden posi\u0142ek do syta i dwa lekkie,<\/li>\n<li>Msze \u015bw. po\u0142\u0105czone z obrz\u0119dem posypania g\u0142\u00f3w popio\u0142em o godz. 7:00; 9:00; 18:00 i 20:00 \u2013 dla wszystkich ch\u0119tnych, szczeg\u00f3lnie dla student\u00f3w,<\/li>\n<li>po Mszy \u015bw. Nowenna z podzi\u0119kowaniami i pro\u015bbami do Matki Bo\u017cej Nieustaj\u0105cej Pomocy, Pani Zaleskiej,<\/li>\n<li>po Nowennie adoracja Naj\u015bwi\u0119tszego Sakramentu do godz. 20:00.<\/li>\n<\/ul>\n<\/li>\n<li>W tym tygodniu wypada <strong>pierwszy czwartek i pierwszy pi\u0105tek<\/strong> miesi\u0105ca. Zach\u0119camy do spowiedzi codziennie przed Mszami \u015bw. a w pierwszy pi\u0105tek od godz. 17:00.<\/li>\n<li><strong>Drogi Krzy\u017cowe w Wielkim Po\u015bcie<\/strong>:\n<ul>\n<li>dla dzieci \u2013 w pi\u0105tki o godz. 16:30. Prosimy rodzic\u00f3w o zach\u0119cenie dzieci do wzi\u0119cia udzia\u0142u w nabo\u017ce\u0144stwie i przyprowadzenie m\u0142odszych dzieci,<\/li>\n<li>dla doros\u0142ych \u2013 w pi\u0105tki po Mszach \u015bw. wieczornych,<\/li>\n<li>dla student\u00f3w, nauczycieli akademickich i wszystkich ch\u0119tnych \u2013 w \u015brody o godz. 20:00,<\/li>\n<li>mo\u017cemy prze\u017cy\u0107 drog\u0119 krzy\u017cow\u0105 na ulicach miasta Rzeszowa. Nabo\u017ce\u0144stwo rozpocznie si\u0119 w najbli\u017cszy pi\u0105tek (7 marca) o godz. 18:00. Droga krzy\u017cowa rozpocznie od Zamku do Sanktuarium Matki Bo\u017cej Rzeszowskiej.<\/li>\n<li>w \u015arod\u0119 Popielcow\u0105 drogi krzy\u017cowej nie b\u0119dzie.<\/li>\n<\/ul>\n<\/li>\n<li><strong>W pi\u0105tek<\/strong> 7 marca:\n<ul>\n<li>po nabo\u017ce\u0144stwie pierwszego pi\u0105tku adoracja Naj\u015bwi\u0119tszego Sakramentu do godz. 20:00.<\/li>\n<\/ul>\n<\/li>\n<li><strong>W niedziel\u0119<\/strong> 9 marca:\n<ul>\n<li>R\u00f3\u017caniec poprowadzi R\u00f3\u017ca b\u0142. Bronis\u0142awy,<\/li>\n<li>o godz. 16:00 Gorzkie \u017bale z kazaniem pasyjnym. Po nabo\u017ce\u0144stwie Msza \u015aw. o godz. 17:00.<\/li>\n<\/ul>\n<\/li>\n<li>Zach\u0119camy do czytania i rozwa\u017cania S\u0142owa Bo\u017cego. Pod ch\u00f3rem mamy now\u0105 pras\u0119 katolick\u0105, zapraszamy do lektury.<\/li>\n<\/ol>\n<p>\n<strong>SPOTKANIA:<\/strong><\/p>\n<ul>\n<li>Ch\u00f3r \u201eCredo\u201d \u2013 wtorek 18:00<\/li>\n<li>Medytacja S\u0142owa Bo\u017cego w duchu Lectio divina \u2013 wtorek po Mszy \u015bw. (w ko\u015bciele)<\/li>\n<li>LSO i Kandydaci na ministrant\u00f3w \u2013 \u015broda po Mszy \u015bw.<\/li>\n<li>Kandydaci do bierzmowania \u2013 \u015broda (pierwsza grupa), czwartek (druga grupa), po Mszy \u015bw. (udzia\u0142 we Mszy \u015bw. obowi\u0105zkowy)<\/li>\n<li>Ruch \u015awiat\u0142o &#8211; \u017bycie \u2013 pi\u0105tek po Mszy \u015bw.<\/li>\n<\/ul>\n","protected":false},"excerpt":{"rendered":"<p>Dzi\u015b po Mszy \u015bw. o godz.7:00 zmiana tajemnic r\u00f3\u017ca\u0144cowych. We wtorek 4 marca: liturgicznie \u015awi\u0119to \u015bw. Kazimierza Kr\u00f3lewicza. Pami\u0119tajmy w modlitwie o Ks. Bpie Kazimierzu. W \u015arod\u0119 Popielcow\u0105 5 marca: rozpoczynamy 40 &#8211; dniowy okres Wielkiego Postu, w kt\u00f3rym przez s\u0142uchanie S\u0142owa Bo\u017cego, modlitw\u0119, post, trze\u017awo\u015b\u0107 i ja\u0142mu\u017cn\u0119 mamy nawr\u00f3ci\u0107 swoje serce do Boga. Tak <a class=\"read-more\" href=\"https:\/\/parafiazalesie.org\/index.php\/2025\/02\/27\/ogloszenia-viii-niedziela-zwykla-2-03-2025-r\/\"><\/p>\n<p>Zobacz wi\u0119cej<\/a><\/p>\n","protected":false},"author":1,"featured_media":1848,"comment_status":"closed","ping_status":"closed","sticky":false,"template":"","format":"standard","meta":{"ngg_post_thumbnail":0,"footnotes":""},"categories":[3],"tags":[],"class_list":["post-1847","post","type-post","status-publish","format-standard","has-post-thumbnail","hentry","category-ogloszenia"],"_links":{"self":[{"href":"https:\/\/parafiazalesie.org\/index.php\/wp-json\/wp\/v2\/posts\/1847","targetHints":{"allow":["GET"]}}],"collection":[{"href":"https:\/\/parafiazalesie.org\/index.php\/wp-json\/wp\/v2\/posts"}],"about":[{"href":"https:\/\/parafiazalesie.org\/index.php\/wp-json\/wp\/v2\/types\/post"}],"author":[{"embeddable":true,"href":"https:\/\/parafiazalesie.org\/index.php\/wp-json\/wp\/v2\/users\/1"}],"replies":[{"embeddable":true,"href":"https:\/\/parafiazalesie.org\/index.php\/wp-json\/wp\/v2\/comments?post=1847"}],"version-history":[{"count":1,"href":"https:\/\/parafiazalesie.org\/index.php\/wp-json\/wp\/v2\/posts\/1847\/revisions"}],"predecessor-version":[{"id":1849,"href":"https:\/\/parafiazalesie.org\/index.php\/wp-json\/wp\/v2\/posts\/1847\/revisions\/1849"}],"wp:featuredmedia":[{"embeddable":true,"href":"https:\/\/parafiazalesie.org\/index.php\/wp-json\/wp\/v2\/media\/1848"}],"wp:attachment":[{"href":"https:\/\/parafiazalesie.org\/index.php\/wp-json\/wp\/v2\/media?parent=1847"}],"wp:term":[{"taxonomy":"category","embeddable":true,"href":"https:\/\/parafiazalesie.org\/index.php\/wp-json\/wp\/v2\/categories?post=1847"},{"taxonomy":"post_tag","embeddable":true,"href":"https:\/\/parafiazalesie.org\/index.php\/wp-json\/wp\/v2\/tags?post=1847"}],"curies":[{"name":"wp","href":"https:\/\/api.w.org\/{rel}","templated":true}]}}