{"id":1820,"date":"2025-01-29T13:40:54","date_gmt":"2025-01-29T12:40:54","guid":{"rendered":"https:\/\/parafiazalesie.org\/?p=1820"},"modified":"2025-01-29T13:40:54","modified_gmt":"2025-01-29T12:40:54","slug":"intencje-parafialne-03-09-02-2025-r","status":"publish","type":"post","link":"https:\/\/parafiazalesie.org\/index.php\/2025\/01\/29\/intencje-parafialne-03-09-02-2025-r\/","title":{"rendered":"Intencje parafialne  03-09.02.2025 r."},"content":{"rendered":"<table width=\"744\">\n<tbody>\n<tr>\n<td colspan=\"3\" width=\"744\">&nbsp;<\/td>\n<\/tr>\n<tr>\n<td rowspan=\"2\" width=\"100\">\n<p><strong>03.02.2025 r.<\/strong><\/p>\n<p><strong>Poniedzia\u0142ek<\/strong><\/p>\n<\/td>\n<td width=\"56\">\n<p><strong>7:00<\/strong><\/p>\n<\/td>\n<td width=\"588\">\n<p>O \u0142aski Bo\u017ce dla dzieci<strong> Moniki i Rados\u0142awa<br \/>\n<\/strong><strong>+ Zofia Dencikowska <\/strong>od Anny Drabickiej<br \/>\n<strong>+ Maria Szczygie\u0142 <\/strong>(4 gr)<\/p>\n<\/td>\n<\/tr>\n<tr>\n<td width=\"56\">\n<p><strong>18:00<\/strong><\/p>\n<\/td>\n<td width=\"588\">\n<p><strong>+ Stanis\u0142aw Fi\u015bkiewicz <\/strong>od \u017cony<br \/>\n<strong>+ Stanis\u0142aw Bilut <\/strong>od Eweliny i Piotra Ferenc z dzie\u0107mi<\/p>\n<\/td>\n<\/tr>\n<tr>\n<td rowspan=\"2\" width=\"100\">\n<p><strong>04.02.2025 r.<\/strong><\/p>\n<p><strong>Wtorek<\/strong><\/p>\n<\/td>\n<td width=\"56\">\n<p><strong>7:00<\/strong><\/p>\n<\/td>\n<td width=\"588\">\n<p>+ <strong>Emilia Skiba<br \/>\n<\/strong><strong>+ Zofia Dencikowska <\/strong>od swata Piotra<br \/>\n<strong>+ Maria Szczygie\u0142 <\/strong>(5 gr)<\/p>\n<\/td>\n<\/tr>\n<tr>\n<td width=\"56\">\n<p><strong>18:00<\/strong><\/p>\n<\/td>\n<td width=\"588\">\n<p><strong>+ Stanis\u0142aw Fi\u015bkiewicz <\/strong>od c\u00f3rki Karoliny<br \/>\n<strong>+ Stanis\u0142aw Bilut <\/strong>od Bogumi\u0142y Nowak z rodzin\u0105<\/p>\n<\/td>\n<\/tr>\n<tr>\n<td rowspan=\"2\" width=\"100\">\n<p><strong>05.02.2025 r.<\/strong><\/p>\n<p><strong>\u015aroda<\/strong><\/p>\n<\/td>\n<td width=\"56\">\n<p><strong>7:00<\/strong><\/p>\n<\/td>\n<td width=\"588\">\n<p><strong>+ Stanis\u0142aw Bilut <\/strong>od kuzyna Edwarda i Heleny<br \/>\n<strong>+ Maria Szczygie\u0142 <\/strong>(6 gr)<br \/>\n<strong>+ Stanis\u0142aw Po\u017aniak <\/strong>(5 R\u015a)<\/p>\n<\/td>\n<\/tr>\n<tr>\n<td width=\"56\">\n<p><strong>18:00<\/strong><\/p>\n<\/td>\n<td width=\"588\">\n<p><strong>+ Zofia Dencikowska <\/strong>od zi\u0119cia S\u0142awomira z dzie\u0107mi<br \/>\n<strong>+ Stanis\u0142aw Fi\u015bkiewicz <\/strong>od c\u00f3rki Moniki z rodzin\u0105<\/p>\n<\/td>\n<\/tr>\n<tr>\n<td rowspan=\"2\" width=\"100\">\n<p><strong>06.02.2025 r.<\/strong><\/p>\n<p><strong>Czwartek<\/strong><\/p>\n<\/td>\n<td width=\"56\">\n<p><strong>7:00<\/strong><\/p>\n<\/td>\n<td width=\"588\">\n<p><strong>+ Stanis\u0142aw Fi\u015bkiewicz <\/strong>od swat\u00f3w Go\u0142ojuch\u00f3w z D\u0105br\u00f3wek<br \/>\n<strong>+ Maria Szczygie\u0142 <\/strong>(7 gr)<br \/>\n<strong>+ Stanis\u0142aw Bilut <\/strong>od s\u0105siadki Bronis\u0142awy Kalandyk<\/p>\n<\/td>\n<\/tr>\n<tr>\n<td width=\"56\">\n<p><strong>18:00<\/strong><\/p>\n<\/td>\n<td width=\"588\">\n<p>O dar m\u0105dro\u015bci, m\u0119stwa i \u015bwi\u0119to\u015bci dla<strong> kap\u0142an\u00f3w <\/strong>oraz nowe powo\u0142ana do s\u0142u\u017cby Panu<br \/>\n<strong>++ Maria i Stanis\u0142aw Babiarz <\/strong>od c\u00f3rki Bo\u017ceny z rodzin\u0105<\/p>\n<\/td>\n<\/tr>\n<tr>\n<td rowspan=\"2\" width=\"100\">\n<p><strong>07.02.2025 r.<\/strong><\/p>\n<p><strong>Pi\u0105tek <\/strong><\/p>\n<\/td>\n<td width=\"56\">\n<p><strong>7:00<\/strong><\/p>\n<\/td>\n<td width=\"588\">\n<p><strong>+ Maria Szczygie\u0142 <\/strong>(8 gr)<br \/>\n<strong>+ Stanis\u0142aw Fi\u015bkiewicz <\/strong>od Ma\u0142gorzaty i Bogus\u0142awa<br \/>\n<strong>+ Zofia Dencikowska <\/strong>od Grzegorza W\u0105sa<br \/>\n<strong>+ Stanis\u0142aw Bilut <\/strong>od kuzynki Danuty z rodzin\u0105<\/p>\n<\/td>\n<\/tr>\n<tr>\n<td width=\"56\">\n<p><strong>18:00<\/strong><\/p>\n<\/td>\n<td width=\"588\">\n<p><strong>Wynagradzaj\u0105ca NSPJ <\/strong>za grzechy i o intronizacj\u0119 NSPJ w sercach naszych parafian<\/p>\n<\/td>\n<\/tr>\n<tr>\n<td rowspan=\"2\" width=\"100\">\n<p><strong>08.02.2025 r.<\/strong><\/p>\n<p><strong>Sobota<\/strong><\/p>\n<\/td>\n<td width=\"56\">\n<p><strong>7:00<\/strong><\/p>\n<\/td>\n<td width=\"588\">\n<p><strong>+ Maria Szczygie\u0142 <\/strong>(9 gr)<br \/>\n<strong>+ Stanis\u0142aw Fi\u015bkiewicz <\/strong>od Renaty i Jerzego<br \/>\n<strong>+ Marianna Zielonka<\/strong><\/p>\n<\/td>\n<\/tr>\n<tr>\n<td width=\"56\">\n<p><strong>18:00<\/strong><\/p>\n<\/td>\n<td width=\"588\">\n<p>O Bo\u017ce b\u0142og. dla<strong> cz\u0142onk\u00f3w Apostolstwa Dobrej <\/strong>\u015amierci i rado\u015b\u0107 nieba dla <strong>zmar\u0142ych cz\u0142onk\u00f3w<br \/>\n<\/strong><strong>+ Zofia Dencikowska <\/strong>od rodziny Gudyk\u00f3w<\/p>\n<\/td>\n<\/tr>\n<tr>\n<td rowspan=\"5\" width=\"100\">\n<p><strong>09.02.2025 r.<\/strong><\/p>\n<p><strong>Niedziela<\/strong><\/p>\n<\/td>\n<td width=\"56\">\n<p><strong>7:00<\/strong><\/p>\n<\/td>\n<td width=\"588\">\n<p><strong>Za parafian<br \/>\n<\/strong><strong>+ Stanis\u0142aw Fi\u015bkiewicz <\/strong>od Zofii i Mariana Szwed<\/p>\n<\/td>\n<\/tr>\n<tr>\n<td width=\"56\">\n<p><strong>9:00<\/strong><\/p>\n<\/td>\n<td width=\"588\">\n<p><strong>+ Zofia Dencikwska <\/strong>od siostry Anny z rodzin\u0105<\/p>\n<\/td>\n<\/tr>\n<tr>\n<td width=\"56\">\n<p><strong>10:30<\/strong><\/p>\n<\/td>\n<td width=\"588\">\n<p><strong>+ Maria Szczygie\u0142 <\/strong>(10 gr)<\/p>\n<\/td>\n<\/tr>\n<tr>\n<td width=\"56\">\n<p><strong>12:00<\/strong><\/p>\n<\/td>\n<td width=\"588\">\n<p><strong>+ Antoni Bazan <\/strong>(R\u015a)<\/p>\n<\/td>\n<\/tr>\n<tr>\n<td width=\"56\">\n<p><strong>17:00<\/strong><\/p>\n<\/td>\n<td width=\"588\">\n<p><strong>++ Apolonia, W\u0142adys\u0142aw, Zofia i Piotr Ko\u015bciak <\/strong><\/p>\n<\/td>\n<\/tr>\n<\/tbody>\n<\/table>\n","protected":false},"excerpt":{"rendered":"<p>&nbsp; 03.02.2025 r. Poniedzia\u0142ek 7:00 O \u0142aski Bo\u017ce dla dzieci Moniki i Rados\u0142awa + Zofia Dencikowska od Anny Drabickiej + Maria Szczygie\u0142 (4 gr) 18:00 + Stanis\u0142aw Fi\u015bkiewicz od \u017cony + Stanis\u0142aw Bilut od Eweliny i Piotra Ferenc z dzie\u0107mi 04.02.2025 r. Wtorek 7:00 + Emilia Skiba + Zofia Dencikowska od swata Piotra + Maria <a class=\"read-more\" href=\"https:\/\/parafiazalesie.org\/index.php\/2025\/01\/29\/intencje-parafialne-03-09-02-2025-r\/\"><\/p>\n<p>Zobacz wi\u0119cej<\/a><\/p>\n","protected":false},"author":1,"featured_media":111,"comment_status":"closed","ping_status":"closed","sticky":false,"template":"","format":"standard","meta":{"ngg_post_thumbnail":0,"footnotes":""},"categories":[5],"tags":[],"class_list":["post-1820","post","type-post","status-publish","format-standard","has-post-thumbnail","hentry","category-intencje"],"_links":{"self":[{"href":"https:\/\/parafiazalesie.org\/index.php\/wp-json\/wp\/v2\/posts\/1820","targetHints":{"allow":["GET"]}}],"collection":[{"href":"https:\/\/parafiazalesie.org\/index.php\/wp-json\/wp\/v2\/posts"}],"about":[{"href":"https:\/\/parafiazalesie.org\/index.php\/wp-json\/wp\/v2\/types\/post"}],"author":[{"embeddable":true,"href":"https:\/\/parafiazalesie.org\/index.php\/wp-json\/wp\/v2\/users\/1"}],"replies":[{"embeddable":true,"href":"https:\/\/parafiazalesie.org\/index.php\/wp-json\/wp\/v2\/comments?post=1820"}],"version-history":[{"count":1,"href":"https:\/\/parafiazalesie.org\/index.php\/wp-json\/wp\/v2\/posts\/1820\/revisions"}],"predecessor-version":[{"id":1821,"href":"https:\/\/parafiazalesie.org\/index.php\/wp-json\/wp\/v2\/posts\/1820\/revisions\/1821"}],"wp:featuredmedia":[{"embeddable":true,"href":"https:\/\/parafiazalesie.org\/index.php\/wp-json\/wp\/v2\/media\/111"}],"wp:attachment":[{"href":"https:\/\/parafiazalesie.org\/index.php\/wp-json\/wp\/v2\/media?parent=1820"}],"wp:term":[{"taxonomy":"category","embeddable":true,"href":"https:\/\/parafiazalesie.org\/index.php\/wp-json\/wp\/v2\/categories?post=1820"},{"taxonomy":"post_tag","embeddable":true,"href":"https:\/\/parafiazalesie.org\/index.php\/wp-json\/wp\/v2\/tags?post=1820"}],"curies":[{"name":"wp","href":"https:\/\/api.w.org\/{rel}","templated":true}]}}