{"id":1816,"date":"2025-01-23T14:18:14","date_gmt":"2025-01-23T13:18:14","guid":{"rendered":"https:\/\/parafiazalesie.org\/?p=1816"},"modified":"2025-01-26T13:22:14","modified_gmt":"2025-01-26T12:22:14","slug":"ogloszenia-iii-niedziela-zwykla-niedziela-slowa-bozego-26-01-2025-r","status":"publish","type":"post","link":"https:\/\/parafiazalesie.org\/index.php\/2025\/01\/23\/ogloszenia-iii-niedziela-zwykla-niedziela-slowa-bozego-26-01-2025-r\/","title":{"rendered":"OG\u0141OSZENIA  III Niedziela Zwyk\u0142a (Niedziela S\u0142owa Bo\u017cego) 26.01.2025 r."},"content":{"rendered":"<ol>\n<li><strong>Dzi\u015b:<\/strong>\n<ul>\n<li>\u015bwi\u0119tujemy <strong>Niedziel\u0119 S\u0142owa Bo\u017cego.<\/strong><\/li>\n<\/ul>\n<\/li>\n<li><strong>We wtorek <\/strong>28 stycznia:\n<ul>\n<li>wspomnienie \u015bw. Tomasza z Akwinu, kap\u0142ana, doktora Ko\u015bcio\u0142a.<\/li>\n<\/ul>\n<\/li>\n<li><strong>W \u015brod\u0119 <\/strong>29 stycznia:\n<ul>\n<li>po Mszy \u015bw. Nowenna do Matki Bo\u017cej Nieustaj\u0105cej Pomocy, Pani Zaleskiej,<\/li>\n<li>adoracja Naj\u015bwi\u0119tszego Sakramentu do godz. 20:00.<\/li>\n<\/ul>\n<\/li>\n<li><strong>W pi\u0105tek <\/strong>31 stycznia:\n<ul>\n<li>wspomnienie \u015bw. Jana Bosko, kap\u0142ana,<\/li>\n<li>od godz. 17:00 do 18:00 adoracja Naj\u015bwi\u0119tszego Sakramentu.<\/li>\n<\/ul>\n<\/li>\n<li><strong>W pierwsz\u0105 sobot\u0119 <\/strong>1 lutego:\n<ul>\n<li>od godz. 9:00 odwiedzimy chorych z sakramentami,<\/li>\n<li>wynagradzajmy Niepokalanemu Sercu Maryi za grzechy, kt\u00f3rymi to Serce jest obra\u017cane. Zapraszamy na Eucharysti\u0119 i r\u00f3\u017caniec wynagradzaj\u0105cy dzieci, m\u0142odzie\u017c i doros\u0142ych.<\/li>\n<\/ul>\n<\/li>\n<li><strong>W Niedziel\u0119<\/strong> <strong>\u015awi\u0119ta Ofiarowania Pa\u0144skiego <\/strong>2 lutego:\n<ul>\n<li>\u015awi\u0119to Ofiarowania Pa\u0144skiego to \u015bwiatowy dzie\u0144 \u017cycia konsekrowanego,<\/li>\n<li>zmiana tajemnic r\u00f3\u017ca\u0144cowych po Mszy \u015bw. porannej,<\/li>\n<li>R\u00f3\u017caniec poprowadzi R\u00f3\u017ca b\u0142. El\u017cbiety R\u00f3\u017cy Czackiej,<\/li>\n<li>na liturgi\u0119 przynie\u015bmy ze sob\u0105 \u015bwiece. Liturgia rozpocznie si\u0119 od po\u015bwi\u0119cenia \u015bwiec. Nie zapomnijmy o zabezpieczeniu \u015bwiec przez kapi\u0105cym woskiem.<\/li>\n<li>sk\u0142adka na klasztory kontemplacyjne w diecezji.<\/li>\n<\/ul>\n<\/li>\n<li>Nie rozstawajmy si\u0119 za S\u0142owem Bo\u017cym, czytajmy go i rozwa\u017cajmy jak r\u00f3wnie\u017c si\u0119gnijmy po pras\u0119 katolick\u0105. Proponujemy tygodniki katolickie wystawione pod ch\u00f3rem.<\/li>\n<\/ol>\n<p>&nbsp;<\/p>\n<p><strong>Msza \u015bw. kol\u0119dowa<\/strong><\/p>\n<p><strong>Niedziela 26 stycznia godz. 14:00<\/strong><\/p>\n<p>zapraszamy mieszka\u0144c\u00f3w ulic: <strong>Sasanki, Daliowej, Storczykowej, Go\u017adzikowej, Forsycji, Zelwerowicza, Krokusowej, Mieczykowej, Kacze\u0144cowej, Fio\u0142kowej, Konwalii, Sikorskiego.<\/strong><\/p>\n<p><strong>&nbsp;<\/strong><strong>SPOTKANIA:<\/strong><\/p>\n<ul>\n<li><strong>Ch\u00f3r \u201eCredo\u201d \u2013 <\/strong>wtorek 18:00<\/li>\n<li><strong>Medytacja S\u0142owa Bo\u017cego w duchu Lectio divina <\/strong>\u2013 wtorek po Mszy \u015bw. <em>(w ko\u015bciele)<\/em><\/li>\n<li><strong>LSO <\/strong>\u2013 \u015broda po wieczornej Mszy \u015bw<\/li>\n<li><strong>Kandydaci do bierzmowania<\/strong> \u2013 \u015broda (pierwsza grupa), czwartek (druga grupa), po Mszy \u015bw.&nbsp; (udzia\u0142 we Mszy \u015bw. obowi\u0105zkowy)<\/li>\n<li><strong>Kandydaci na ministrant\u00f3w<\/strong> \u2013 czwartek 17:00<\/li>\n<li><strong>Akcja Katolicka &#8211; <\/strong>czwartek po wieczornej Mszy \u015bw.<\/li>\n<li><strong>Ruch \u015awiat\u0142o &#8211; \u017bycie<\/strong> \u2013 pi\u0105tek po Mszy \u015bw.<\/li>\n<\/ul>\n","protected":false},"excerpt":{"rendered":"<p>Dzi\u015b: \u015bwi\u0119tujemy Niedziel\u0119 S\u0142owa Bo\u017cego. We wtorek 28 stycznia: wspomnienie \u015bw. Tomasza z Akwinu, kap\u0142ana, doktora Ko\u015bcio\u0142a. W \u015brod\u0119 29 stycznia: po Mszy \u015bw. Nowenna do Matki Bo\u017cej Nieustaj\u0105cej Pomocy, Pani Zaleskiej, adoracja Naj\u015bwi\u0119tszego Sakramentu do godz. 20:00. W pi\u0105tek 31 stycznia: wspomnienie \u015bw. Jana Bosko, kap\u0142ana, od godz. 17:00 do 18:00 adoracja Naj\u015bwi\u0119tszego Sakramentu. <a class=\"read-more\" href=\"https:\/\/parafiazalesie.org\/index.php\/2025\/01\/23\/ogloszenia-iii-niedziela-zwykla-niedziela-slowa-bozego-26-01-2025-r\/\"><\/p>\n<p>Zobacz wi\u0119cej<\/a><\/p>\n","protected":false},"author":1,"featured_media":1819,"comment_status":"closed","ping_status":"closed","sticky":false,"template":"","format":"standard","meta":{"ngg_post_thumbnail":0,"footnotes":""},"categories":[3],"tags":[],"class_list":["post-1816","post","type-post","status-publish","format-standard","has-post-thumbnail","hentry","category-ogloszenia"],"_links":{"self":[{"href":"https:\/\/parafiazalesie.org\/index.php\/wp-json\/wp\/v2\/posts\/1816","targetHints":{"allow":["GET"]}}],"collection":[{"href":"https:\/\/parafiazalesie.org\/index.php\/wp-json\/wp\/v2\/posts"}],"about":[{"href":"https:\/\/parafiazalesie.org\/index.php\/wp-json\/wp\/v2\/types\/post"}],"author":[{"embeddable":true,"href":"https:\/\/parafiazalesie.org\/index.php\/wp-json\/wp\/v2\/users\/1"}],"replies":[{"embeddable":true,"href":"https:\/\/parafiazalesie.org\/index.php\/wp-json\/wp\/v2\/comments?post=1816"}],"version-history":[{"count":1,"href":"https:\/\/parafiazalesie.org\/index.php\/wp-json\/wp\/v2\/posts\/1816\/revisions"}],"predecessor-version":[{"id":1818,"href":"https:\/\/parafiazalesie.org\/index.php\/wp-json\/wp\/v2\/posts\/1816\/revisions\/1818"}],"wp:featuredmedia":[{"embeddable":true,"href":"https:\/\/parafiazalesie.org\/index.php\/wp-json\/wp\/v2\/media\/1819"}],"wp:attachment":[{"href":"https:\/\/parafiazalesie.org\/index.php\/wp-json\/wp\/v2\/media?parent=1816"}],"wp:term":[{"taxonomy":"category","embeddable":true,"href":"https:\/\/parafiazalesie.org\/index.php\/wp-json\/wp\/v2\/categories?post=1816"},{"taxonomy":"post_tag","embeddable":true,"href":"https:\/\/parafiazalesie.org\/index.php\/wp-json\/wp\/v2\/tags?post=1816"}],"curies":[{"name":"wp","href":"https:\/\/api.w.org\/{rel}","templated":true}]}}