{"id":1814,"date":"2025-01-23T13:45:58","date_gmt":"2025-01-23T12:45:58","guid":{"rendered":"https:\/\/parafiazalesie.org\/?p=1814"},"modified":"2025-01-23T13:45:58","modified_gmt":"2025-01-23T12:45:58","slug":"intencje-parafialne-27-02-02-2025-r","status":"publish","type":"post","link":"https:\/\/parafiazalesie.org\/index.php\/2025\/01\/23\/intencje-parafialne-27-02-02-2025-r\/","title":{"rendered":"Intencje parafialne  27-02.02.2025 r."},"content":{"rendered":"<table width=\"744\">\n<tbody>\n<tr>\n<td colspan=\"3\" width=\"744\">&nbsp;<\/td>\n<\/tr>\n<tr>\n<td rowspan=\"2\" width=\"100\">\n<p><strong>27.01.2025 r.<\/strong><\/p>\n<p><strong>Poniedzia\u0142ek<\/strong><\/p>\n<\/td>\n<td width=\"56\">\n<p><strong>7:00<\/strong><\/p>\n<\/td>\n<td width=\"588\">\n<p><strong>+ Zofia Dencikowska <\/strong>od Ewy i Tomasza W\u0105s z rodzin\u0105<br \/>\n<strong>+ Boles\u0142aw Ferenc <\/strong>od przyjaci\u00f3\u0142 grupy \u201eKamuzo\u201d o. Maksymina<br \/>\nO \u0142ask\u0119 udanej operacji i zdrowie dla<strong> Marka<br \/>\n<\/strong><strong>++ Wac\u0142awa i J\u00f3zef Roso\u0142owscy <\/strong>(27 gr)<\/p>\n<\/td>\n<\/tr>\n<tr>\n<td width=\"56\">\n<p><strong>18:00<\/strong><\/p>\n<\/td>\n<td width=\"588\">\n<p><strong>+ Genowefa <\/strong>(15 R\u015a)<\/p>\n<\/td>\n<\/tr>\n<tr>\n<td rowspan=\"2\" width=\"100\">\n<p><strong>28.01.2025 r.<\/strong><\/p>\n<p><strong>Wtorek<\/strong><\/p>\n<\/td>\n<td width=\"56\">\n<p><strong>7:00<\/strong><\/p>\n<\/td>\n<td width=\"588\">\n<p>O zdrowie i Bo\u017ce B\u0142ogos\u0142awie\u0144stwo oraz o opiek\u0119 MB Zaleskiej w dniu<strong> 70 urodzin Heleny i ca\u0142ej rodziny<br \/>\n<\/strong><strong>+ Zofia Dencikowska <\/strong>od&nbsp; Anny i Wojciecha Kotula<br \/>\n<strong>+ Boles\u0142aw Ferenc <\/strong>od rodziny Dander<br \/>\n<strong>++ Wac\u0142awa i J\u00f3zef Roso\u0142owscy <\/strong>(28 gr)<\/p>\n<\/td>\n<\/tr>\n<tr>\n<td width=\"56\">\n<p><strong>18:00<\/strong><\/p>\n<\/td>\n<td width=\"588\">\n<p><strong>&nbsp;+ Monika Krawczyk <\/strong>(6 R\u015a) od rodzic\u00f3w<\/p>\n<\/td>\n<\/tr>\n<tr>\n<td rowspan=\"2\" width=\"100\">\n<p><strong>29.01.2025 r.<\/strong><\/p>\n<p><strong>\u015aroda<\/strong><\/p>\n<\/td>\n<td width=\"56\">\n<p><strong>7:00<\/strong><\/p>\n<\/td>\n<td width=\"588\">\n<p>Dzi\u0119kczynna za operacj\u0119<strong> Marleny<br \/>\n<\/strong><strong>+ Zofia Dencikowska <\/strong>od Edyty i Miros\u0142awa W\u0105s z rodzin\u0105<br \/>\n<strong>+ Stanis\u0142aw Fi\u015bkiewicz <\/strong>od s\u0105siad\u00f3w c\u00f3rki Moniki<br \/>\n<strong>+ W\u0142adys\u0142aw Bober <\/strong>(4R\u015a)<br \/>\n<strong>++ Wac\u0142awa i J\u00f3zef Roso\u0142owscy <\/strong>(29 gr)<\/p>\n<\/td>\n<\/tr>\n<tr>\n<td width=\"56\">\n<p><strong>18:00<\/strong><\/p>\n<\/td>\n<td width=\"588\">\n<p><strong>+ Boles\u0142aw Ferenc <\/strong>od rodziny W\u0105sacz\u00f3w<\/p>\n<\/td>\n<\/tr>\n<tr>\n<td rowspan=\"2\" width=\"100\">\n<p><strong>30.01.2025 r.<\/strong><\/p>\n<p><strong>Czwartek<\/strong><\/p>\n<\/td>\n<td width=\"56\">\n<p><strong>7:00<\/strong><\/p>\n<\/td>\n<td width=\"588\">\n<p>O zdrowie dla <strong>Anny<br \/>\n<\/strong><strong>+ Zofia Dencikowska <\/strong>od Ryszarda Orkisza<br \/>\n<strong>++ Wac\u0142awa i J\u00f3zef Roso\u0142owscy <\/strong>(30 gr)<br \/>\n<strong>+ Stanis\u0142aw Fi\u015bkiewicz <\/strong>od rodzin Syno\u015b i Walny<\/p>\n<\/td>\n<\/tr>\n<tr>\n<td width=\"56\">\n<p><strong>18:00<\/strong><\/p>\n<\/td>\n<td width=\"588\">\n<p><strong>+ Boles\u0142aw Ferenc <\/strong>od rodziny W\u0105sacz\u00f3w<\/p>\n<\/td>\n<\/tr>\n<tr>\n<td rowspan=\"2\" width=\"100\">\n<p><strong>31.01.2025 r.<\/strong><\/p>\n<p><strong>Pi\u0105tek <\/strong><\/p>\n<\/td>\n<td width=\"56\">\n<p><strong>7:00<\/strong><\/p>\n<\/td>\n<td width=\"588\">\n<p><strong>+ Maria Szczygie\u0142 <\/strong>(1) gr<br \/>\n<strong>+ Stanis\u0142aw Fi\u015bkiewicz <\/strong>od rodzin Syno\u015b i Walny<br \/>\n<strong>+ Boles\u0142aw Ferenc <\/strong>od rodziny Szyde\u0142ko<br \/>\n<strong>+ Witold Haba<\/strong><\/p>\n<\/td>\n<\/tr>\n<tr>\n<td width=\"56\">\n<p><strong>18:00<\/strong><\/p>\n<\/td>\n<td width=\"588\">\n<p><strong>+ Zofia Dencikowska <\/strong>od Zofii i Wac\u0142awa Kowalskich z dzie\u0107mi<\/p>\n<\/td>\n<\/tr>\n<tr>\n<td rowspan=\"2\" width=\"100\">\n<p><strong>01.02.2025 r.<\/strong><\/p>\n<p><strong>Sobota<\/strong><\/p>\n<\/td>\n<td width=\"56\">\n<p><strong>7:00<\/strong><\/p>\n<\/td>\n<td width=\"588\">\n<p><strong>+ Maria Szczygie\u0142 <\/strong>(2) gr<br \/>\n<strong>+ Zofia Dencikowska <\/strong>od Zofii i Wac\u0142awa Kowalskich z dzie\u0107mi<br \/>\n<strong>+ Boles\u0142aw Ferenc <\/strong>od rodziny Rajwer\u00f3w<br \/>\n<strong>+ Boles\u0142aw Ferenc <\/strong>od syna Andrzeja z \u017con\u0105<\/p>\n<\/td>\n<\/tr>\n<tr>\n<td width=\"56\">\n<p><strong>18.00<\/strong><\/p>\n<\/td>\n<td width=\"588\">\n<p><strong>+ Stanis\u0142aw Bilut <\/strong>od kuzynki Kazimiery Pawe\u0142ek z synem<\/p>\n<\/td>\n<\/tr>\n<tr>\n<td rowspan=\"5\" width=\"100\">\n<p><strong>02.02.2025 r.<\/strong><\/p>\n<p><strong>Niedziela<\/strong><\/p>\n<\/td>\n<td width=\"56\">\n<p><strong>7:00<\/strong><\/p>\n<\/td>\n<td width=\"588\">\n<p>W intencji cz\u0142onk\u00f3w<strong> R\u00f3\u017c R\u00f3\u017ca\u0144cowych<br \/>\n<\/strong><strong>+ Zofia Dencikowska<\/strong><\/p>\n<\/td>\n<\/tr>\n<tr>\n<td width=\"56\">\n<p><strong>9:00<\/strong><\/p>\n<\/td>\n<td width=\"588\">\n<p><strong>+ Maria Szczygie\u0142 <\/strong>(3) gr<\/p>\n<\/td>\n<\/tr>\n<tr>\n<td width=\"56\">\n<p><strong>10:30<\/strong><\/p>\n<\/td>\n<td width=\"588\">\n<p><strong>++ Krystyna i Ryszard Fac<\/strong><\/p>\n<\/td>\n<\/tr>\n<tr>\n<td width=\"56\">\n<p><strong>12:00<\/strong><\/p>\n<\/td>\n<td width=\"588\">\n<p><strong>+ Boles\u0142aw Ferenc <\/strong>od rodziny Sitarz<\/p>\n<\/td>\n<\/tr>\n<tr>\n<td width=\"56\">\n<p><strong>17:00<\/strong><\/p>\n<\/td>\n<td width=\"588\">\n<p><strong>za parafian<\/strong><\/p>\n<\/td>\n<\/tr>\n<\/tbody>\n<\/table>\n<p>&nbsp;<\/p>\n","protected":false},"excerpt":{"rendered":"<p>&nbsp; 27.01.2025 r. Poniedzia\u0142ek 7:00 + Zofia Dencikowska od Ewy i Tomasza W\u0105s z rodzin\u0105 + Boles\u0142aw Ferenc od przyjaci\u00f3\u0142 grupy \u201eKamuzo\u201d o. Maksymina O \u0142ask\u0119 udanej operacji i zdrowie dla Marka ++ Wac\u0142awa i J\u00f3zef Roso\u0142owscy (27 gr) 18:00 + Genowefa (15 R\u015a) 28.01.2025 r. Wtorek 7:00 O zdrowie i Bo\u017ce B\u0142ogos\u0142awie\u0144stwo oraz o <a class=\"read-more\" href=\"https:\/\/parafiazalesie.org\/index.php\/2025\/01\/23\/intencje-parafialne-27-02-02-2025-r\/\"><\/p>\n<p>Zobacz wi\u0119cej<\/a><\/p>\n","protected":false},"author":1,"featured_media":111,"comment_status":"closed","ping_status":"closed","sticky":false,"template":"","format":"standard","meta":{"ngg_post_thumbnail":0,"footnotes":""},"categories":[5],"tags":[],"class_list":["post-1814","post","type-post","status-publish","format-standard","has-post-thumbnail","hentry","category-intencje"],"_links":{"self":[{"href":"https:\/\/parafiazalesie.org\/index.php\/wp-json\/wp\/v2\/posts\/1814","targetHints":{"allow":["GET"]}}],"collection":[{"href":"https:\/\/parafiazalesie.org\/index.php\/wp-json\/wp\/v2\/posts"}],"about":[{"href":"https:\/\/parafiazalesie.org\/index.php\/wp-json\/wp\/v2\/types\/post"}],"author":[{"embeddable":true,"href":"https:\/\/parafiazalesie.org\/index.php\/wp-json\/wp\/v2\/users\/1"}],"replies":[{"embeddable":true,"href":"https:\/\/parafiazalesie.org\/index.php\/wp-json\/wp\/v2\/comments?post=1814"}],"version-history":[{"count":1,"href":"https:\/\/parafiazalesie.org\/index.php\/wp-json\/wp\/v2\/posts\/1814\/revisions"}],"predecessor-version":[{"id":1815,"href":"https:\/\/parafiazalesie.org\/index.php\/wp-json\/wp\/v2\/posts\/1814\/revisions\/1815"}],"wp:featuredmedia":[{"embeddable":true,"href":"https:\/\/parafiazalesie.org\/index.php\/wp-json\/wp\/v2\/media\/111"}],"wp:attachment":[{"href":"https:\/\/parafiazalesie.org\/index.php\/wp-json\/wp\/v2\/media?parent=1814"}],"wp:term":[{"taxonomy":"category","embeddable":true,"href":"https:\/\/parafiazalesie.org\/index.php\/wp-json\/wp\/v2\/categories?post=1814"},{"taxonomy":"post_tag","embeddable":true,"href":"https:\/\/parafiazalesie.org\/index.php\/wp-json\/wp\/v2\/tags?post=1814"}],"curies":[{"name":"wp","href":"https:\/\/api.w.org\/{rel}","templated":true}]}}