{"id":1808,"date":"2025-01-16T09:30:52","date_gmt":"2025-01-16T08:30:52","guid":{"rendered":"https:\/\/parafiazalesie.org\/?p=1808"},"modified":"2025-01-16T09:30:52","modified_gmt":"2025-01-16T08:30:52","slug":"ogloszenia-uroczystosc-swietego-jozefa-sebastiana-pelczara-19-01-2025-r","status":"publish","type":"post","link":"https:\/\/parafiazalesie.org\/index.php\/2025\/01\/16\/ogloszenia-uroczystosc-swietego-jozefa-sebastiana-pelczara-19-01-2025-r\/","title":{"rendered":"OG\u0141OSZENIA Uroczysto\u015b\u0107 \u015awi\u0119tego J\u00f3zefa Sebastiana Pelczara 19.01.2025 r."},"content":{"rendered":"<ol>\n<li style=\"font-weight: 400;\" aria-level=\"1\"><b>Dzi\u015b:<\/b>\n<ul>\n<li style=\"font-weight: 400;\" aria-level=\"1\"><span style=\"font-weight: 400;\">\u015bwi\u0119tujemy <\/span><b>Uroczysto\u015b\u0107 \u015awi\u0119tego J\u00f3zefa Sebastiana Pelczara<\/b><span style=\"font-weight: 400;\">, biskupa, g\u0142\u00f3wnego Patrona naszej Rzeszowskiej Diecezji,<\/span><\/li>\n<li style=\"font-weight: 400;\" aria-level=\"1\"><span style=\"font-weight: 400;\">rozpoczyna si\u0119 Tydzie\u0144 Modlitw o Jedno\u015b\u0107 Chrze\u015bcijan.<\/span><\/li>\n<\/ul>\n<\/li>\n<li style=\"font-weight: 400;\" aria-level=\"1\"><b>We wtorek <\/b><span style=\"font-weight: 400;\">21 stycznia:<\/span>\n<ul>\n<li style=\"font-weight: 400;\" aria-level=\"1\"><span style=\"font-weight: 400;\">wspomnienie \u015bw. Agnieszki, dziewicy, m\u0119czennicy.<\/span><\/li>\n<\/ul>\n<\/li>\n<li style=\"font-weight: 400;\" aria-level=\"1\"><b>W \u015brod\u0119 <\/b><span style=\"font-weight: 400;\">22 stycznia:<\/span>\n<ul>\n<li style=\"font-weight: 400;\" aria-level=\"1\"><span style=\"font-weight: 400;\">po Mszy \u015bw. Nowenna do Matki Bo\u017cej Nieustaj\u0105cej Pomocy, Pani Zaleskiej,<\/span><\/li>\n<li style=\"font-weight: 400;\" aria-level=\"1\"><span style=\"font-weight: 400;\">nabo\u017ce\u0144stwo podzi\u0119kowa\u0144 i pr\u00f3\u015bb za wstawiennictwem \u015bw. Jana Paw\u0142a II,<\/span><\/li>\n<li style=\"font-weight: 400;\" aria-level=\"1\"><span style=\"font-weight: 400;\">adoracja Naj\u015bwi\u0119tszego Sakramentu do godz. 20:00.<\/span><\/li>\n<\/ul>\n<\/li>\n<li style=\"font-weight: 400;\" aria-level=\"1\"><b>W pi\u0105tek <\/b><span style=\"font-weight: 400;\">24 stycznia:<\/span>\n<ul>\n<li style=\"font-weight: 400;\" aria-level=\"1\"><span style=\"font-weight: 400;\">wspomnienie \u015bw. Franciszka Salezego,<\/span><\/li>\n<li style=\"font-weight: 400;\" aria-level=\"1\"><span style=\"font-weight: 400;\">od godz. 17:00 do 18:00 adoracja Naj\u015bwi\u0119tszego Sakramentu, prowadzona przez Wsp\u00f3lnot\u0119 Intronizacyjn\u0105.<\/span><\/li>\n<\/ul>\n<\/li>\n<li style=\"font-weight: 400;\" aria-level=\"1\"><b>W sobot\u0119 <\/b><span style=\"font-weight: 400;\">25 stycznia:<\/span>\n<ul>\n<li style=\"font-weight: 400;\" aria-level=\"1\"><span style=\"font-weight: 400;\">\u015awi\u0119to Nawr\u00f3cenia \u015bw. Paw\u0142a Aposto\u0142a.<\/span><\/li>\n<\/ul>\n<\/li>\n<li style=\"font-weight: 400;\" aria-level=\"1\"><b>W Niedziel\u0119<\/b> <b>S\u0142owa Bo\u017cego<\/b><span style=\"font-weight: 400;\"> 26 stycznia:<\/span>\n<ul>\n<li style=\"font-weight: 400;\" aria-level=\"1\"><span style=\"font-weight: 400;\">R\u00f3\u017caniec poprowadzi R\u00f3\u017ca \u015bw. Jadwigi Kr\u00f3lowej.<\/span><\/li>\n<\/ul>\n<\/li>\n<li style=\"font-weight: 400;\" aria-level=\"1\"><span style=\"font-weight: 400;\">Tegoroczna wizyta duszpasterska dobieg\u0142a ko\u0144ca. Bardzo dzi\u0119kujemy za przyjmowanie nas w swoich domach, za serdeczne spotkania, rozmowy duszpasterskie. Dzi\u0119kujemy za trosk\u0119 o \u017cycie wiary w parafii, zainteresowanie jej problemami, inspiruj\u0105ce spostrze\u017cenia. Niech B\u00f3g wynagrodzi Wasz\u0105 otwarto\u015b\u0107 i szlachetno\u015b\u0107 waszych serc w trosce o przysz\u0142o\u015b\u0107 Ko\u015bcio\u0142a. Dzi\u0119kujemy r\u00f3wnie\u017c za ofiary sk\u0142adane z okazji kol\u0119dy. B\u00f3g zap\u0142a\u0107.<\/span><\/li>\n<li style=\"font-weight: 400;\" aria-level=\"1\"><span style=\"font-weight: 400;\">Zapraszamy do czytania i rozwa\u017cania S\u0142owa Bo\u017cego. Si\u0119gnijmy po pras\u0119 katolick\u0105 dost\u0119pn\u0105&nbsp; pod ch\u00f3rem.<\/span><\/li>\n<\/ol>\n<p><b>Msza \u015bw. kol\u0119dowa<\/b><\/p>\n<p><b>Niedziela 26 stycznia godz. 14:00<\/b><\/p>\n<p><span style=\"font-weight: 400;\">zapraszamy mieszka\u0144c\u00f3w ulic: <\/span><\/p>\n<ul>\n<li><b>Sasanki, <\/b><\/li>\n<li><b>Daliowej, <\/b><\/li>\n<li><b>Storczykowej, <\/b><\/li>\n<li><b>Go\u017adzikowej, <\/b><\/li>\n<li><b>Forsycji, <\/b><\/li>\n<li><b>Zelwerowicza, <\/b><\/li>\n<li><b>Krokusowej, <\/b><\/li>\n<li><b>Mieczykowej, <\/b><\/li>\n<li><b>Kacze\u0144cowej, <\/b><\/li>\n<li><b>Fio\u0142kowej, <\/b><\/li>\n<li><b>Konwalii.<\/b><\/li>\n<\/ul>\n<p>&nbsp;<\/p>\n<p><b>SPOTKANIA:<\/b><\/p>\n<ul>\n<li><b>Medytacja S\u0142owa Bo\u017cego w duchu Lectio divina <\/b><span style=\"font-weight: 400;\">\u2013 wtorek po Mszy \u015bw. <\/span><i><span style=\"font-weight: 400;\">(w ko\u015bciele)<\/span><\/i><\/li>\n<li><b>LSO i Kandydaci na ministrant\u00f3w <\/b><span style=\"font-weight: 400;\">\u2013 \u015broda 18:00 przy o\u0142tarzu <\/span><i><span style=\"font-weight: 400;\">(po Mszy \u015bw. podsumowanie wizyty kol\u0119dowej)<\/span><\/i><\/li>\n<li><b>Ruch \u015awiat\u0142o &#8211; \u017bycie<\/b><span style=\"font-weight: 400;\"> \u2013 pi\u0105tek po Mszy \u015bw.<\/span><\/li>\n<\/ul>\n","protected":false},"excerpt":{"rendered":"<p>Dzi\u015b: \u015bwi\u0119tujemy Uroczysto\u015b\u0107 \u015awi\u0119tego J\u00f3zefa Sebastiana Pelczara, biskupa, g\u0142\u00f3wnego Patrona naszej Rzeszowskiej Diecezji, rozpoczyna si\u0119 Tydzie\u0144 Modlitw o Jedno\u015b\u0107 Chrze\u015bcijan. We wtorek 21 stycznia: wspomnienie \u015bw. Agnieszki, dziewicy, m\u0119czennicy. W \u015brod\u0119 22 stycznia: po Mszy \u015bw. Nowenna do Matki Bo\u017cej Nieustaj\u0105cej Pomocy, Pani Zaleskiej, nabo\u017ce\u0144stwo podzi\u0119kowa\u0144 i pr\u00f3\u015bb za wstawiennictwem \u015bw. Jana Paw\u0142a II, adoracja <a class=\"read-more\" href=\"https:\/\/parafiazalesie.org\/index.php\/2025\/01\/16\/ogloszenia-uroczystosc-swietego-jozefa-sebastiana-pelczara-19-01-2025-r\/\"><\/p>\n<p>Zobacz wi\u0119cej<\/a><\/p>\n","protected":false},"author":1,"featured_media":624,"comment_status":"closed","ping_status":"closed","sticky":false,"template":"","format":"standard","meta":{"ngg_post_thumbnail":0,"footnotes":""},"categories":[3],"tags":[],"class_list":["post-1808","post","type-post","status-publish","format-standard","has-post-thumbnail","hentry","category-ogloszenia"],"_links":{"self":[{"href":"https:\/\/parafiazalesie.org\/index.php\/wp-json\/wp\/v2\/posts\/1808","targetHints":{"allow":["GET"]}}],"collection":[{"href":"https:\/\/parafiazalesie.org\/index.php\/wp-json\/wp\/v2\/posts"}],"about":[{"href":"https:\/\/parafiazalesie.org\/index.php\/wp-json\/wp\/v2\/types\/post"}],"author":[{"embeddable":true,"href":"https:\/\/parafiazalesie.org\/index.php\/wp-json\/wp\/v2\/users\/1"}],"replies":[{"embeddable":true,"href":"https:\/\/parafiazalesie.org\/index.php\/wp-json\/wp\/v2\/comments?post=1808"}],"version-history":[{"count":1,"href":"https:\/\/parafiazalesie.org\/index.php\/wp-json\/wp\/v2\/posts\/1808\/revisions"}],"predecessor-version":[{"id":1809,"href":"https:\/\/parafiazalesie.org\/index.php\/wp-json\/wp\/v2\/posts\/1808\/revisions\/1809"}],"wp:featuredmedia":[{"embeddable":true,"href":"https:\/\/parafiazalesie.org\/index.php\/wp-json\/wp\/v2\/media\/624"}],"wp:attachment":[{"href":"https:\/\/parafiazalesie.org\/index.php\/wp-json\/wp\/v2\/media?parent=1808"}],"wp:term":[{"taxonomy":"category","embeddable":true,"href":"https:\/\/parafiazalesie.org\/index.php\/wp-json\/wp\/v2\/categories?post=1808"},{"taxonomy":"post_tag","embeddable":true,"href":"https:\/\/parafiazalesie.org\/index.php\/wp-json\/wp\/v2\/tags?post=1808"}],"curies":[{"name":"wp","href":"https:\/\/api.w.org\/{rel}","templated":true}]}}