{"id":1806,"date":"2025-01-16T09:27:29","date_gmt":"2025-01-16T08:27:29","guid":{"rendered":"https:\/\/parafiazalesie.org\/?p=1806"},"modified":"2025-01-16T09:27:29","modified_gmt":"2025-01-16T08:27:29","slug":"intencje-parafialne-20-26-01-2025-r","status":"publish","type":"post","link":"https:\/\/parafiazalesie.org\/index.php\/2025\/01\/16\/intencje-parafialne-20-26-01-2025-r\/","title":{"rendered":"Intencje parafialne  20-26.01.2025 r."},"content":{"rendered":"<table>\n<tbody>\n<tr>\n<td colspan=\"3\">&nbsp;<\/td>\n<\/tr>\n<tr>\n<td rowspan=\"2\">\n<p><b>20.01.2025 r.<\/b><\/p>\n<p><b>Poniedzia\u0142ek<\/b><\/p>\n<\/td>\n<td>\n<p><b>7:00<\/b><\/p>\n<\/td>\n<td>\n<p><b>++ Anna i J\u00f3zef Nowak<br \/>\n<\/b><b>+ Boles\u0142aw Ferenc <\/b><span style=\"font-weight: 400;\">od Alicji i Rafa\u0142a Bomba<br \/>\n<\/span><b>+ Pawe\u0142 Lipiec <\/b><span style=\"font-weight: 400;\">od kole\u017canek i koleg\u00f3w z Allianz<br \/>\n<\/span><b>+ Zofia Dworak <\/b><span style=\"font-weight: 400;\">od Moniki i Paw\u0142a Nizio\u0142<\/span><\/p>\n<\/td>\n<\/tr>\n<tr>\n<td>\n<p><b>18:00<\/b><\/p>\n<\/td>\n<td>\n<p><b>++ Wac\u0142awa i J\u00f3zef Roso\u0142owscy <\/b><span style=\"font-weight: 400;\">(20 gr)<\/span><b>&nbsp;<\/b><\/p>\n<\/td>\n<\/tr>\n<tr>\n<td rowspan=\"2\">\n<p><b>21.01.2025 r.<\/b><\/p>\n<p><b>Wtorek<\/b><\/p>\n<\/td>\n<td>\n<p><b>7:00<\/b><\/p>\n<\/td>\n<td>\n<p><b>+ Pawe\u0142 Lipiec <\/b><span style=\"font-weight: 400;\">od Ewy i Rafa\u0142a z Promesy<br \/>\n<\/span><b>+ Zofia Dworak <\/b><span style=\"font-weight: 400;\">od rodziny Bu\u0142dak\u00f3w<br \/>\n<\/span><b>+ Boles\u0142aw Ferenc <\/b><span style=\"font-weight: 400;\">od Marii i Jerzego \u015awider<br \/>\n<\/span><b>++ Maria i Franciszek Pale\u0144&nbsp;<\/b><\/p>\n<\/td>\n<\/tr>\n<tr>\n<td>\n<p><b>18:00<\/b><\/p>\n<\/td>\n<td>\n<p><b>++ Wac\u0142awa i J\u00f3zef Roso\u0142owscy <\/b><span style=\"font-weight: 400;\">(21 gr)<\/span><\/p>\n<\/td>\n<\/tr>\n<tr>\n<td rowspan=\"2\">\n<p><b>22.01.2025 r.<\/b><\/p>\n<p><b>\u015aroda<\/b><\/p>\n<\/td>\n<td>\n<p><b>7:00<\/b><\/p>\n<\/td>\n<td>\n<p><b>+ Pawe\u0142 Lipiec <\/b><span style=\"font-weight: 400;\">od Marii Legi\u0119\u0107&nbsp;<br \/>\n<\/span><b>+ Zofia Dworak <\/b><span style=\"font-weight: 400;\">od szefowej i kole\u017canek z pracy wnuczki Moniki<br \/>\n<\/span><b>+ Boles\u0142aw Ferenc <\/b><span style=\"font-weight: 400;\">od rodziny Szenborn\u00f3w<br \/>\n<\/span><b>+ W\u0142adys\u0142aw Bober <\/b><span style=\"font-weight: 400;\">(4R\u015a)<\/span><\/p>\n<\/td>\n<\/tr>\n<tr>\n<td>\n<p><b>18:00<\/b><\/p>\n<\/td>\n<td>\n<p><b>++ Wac\u0142awa i J\u00f3zef Roso\u0142owscy <\/b><span style=\"font-weight: 400;\">(22 gr)<\/span><\/p>\n<\/td>\n<\/tr>\n<tr>\n<td rowspan=\"2\">\n<p><b>23.01.2025 r.<\/b><\/p>\n<p><b>Czwartek<\/b><\/p>\n<\/td>\n<td>\n<p><b>7:00<\/b><\/p>\n<\/td>\n<td>\n<p><b>+ Pawe\u0142 Lipiec <\/b><span style=\"font-weight: 400;\">od rodziny Kapa\u0142\u00f3w&nbsp;<br \/>\n<\/span><b>+ Zofia Dworak <\/b><span style=\"font-weight: 400;\">od Jurka Pa\u0142ki z rodzin\u0105<br \/>\n<\/span><b>+ Boles\u0142aw Ferenc <\/b><span style=\"font-weight: 400;\">od rodziny Zaciosa<br \/>\n<\/span><b>+ <\/b><span style=\"font-weight: 400;\">O zdrowie i b\u0142ogos\u0142awie\u0144stwo Bo\u017ce w 2025 r. dla<\/span><b> El\u017cbiety Gruca<\/b><\/p>\n<\/td>\n<\/tr>\n<tr>\n<td>\n<p><b>18:00<\/b><\/p>\n<\/td>\n<td>\n<p><b>++ Wac\u0142awa i J\u00f3zef Roso\u0142owscy <\/b><span style=\"font-weight: 400;\">(23 gr)<\/span><\/p>\n<\/td>\n<\/tr>\n<tr>\n<td rowspan=\"2\">\n<p><b>24.01.2025 r.<\/b><\/p>\n<p><b>pi\u0105tek&nbsp;<\/b><\/p>\n<\/td>\n<td>\n<p><b>7:00<\/b><\/p>\n<\/td>\n<td>\n<p><b>+ Pawe\u0142 Lipiec <\/b><span style=\"font-weight: 400;\">od rodziny Gujskich<br \/>\n<\/span><b>+ Zofia Dworak <\/b><span style=\"font-weight: 400;\">od Adama Szczepanika z rodzin\u0105&nbsp;<br \/>\n<\/span><b>+ Boles\u0142aw Ferenc <\/b><span style=\"font-weight: 400;\">od<\/span> <span style=\"font-weight: 400;\">Eugenii Ferenc z rodzin\u0105<br \/>\n<\/span><span style=\"font-weight: 400;\">O bo\u017ce b\u0142ogos\u0142awie\u0144stwo i zdrowie dla<\/span><b> W\u0142adys\u0142awy Hudy<\/b><\/p>\n<\/td>\n<\/tr>\n<tr>\n<td>\n<p><b>18:00<\/b><\/p>\n<\/td>\n<td>\n<p><b>++ Wac\u0142awa i J\u00f3zef Roso\u0142owscy <\/b><span style=\"font-weight: 400;\">(24 gr)<\/span><\/p>\n<\/td>\n<\/tr>\n<tr>\n<td rowspan=\"2\">\n<p><b>25.01.2025 r.<\/b><\/p>\n<p><b>Sobota<\/b><\/p>\n<\/td>\n<td>\n<p><b>7:00<\/b><\/p>\n<\/td>\n<td>\n<p><b>+ Pawe\u0142 Lipiec <\/b><span style=\"font-weight: 400;\">od chrze\u015bniaka Paw\u0142a&nbsp;<br \/>\n<\/span><b>+ Zofia Dworak <\/b><span style=\"font-weight: 400;\">od wsp\u00f3\u0142pracownik\u00f3w wnuczki Uli&nbsp;<br \/>\n<\/span><b>+ Artur <\/b><span style=\"font-weight: 400;\">(3 R\u015a)<br \/>\n<\/span><b>+ Boles\u0142aw Ferenc <\/b><span style=\"font-weight: 400;\">od kole\u017canek i koleg\u00f3w emeryt\u00f3w<\/span><\/p>\n<\/td>\n<\/tr>\n<tr>\n<td>\n<p><b>18.00<\/b><\/p>\n<\/td>\n<td>\n<p><b>++ Wac\u0142awa i J\u00f3zef Roso\u0142owscy <\/b><span style=\"font-weight: 400;\">(25 gr)<\/span><\/p>\n<\/td>\n<\/tr>\n<tr>\n<td rowspan=\"5\">\n<p><b>26.01.2025 r.<\/b><\/p>\n<p><b>Niedziela<\/b><\/p>\n<\/td>\n<td>\n<p><b>7:00<\/b><\/p>\n<\/td>\n<td>\n<p><b>++ Wac\u0142awa i J\u00f3zef Roso\u0142owscy <\/b><span style=\"font-weight: 400;\">(26 gr)<br \/>\n<\/span><b>+ Katarzyna Weso\u0142owska <\/b><span style=\"font-weight: 400;\">(1R\u015a) od rodziny<\/span><\/p>\n<\/td>\n<\/tr>\n<tr>\n<td>\n<p><b>9:00<\/b><\/p>\n<\/td>\n<td>\n<p><b>+ Stanis\u0142aw Dziura<\/b><\/p>\n<\/td>\n<\/tr>\n<tr>\n<td>\n<p><b>10:30<\/b><\/p>\n<\/td>\n<td>\n<p><b>++ Kazimiera, W\u0142adys\u0142aw, Bogumi\u0142a<\/b><\/p>\n<\/td>\n<\/tr>\n<tr>\n<td>\n<p><b>12:00<\/b><\/p>\n<\/td>\n<td>\n<p><b>Za parafian<\/b><\/p>\n<\/td>\n<\/tr>\n<tr>\n<td>\n<p><b>17:00<\/b><\/p>\n<\/td>\n<td>\n<p><b>++ Edward i Helena Szyszka oraz zmarli z rodziny<\/b><\/p>\n<\/td>\n<\/tr>\n<\/tbody>\n<\/table>\n<p>&nbsp;<\/p>\n","protected":false},"excerpt":{"rendered":"<p>&nbsp; 20.01.2025 r. Poniedzia\u0142ek 7:00 ++ Anna i J\u00f3zef Nowak + Boles\u0142aw Ferenc od Alicji i Rafa\u0142a Bomba + Pawe\u0142 Lipiec od kole\u017canek i koleg\u00f3w z Allianz + Zofia Dworak od Moniki i Paw\u0142a Nizio\u0142 18:00 ++ Wac\u0142awa i J\u00f3zef Roso\u0142owscy (20 gr)&nbsp; 21.01.2025 r. Wtorek 7:00 + Pawe\u0142 Lipiec od Ewy i Rafa\u0142a z <a class=\"read-more\" href=\"https:\/\/parafiazalesie.org\/index.php\/2025\/01\/16\/intencje-parafialne-20-26-01-2025-r\/\"><\/p>\n<p>Zobacz wi\u0119cej<\/a><\/p>\n","protected":false},"author":1,"featured_media":111,"comment_status":"closed","ping_status":"closed","sticky":false,"template":"","format":"standard","meta":{"ngg_post_thumbnail":0,"footnotes":""},"categories":[5],"tags":[],"class_list":["post-1806","post","type-post","status-publish","format-standard","has-post-thumbnail","hentry","category-intencje"],"_links":{"self":[{"href":"https:\/\/parafiazalesie.org\/index.php\/wp-json\/wp\/v2\/posts\/1806","targetHints":{"allow":["GET"]}}],"collection":[{"href":"https:\/\/parafiazalesie.org\/index.php\/wp-json\/wp\/v2\/posts"}],"about":[{"href":"https:\/\/parafiazalesie.org\/index.php\/wp-json\/wp\/v2\/types\/post"}],"author":[{"embeddable":true,"href":"https:\/\/parafiazalesie.org\/index.php\/wp-json\/wp\/v2\/users\/1"}],"replies":[{"embeddable":true,"href":"https:\/\/parafiazalesie.org\/index.php\/wp-json\/wp\/v2\/comments?post=1806"}],"version-history":[{"count":1,"href":"https:\/\/parafiazalesie.org\/index.php\/wp-json\/wp\/v2\/posts\/1806\/revisions"}],"predecessor-version":[{"id":1807,"href":"https:\/\/parafiazalesie.org\/index.php\/wp-json\/wp\/v2\/posts\/1806\/revisions\/1807"}],"wp:featuredmedia":[{"embeddable":true,"href":"https:\/\/parafiazalesie.org\/index.php\/wp-json\/wp\/v2\/media\/111"}],"wp:attachment":[{"href":"https:\/\/parafiazalesie.org\/index.php\/wp-json\/wp\/v2\/media?parent=1806"}],"wp:term":[{"taxonomy":"category","embeddable":true,"href":"https:\/\/parafiazalesie.org\/index.php\/wp-json\/wp\/v2\/categories?post=1806"},{"taxonomy":"post_tag","embeddable":true,"href":"https:\/\/parafiazalesie.org\/index.php\/wp-json\/wp\/v2\/tags?post=1806"}],"curies":[{"name":"wp","href":"https:\/\/api.w.org\/{rel}","templated":true}]}}