{"id":1775,"date":"2025-01-04T13:29:23","date_gmt":"2025-01-04T12:29:23","guid":{"rendered":"https:\/\/parafiazalesie.org\/?p=1775"},"modified":"2025-01-02T13:32:36","modified_gmt":"2025-01-02T12:32:36","slug":"intencje-parafialne-06-12-01-2025-r","status":"publish","type":"post","link":"https:\/\/parafiazalesie.org\/index.php\/2025\/01\/04\/intencje-parafialne-06-12-01-2025-r\/","title":{"rendered":"Intencje parafialne  06-12.01.2025 r."},"content":{"rendered":"<table style=\"width: 100%; height: 1299px;\" width=\"744\">\n<tbody>\n<tr style=\"height: 24px;\">\n<td style=\"height: 24px;\" colspan=\"3\" width=\"744\">&nbsp;<\/td>\n<\/tr>\n<tr style=\"height: 47px;\">\n<td style=\"height: 235px;\" rowspan=\"5\" width=\"102\">\n<p><strong>06.01.2025 r.<\/strong><\/p>\n<p><strong>Poniedzia\u0142ek<\/strong><\/p>\n<\/td>\n<td style=\"height: 47px;\" width=\"56\">\n<p><strong>7:00<\/strong><\/p>\n<\/td>\n<td style=\"height: 47px;\" width=\"587\">\n<p><strong>++ Stanis\u0142aw, Klementyna, Tadeusz Ciupak <\/strong>(R\u015a)<br \/>\n<strong>+ Tadeusz Komaniecki <\/strong>od Eufrozyny i Romana z rodzin\u0105<\/p>\n<\/td>\n<\/tr>\n<tr style=\"height: 47px;\">\n<td style=\"height: 47px;\" width=\"56\">\n<p><strong>9:00<\/strong><\/p>\n<\/td>\n<td style=\"height: 47px;\" width=\"587\">\n<p><strong>+ Pawe\u0142 Lipiec <\/strong>od koleg\u00f3w i kole\u017canek syna z kontrolingu firmy Asseco<\/p>\n<\/td>\n<\/tr>\n<tr style=\"height: 47px;\">\n<td style=\"height: 47px;\" width=\"56\">\n<p><strong>10:30<\/strong><\/p>\n<\/td>\n<td style=\"height: 47px;\" width=\"587\">\n<p><strong>+ Zofia Dworak <\/strong>od Wsp\u00f3lnoty Doros\u0142ych<\/p>\n<\/td>\n<\/tr>\n<tr style=\"height: 47px;\">\n<td style=\"height: 47px;\" width=\"56\">\n<p><strong>12:00<\/strong><\/p>\n<\/td>\n<td style=\"height: 47px;\" width=\"587\">\n<p><strong>++ J\u00f3zef i Wac\u0142awa Roso\u0142woscy <\/strong>(6 gr)<\/p>\n<\/td>\n<\/tr>\n<tr style=\"height: 47px;\">\n<td style=\"height: 47px;\" width=\"56\">\n<p><strong>17:00<\/strong><\/p>\n<\/td>\n<td style=\"height: 47px;\" width=\"587\">\n<p>Dzi\u0119kczynna&nbsp; w 50 rocznic\u0119 \u015blubu<strong> Gra\u017cyny i Edwarda <\/strong>z pro\u015bb\u0105 o dalsze Bo\u017ce b\u0142og. zdrowie i potrzebne \u0142aski<\/p>\n<\/td>\n<\/tr>\n<tr style=\"height: 114px;\">\n<td style=\"height: 161px;\" rowspan=\"2\" width=\"102\">\n<p><strong>07.01.2025 r.<\/strong><\/p>\n<p><strong>Wtorek<\/strong><\/p>\n<\/td>\n<td style=\"height: 114px;\" width=\"56\">\n<p><strong>7:00<\/strong><\/p>\n<\/td>\n<td style=\"height: 114px;\" width=\"587\">\n<p><strong>+ Pawe\u0142 Lipiec <\/strong>od Aleksandry i Tomasza Blat<br \/>\n<strong>+ Zofia Dworak <\/strong>od wnuczki Marzeny z rodzin\u0105<br \/>\n<strong>+ Maria Ku\u0142aga <\/strong>od Berlik\u00f3w<br \/>\n<strong>++ za najbli\u017cszych zmar\u0142ych i ich przyjaci\u00f3\u0142<\/strong><\/p>\n<\/td>\n<\/tr>\n<tr style=\"height: 47px;\">\n<td style=\"height: 47px;\" width=\"56\">\n<p><strong>18:00<\/strong><\/p>\n<\/td>\n<td style=\"height: 47px;\" width=\"587\">\n<p><strong>++ J\u00f3zef i Wac\u0142awa Roso\u0142woscy <\/strong>(7 gr)<\/p>\n<\/td>\n<\/tr>\n<tr style=\"height: 114px;\">\n<td style=\"height: 161px;\" rowspan=\"2\" width=\"102\">\n<p><strong>08.01.2025 r.<\/strong><\/p>\n<p><strong>\u015aroda<\/strong><\/p>\n<\/td>\n<td style=\"height: 114px;\" width=\"56\">\n<p><strong>7:00<\/strong><\/p>\n<\/td>\n<td style=\"height: 114px;\" width=\"587\">\n<p>O Bo\u017ce b\u0142og. dla<strong> Jakuba i Jego Mamy<br \/>\n<\/strong><strong>++ J\u00f3zef i Wac\u0142awa Roso\u0142woscy <\/strong>(8 gr)<br \/>\n<strong>+ Pawe\u0142 Lipiec <\/strong>od Zarz\u0105du i pracownik\u00f3w firmy Inter Ban<br \/>\n<strong>+ Maria Ku\u0142aga <\/strong>od Berlik\u00f3w<\/p>\n<\/td>\n<\/tr>\n<tr style=\"height: 47px;\">\n<td style=\"height: 47px;\" width=\"56\">\n<p><strong>18:00<\/strong><\/p>\n<\/td>\n<td style=\"height: 47px;\" width=\"587\">\n<p><strong>++ J\u00f3zef i Wac\u0142awa Roso\u0142woscy <\/strong>(8 gr)<\/p>\n<\/td>\n<\/tr>\n<tr style=\"height: 114px;\">\n<td style=\"height: 161px;\" rowspan=\"2\" width=\"102\">\n<p><strong>09.01.2025 r.<\/strong><\/p>\n<p><strong>Czwartek<\/strong><\/p>\n<\/td>\n<td style=\"height: 114px;\" width=\"56\">\n<p><strong>7:00<\/strong><\/p>\n<\/td>\n<td style=\"height: 114px;\" width=\"587\">\n<p><strong>+ Pawe\u0142 Lipiec <\/strong>od Zarz\u0105du i pracownik\u00f3w firmy Inter Ban<br \/>\n<strong>+ Zofia Dworak <\/strong>od s\u0105siad\u00f3w z ul. Osterwy<br \/>\n<strong>+ Boles\u0142aw Ferenc <\/strong>od rodziny Wiech<br \/>\n<strong>+ J\u00f3zef <\/strong><\/p>\n<\/td>\n<\/tr>\n<tr style=\"height: 47px;\">\n<td style=\"height: 47px;\" width=\"56\">\n<p><strong>18:00<\/strong><\/p>\n<\/td>\n<td style=\"height: 47px;\" width=\"587\">\n<p><strong>++ J\u00f3zef i Wac\u0142awa Roso\u0142woscy <\/strong>(9 gr)<\/p>\n<\/td>\n<\/tr>\n<tr style=\"height: 114px;\">\n<td style=\"height: 161px;\" rowspan=\"2\" width=\"102\">\n<p><strong>10.01.2025 r.<\/strong><\/p>\n<p><strong>Pi\u0105tek <\/strong><\/p>\n<\/td>\n<td style=\"height: 114px;\" width=\"56\">\n<p><strong>7:00<\/strong><\/p>\n<\/td>\n<td style=\"height: 114px;\" width=\"587\">\n<p>Dzi\u0119kczynna w 37 rocznic\u0119 urodzin<strong> Ma\u0142gorzaty<br \/>\n<\/strong><strong>+ Pawe\u0142 Lipiec <\/strong>od Renaty i Jacka Sajdyk<br \/>\n<strong>+ Zofia Dworak <\/strong>od Eweliny i Andrzeja Orzech z rodzin\u0105<br \/>\n<strong>+ Boles\u0142aw Ferenc <\/strong>od rodziny Wiech<\/p>\n<\/td>\n<\/tr>\n<tr style=\"height: 47px;\">\n<td style=\"height: 47px;\" width=\"56\">\n<p><strong>18:00<\/strong><\/p>\n<\/td>\n<td style=\"height: 47px;\" width=\"587\">\n<p><strong>++ J\u00f3zef i Wac\u0142awa Roso\u0142owscy <\/strong>(10 gr)<\/p>\n<\/td>\n<\/tr>\n<tr style=\"height: 92px;\">\n<td style=\"height: 161px;\" rowspan=\"2\" width=\"102\">\n<p><strong>11.01.2025 r.<\/strong><\/p>\n<p><strong>Sobota<\/strong><\/p>\n<\/td>\n<td style=\"height: 92px;\" width=\"56\">\n<p><strong>7:00<\/strong><\/p>\n<\/td>\n<td style=\"height: 92px;\" width=\"587\">\n<p>Dzi\u0119kczynna w 50 rocznic\u0119 urodzin<strong> Bernadety <\/strong>z pro\u015bb\u0105 o Bo\u017ce b\u0142og. i opiek\u0119 MB oraz Dary Ducha \u015awi\u0119tego z int. El\u017cbiety<br \/>\n<strong>+ Pawe\u0142 Lipiec <\/strong>od Renaty i Jacka Sajdyk<br \/>\n<strong>++ J\u00f3zef i Wac\u0142awa Roso\u0142owscy <\/strong>(11 gr)<\/p>\n<\/td>\n<\/tr>\n<tr style=\"height: 69px;\">\n<td style=\"height: 69px;\" width=\"56\">\n<p><strong>18:00<\/strong><\/p>\n<\/td>\n<td style=\"height: 69px;\" width=\"587\">\n<p>O moralne, duchowe i patriotyczne przebudzenie polskiego narodu z intencji Akcji Katolickiej<br \/>\nW intencji <strong>cz\u0142onk\u00f3w Apostolstwa Dobrej \u015amierci <\/strong>o potrzebne \u0142aski na ka\u017cdy dzie\u0144 i \u017cycie wieczne dla<strong> zmar\u0142ych cz\u0142onk\u00f3w<\/strong><\/p>\n<\/td>\n<\/tr>\n<tr style=\"height: 47px;\">\n<td style=\"height: 235px;\" rowspan=\"5\" width=\"102\">\n<p><strong>12.01.2025 r.<\/strong><\/p>\n<p><strong>Niedziela<\/strong><\/p>\n<\/td>\n<td style=\"height: 47px;\" width=\"56\">\n<p><strong>7:00<\/strong><\/p>\n<\/td>\n<td style=\"height: 47px;\" width=\"587\">\n<p>Dzi\u0119kczynna w 50 rocznic\u0119 urodzin<strong> Bernadety<\/strong> z pro\u015bb\u0105 o Bo\u017ce b\u0142og. i opiek\u0119 MB Zaleskiej oraz Dary Ducha \u015awi\u0119tego z int. m\u0119\u017ca i syna<\/p>\n<\/td>\n<\/tr>\n<tr style=\"height: 47px;\">\n<td style=\"height: 47px;\" width=\"56\">\n<p><strong>9:00<\/strong><\/p>\n<\/td>\n<td style=\"height: 47px;\" width=\"587\">\n<p><strong>+ Pawe\u0142 Lipiec <\/strong>od J\u00f3zefa Ku\u015bnierza<\/p>\n<\/td>\n<\/tr>\n<tr style=\"height: 47px;\">\n<td style=\"height: 47px;\" width=\"56\">\n<p><strong>10:30<\/strong><\/p>\n<\/td>\n<td style=\"height: 47px;\" width=\"587\">\n<p><strong>Za parafian<\/strong><\/p>\n<\/td>\n<\/tr>\n<tr style=\"height: 47px;\">\n<td style=\"height: 47px;\" width=\"56\">\n<p><strong>12:00<\/strong><\/p>\n<\/td>\n<td style=\"height: 47px;\" width=\"587\">\n<p><strong>+ Zofia Dworak <\/strong>od Zofii i J\u00f3zefa Siut\u00f3w<\/p>\n<\/td>\n<\/tr>\n<tr style=\"height: 47px;\">\n<td style=\"height: 47px;\" width=\"56\">\n<p><strong>17:00<\/strong><\/p>\n<\/td>\n<td style=\"height: 47px;\" width=\"587\">\n<p><strong>++ J\u00f3zef i Wac\u0142awa Roso\u0142woscy <\/strong>(12 gr)<\/p>\n<\/td>\n<\/tr>\n<\/tbody>\n<\/table>\n<p>&nbsp;<\/p>\n","protected":false},"excerpt":{"rendered":"<p>&nbsp; 06.01.2025 r. Poniedzia\u0142ek 7:00 ++ Stanis\u0142aw, Klementyna, Tadeusz Ciupak (R\u015a) + Tadeusz Komaniecki od Eufrozyny i Romana z rodzin\u0105 9:00 + Pawe\u0142 Lipiec od koleg\u00f3w i kole\u017canek syna z kontrolingu firmy Asseco 10:30 + Zofia Dworak od Wsp\u00f3lnoty Doros\u0142ych 12:00 ++ J\u00f3zef i Wac\u0142awa Roso\u0142woscy (6 gr) 17:00 Dzi\u0119kczynna&nbsp; w 50 rocznic\u0119 \u015blubu Gra\u017cyny <a class=\"read-more\" href=\"https:\/\/parafiazalesie.org\/index.php\/2025\/01\/04\/intencje-parafialne-06-12-01-2025-r\/\"><\/p>\n<p>Zobacz wi\u0119cej<\/a><\/p>\n","protected":false},"author":1,"featured_media":111,"comment_status":"closed","ping_status":"closed","sticky":false,"template":"","format":"standard","meta":{"ngg_post_thumbnail":0,"footnotes":""},"categories":[5],"tags":[],"class_list":["post-1775","post","type-post","status-publish","format-standard","has-post-thumbnail","hentry","category-intencje"],"_links":{"self":[{"href":"https:\/\/parafiazalesie.org\/index.php\/wp-json\/wp\/v2\/posts\/1775","targetHints":{"allow":["GET"]}}],"collection":[{"href":"https:\/\/parafiazalesie.org\/index.php\/wp-json\/wp\/v2\/posts"}],"about":[{"href":"https:\/\/parafiazalesie.org\/index.php\/wp-json\/wp\/v2\/types\/post"}],"author":[{"embeddable":true,"href":"https:\/\/parafiazalesie.org\/index.php\/wp-json\/wp\/v2\/users\/1"}],"replies":[{"embeddable":true,"href":"https:\/\/parafiazalesie.org\/index.php\/wp-json\/wp\/v2\/comments?post=1775"}],"version-history":[{"count":1,"href":"https:\/\/parafiazalesie.org\/index.php\/wp-json\/wp\/v2\/posts\/1775\/revisions"}],"predecessor-version":[{"id":1776,"href":"https:\/\/parafiazalesie.org\/index.php\/wp-json\/wp\/v2\/posts\/1775\/revisions\/1776"}],"wp:featuredmedia":[{"embeddable":true,"href":"https:\/\/parafiazalesie.org\/index.php\/wp-json\/wp\/v2\/media\/111"}],"wp:attachment":[{"href":"https:\/\/parafiazalesie.org\/index.php\/wp-json\/wp\/v2\/media?parent=1775"}],"wp:term":[{"taxonomy":"category","embeddable":true,"href":"https:\/\/parafiazalesie.org\/index.php\/wp-json\/wp\/v2\/categories?post=1775"},{"taxonomy":"post_tag","embeddable":true,"href":"https:\/\/parafiazalesie.org\/index.php\/wp-json\/wp\/v2\/tags?post=1775"}],"curies":[{"name":"wp","href":"https:\/\/api.w.org\/{rel}","templated":true}]}}