{"id":1718,"date":"2024-11-29T11:37:52","date_gmt":"2024-11-29T10:37:52","guid":{"rendered":"https:\/\/parafiazalesie.org\/?p=1718"},"modified":"2024-11-29T11:37:52","modified_gmt":"2024-11-29T10:37:52","slug":"intencje-parafialne-02-08-12-2024-r-2","status":"publish","type":"post","link":"https:\/\/parafiazalesie.org\/index.php\/2024\/11\/29\/intencje-parafialne-02-08-12-2024-r-2\/","title":{"rendered":"Intencje parafialne  02-08.12.2024 r."},"content":{"rendered":"<table style=\"width: 100%;\" width=\"744\">\n<tbody>\n<tr>\n<td style=\"width: 99.855%;\" colspan=\"3\" width=\"744\">\n<p>&nbsp;<\/p>\n<\/td>\n<\/tr>\n<tr>\n<td style=\"width: 13.4155%;\" rowspan=\"2\" width=\"100\">\n<p><strong>02.12.2024 r.<\/strong><\/p>\n<p><strong>Poniedzia\u0142ek<\/strong><\/p>\n<\/td>\n<td style=\"width: 7.5417%;\" width=\"56\">\n<p><strong>7:00<\/strong><\/p>\n<\/td>\n<td style=\"width: 78.8978%;\" width=\"588\">\n<p><strong>+ Janina Ko\u015bciak <\/strong>(2 gr)<br \/>\n<strong>+ Janina Chmiel <\/strong>od Anny i Mariusza Chmiel<br \/>\n<strong>+ W\u0142adys\u0142aw<\/strong><\/p>\n<\/td>\n<\/tr>\n<tr>\n<td style=\"width: 7.5417%;\" width=\"56\">\n<p><strong>18:00<\/strong><\/p>\n<\/td>\n<td style=\"width: 78.8978%;\" width=\"588\">\n<p><strong>+<\/strong> <strong>Edward<br \/>\n<\/strong><strong>+ Zofia Dencikowska<br \/>\n<\/strong><strong>+ Adam Rybka<\/strong><\/p>\n<\/td>\n<\/tr>\n<tr>\n<td style=\"width: 13.4155%;\" rowspan=\"2\" width=\"100\">\n<p><strong>03.12.2024 r.<\/strong><\/p>\n<p><strong>Wtorek<\/strong><\/p>\n<\/td>\n<td style=\"width: 7.5417%;\" width=\"56\">\n<p><strong>7:00<\/strong><\/p>\n<\/td>\n<td style=\"width: 78.8978%;\" width=\"588\">\n<p><strong>+ Janina Ko\u015bciak <\/strong>(3 gr)<br \/>\n<strong>+ Janina Chmiel <\/strong>od rodziny Bochnak\u00f3w<br \/>\n<strong>+ Barbara Oleksiewicz<\/strong><\/p>\n<\/td>\n<\/tr>\n<tr>\n<td style=\"width: 7.5417%;\" width=\"56\">\n<p><strong>18:00<\/strong><\/p>\n<\/td>\n<td style=\"width: 78.8978%;\" width=\"588\">\n<p><strong>++ Zmarli z rodziny Walnych<br \/>\n<\/strong><strong>++ Maria Kocur <\/strong>(R\u015a 21) i<strong> zmarli z rodziny <\/strong><\/p>\n<\/td>\n<\/tr>\n<tr>\n<td style=\"width: 13.4155%;\" rowspan=\"2\" width=\"100\">\n<p><strong>04.12.2024 r.<\/strong><\/p>\n<p><strong>\u015aroda<\/strong><\/p>\n<\/td>\n<td style=\"width: 7.5417%;\" width=\"56\">\n<p><strong>7:00<\/strong><\/p>\n<\/td>\n<td style=\"width: 78.8978%;\" width=\"588\">\n<p><strong>+ Janina Ko\u015bciak <\/strong>(4 gr)<br \/>\n<strong>+ Janina Chmiel <\/strong>od s\u0105siad\u00f3w<br \/>\n<strong>+ Renata Makuch <\/strong>(4R\u015a)<\/p>\n<\/td>\n<\/tr>\n<tr>\n<td style=\"width: 7.5417%;\" width=\"56\">\n<p><strong>18:00<\/strong><\/p>\n<\/td>\n<td style=\"width: 78.8978%;\" width=\"588\">\n<p>Dzi\u0119kczynna za otrzymane \u0142aski w ko\u0144cz\u0105cym si\u0119 roku z pro\u015bb\u0105 o b\u0142ogos\u0142awie\u0144stwo i opiek\u0119 MB Zaleskiej dla<strong> Si\u00f3str z r\u00f3\u017cy b\u0142. El\u017cbiety R\u00f3\u017cy Czeckiej i ich rodzin<br \/>\n<\/strong><strong>+ Zofia Dworak <\/strong>od syna Bronis\u0142awa z \u017con\u0105<\/p>\n<\/td>\n<\/tr>\n<tr>\n<td style=\"width: 13.4155%;\" rowspan=\"2\" width=\"100\">\n<p><strong>05.12.2024 r.<\/strong><\/p>\n<p><strong>Czwartek<\/strong><\/p>\n<\/td>\n<td style=\"width: 7.5417%;\" width=\"56\">\n<p><strong>7:00<\/strong><\/p>\n<\/td>\n<td style=\"width: 78.8978%;\" width=\"588\">\n<p><strong>+ Janina Ko\u015bciak <\/strong>(5 gr)<br \/>\n<strong>++ Miko\u0142aj, Wincenty, Maria <\/strong>(10 R\u015a)<br \/>\n<strong>+ Janina Chmiel <\/strong>od wnuk\u00f3w Mateusza i Bart\u0142omieja<\/p>\n<\/td>\n<\/tr>\n<tr>\n<td style=\"width: 7.5417%;\" width=\"56\">\n<p><strong>18:00<\/strong><\/p>\n<\/td>\n<td style=\"width: 78.8978%;\" width=\"588\">\n<p>O m\u0105dro\u015b\u0107, m\u0119stwo i \u015bwi\u0119to\u015b\u0107 dla<strong> kap\u0142an\u00f3w<br \/>\n<\/strong><strong>+ Zofia Dworak <\/strong>od siostry Bronis\u0142awy<\/p>\n<\/td>\n<\/tr>\n<tr>\n<td style=\"width: 13.4155%;\" rowspan=\"2\" width=\"100\">\n<p><strong>06.12.2024 r.<\/strong><\/p>\n<p><strong>Pi\u0105tek <\/strong><\/p>\n<\/td>\n<td style=\"width: 7.5417%;\" width=\"56\">\n<p><strong>7:00<\/strong><\/p>\n<\/td>\n<td style=\"width: 78.8978%;\" width=\"588\">\n<p><strong>+ Janina Ko\u015bciak <\/strong>(6 gr)<br \/>\n<strong>+ Janina Chmiel <\/strong>od swat\u00f3w z Krasnego<br \/>\n<strong>+ Zofia Dworak <\/strong>od rodziny Krzyszto\u0144<br \/>\n<strong>O nawr\u00f3cenie grzesznik\u00f3w<\/strong><\/p>\n<\/td>\n<\/tr>\n<tr>\n<td style=\"width: 7.5417%;\" width=\"56\">\n<p><strong>18:00<\/strong><\/p>\n<\/td>\n<td style=\"width: 78.8978%;\" width=\"588\">\n<p><strong>+ Kazimierz Mazur <\/strong>(4 R\u015a) z int \u017cony i dzieci<\/p>\n<\/td>\n<\/tr>\n<tr>\n<td style=\"width: 13.4155%;\" rowspan=\"2\" width=\"100\">\n<p><strong>07.12.2024 r.<\/strong><\/p>\n<p><strong>Sobota<\/strong><\/p>\n<\/td>\n<td style=\"width: 7.5417%;\" width=\"56\">\n<p><strong>7:00<\/strong><\/p>\n<\/td>\n<td style=\"width: 78.8978%;\" width=\"588\">\n<p><strong>+ Janina Ko\u015bciak <\/strong>(7 gr)<br \/>\n<strong>+ Janina Chmiel <\/strong>od synowej z Krasnego<br \/>\n<strong>+ Zofia Dworak <\/strong>od Mariusza Kalandyka<\/p>\n<\/td>\n<\/tr>\n<tr>\n<td style=\"width: 7.5417%;\" width=\"56\">\n<p><strong>18.00<\/strong><\/p>\n<\/td>\n<td style=\"width: 78.8978%;\" width=\"588\">\n<p>Dzi\u0119kczynna z pro\u015bb\u0105 o dalsze b\u0142og. Bo\u017ce i opiek\u0119 MB dla<strong> Aldony i Jerzego<br \/>\n<\/strong><strong>+ Marek P\u0119kala <\/strong>od r\u00f3\u017cy b\u0142. kard Stefana Wyszy\u0144skiego<\/p>\n<\/td>\n<\/tr>\n<tr>\n<td style=\"width: 13.4155%;\" rowspan=\"5\" width=\"100\">\n<p><strong>08.12.2024 r.<\/strong><\/p>\n<p><strong>Niedziela<\/strong><\/p>\n<\/td>\n<td style=\"width: 7.5417%;\" width=\"56\">\n<p><strong>7:00<\/strong><\/p>\n<\/td>\n<td style=\"width: 78.8978%;\" width=\"588\">\n<p><strong>+ Janina Ko\u015bciak <\/strong>(8 gr)<br \/>\n<strong>+ Zdzis\u0142awa <\/strong>(1R\u015a)<\/p>\n<\/td>\n<\/tr>\n<tr>\n<td style=\"width: 7.5417%;\" width=\"56\">\n<p><strong>9:00<\/strong><\/p>\n<\/td>\n<td style=\"width: 78.8978%;\" width=\"588\">\n<p><strong>++ Stanis\u0142aw i zmarli z rodziny<\/strong><\/p>\n<\/td>\n<\/tr>\n<tr>\n<td style=\"width: 7.5417%;\" width=\"56\">\n<p><strong>10:30<\/strong><\/p>\n<\/td>\n<td style=\"width: 78.8978%;\" width=\"588\">\n<p><strong>++ Zmarli z rodziny<\/strong><\/p>\n<\/td>\n<\/tr>\n<tr>\n<td style=\"width: 7.5417%;\" width=\"56\">\n<p><strong>12:00<\/strong><\/p>\n<\/td>\n<td style=\"width: 78.8978%;\" width=\"588\">\n<p>Dzi\u0119kczynna za<strong> Kr\u0105g DK z pro\u015bb\u0105 o dalsze b\u0142. i opiek\u0119 MB<\/strong><\/p>\n<\/td>\n<\/tr>\n<tr>\n<td style=\"width: 7.5417%;\" width=\"56\">\n<p><strong>17:00<\/strong><\/p>\n<\/td>\n<td style=\"width: 78.8978%;\" width=\"588\">\n<p><strong>Za parafian <\/strong><\/p>\n<\/td>\n<\/tr>\n<\/tbody>\n<\/table>\n","protected":false},"excerpt":{"rendered":"<p>&nbsp; 02.12.2024 r. Poniedzia\u0142ek 7:00 + Janina Ko\u015bciak (2 gr) + Janina Chmiel od Anny i Mariusza Chmiel + W\u0142adys\u0142aw 18:00 + Edward + Zofia Dencikowska + Adam Rybka 03.12.2024 r. Wtorek 7:00 + Janina Ko\u015bciak (3 gr) + Janina Chmiel od rodziny Bochnak\u00f3w + Barbara Oleksiewicz 18:00 ++ Zmarli z rodziny Walnych ++ Maria <a class=\"read-more\" href=\"https:\/\/parafiazalesie.org\/index.php\/2024\/11\/29\/intencje-parafialne-02-08-12-2024-r-2\/\"><\/p>\n<p>Zobacz wi\u0119cej<\/a><\/p>\n","protected":false},"author":1,"featured_media":111,"comment_status":"closed","ping_status":"closed","sticky":false,"template":"","format":"standard","meta":{"ngg_post_thumbnail":0,"footnotes":""},"categories":[5],"tags":[],"class_list":["post-1718","post","type-post","status-publish","format-standard","has-post-thumbnail","hentry","category-intencje"],"_links":{"self":[{"href":"https:\/\/parafiazalesie.org\/index.php\/wp-json\/wp\/v2\/posts\/1718","targetHints":{"allow":["GET"]}}],"collection":[{"href":"https:\/\/parafiazalesie.org\/index.php\/wp-json\/wp\/v2\/posts"}],"about":[{"href":"https:\/\/parafiazalesie.org\/index.php\/wp-json\/wp\/v2\/types\/post"}],"author":[{"embeddable":true,"href":"https:\/\/parafiazalesie.org\/index.php\/wp-json\/wp\/v2\/users\/1"}],"replies":[{"embeddable":true,"href":"https:\/\/parafiazalesie.org\/index.php\/wp-json\/wp\/v2\/comments?post=1718"}],"version-history":[{"count":1,"href":"https:\/\/parafiazalesie.org\/index.php\/wp-json\/wp\/v2\/posts\/1718\/revisions"}],"predecessor-version":[{"id":1719,"href":"https:\/\/parafiazalesie.org\/index.php\/wp-json\/wp\/v2\/posts\/1718\/revisions\/1719"}],"wp:featuredmedia":[{"embeddable":true,"href":"https:\/\/parafiazalesie.org\/index.php\/wp-json\/wp\/v2\/media\/111"}],"wp:attachment":[{"href":"https:\/\/parafiazalesie.org\/index.php\/wp-json\/wp\/v2\/media?parent=1718"}],"wp:term":[{"taxonomy":"category","embeddable":true,"href":"https:\/\/parafiazalesie.org\/index.php\/wp-json\/wp\/v2\/categories?post=1718"},{"taxonomy":"post_tag","embeddable":true,"href":"https:\/\/parafiazalesie.org\/index.php\/wp-json\/wp\/v2\/tags?post=1718"}],"curies":[{"name":"wp","href":"https:\/\/api.w.org\/{rel}","templated":true}]}}