{"id":1715,"date":"2024-11-29T11:35:29","date_gmt":"2024-11-29T10:35:29","guid":{"rendered":"https:\/\/parafiazalesie.org\/?p=1715"},"modified":"2024-12-02T08:06:28","modified_gmt":"2024-12-02T07:06:28","slug":"ogloszenia-i-niedziela-adwentu-01-12-2024-r","status":"publish","type":"post","link":"https:\/\/parafiazalesie.org\/index.php\/2024\/11\/29\/ogloszenia-i-niedziela-adwentu-01-12-2024-r\/","title":{"rendered":"OG\u0141OSZENIA  I Niedziela Adwentu 01.12.2024 r."},"content":{"rendered":"<ol>\n<li>Dzisiejsz\u0105 niedziel\u0105 rozpoczynamy nowy rok ko\u015bcielny \u2013 <strong>Adwent<\/strong>. Czas liturgicznego, radosnego oczekiwania na przyj\u015bcie Pana na ko\u0144cu czas\u00f3w i w tajemnicy \u015awi\u0105t Bo\u017cego Narodzenia.<\/li>\n<li><strong>Roraty codziennie o godz. 18:00<\/strong>. Zapraszamy do uczestnictwa wraz z dzie\u0107mi. Prosimy, aby dzieci przynios\u0142y ze sob\u0105 lampiony.<\/li>\n<li><strong>We wtorek<\/strong> 3 grudnia:\n<ul>\n<li>wspomnienie \u015bw. Franciszka Ksawerego, kap\u0142ana.<\/li>\n<\/ul>\n<\/li>\n<li><strong>W \u015brod\u0119<\/strong> 4 grudnia:\n<ul>\n<li>po Mszy \u015bw. wieczornej Nowenna do Matki Bo\u017cej Nieustaj\u0105cej Pomocy,<\/li>\n<li>po Nowennie wystawienie Naj\u015bwi\u0119tszego Sakramentu do godz. 20:00.<\/li>\n<\/ul>\n<\/li>\n<li>W tym tygodniu przypada <strong>pierwszy czwartek, pi\u0105tek i pierwsza sobota miesi\u0105ca<\/strong>. Zach\u0119camy do uczestnictwa w nabo\u017ce\u0144stwach. Spowied\u017a codziennie rano i wieczorem przed Msz\u0105 \u015bw. W pierwszy pi\u0105tek spowied\u017a od godz. 17:00.<\/li>\n<li><strong>W pierwszy pi\u0105tek miesi\u0105ca <\/strong>6 grudnia:\n<ul>\n<li>wspomnienie \u015bw. Miko\u0142aja, biskupa,<\/li>\n<li>po nabo\u017ce\u0144stwie pierwszopi\u0105tkowym adoracja Naj\u015bwi\u0119tszego Sakramentu do godz. 20:00.<\/li>\n<\/ul>\n<\/li>\n<li><strong>W pierwsz\u0105 sobot\u0119 miesi\u0105ca<\/strong> 7 grudnia:\n<ul>\n<li>wspomnienie \u015bw. Ambro\u017cego, biskupa, doktora Ko\u015bcio\u0142a.<\/li>\n<\/ul>\n<\/li>\n<li><strong>W niedziel\u0119<\/strong> 8 grudnia:\n<ul>\n<li><strong>Uroczysto\u015b\u0107 Niepokalanego Pocz\u0119cia Naj\u015bwi\u0119tszej Maryi Panny<\/strong>.<\/li>\n<li>R\u00f3\u017caniec poprowadzi R\u00f3\u017ca b\u0142. El\u017cbiety R\u00f3\u017cy Czackiej,<\/li>\n<li>od godz. 12:00 do 13:00 <strong>\u201eGodzina \u0141aski\u201d<\/strong> o kt\u00f3rej Maryja m\u00f3wi\u0142a w objawieniu uznanym przez Ko\u015bci\u00f3\u0142 w Montichiari dnia 8 XII 1947 r.: \u201ePragn\u0119, aby ka\u017cdego roku 8 grudnia, w po\u0142udnie by\u0142a obchodzona godzina \u0142aski dla ca\u0142ego \u015bwiata. Dzi\u0119ki modlitwie w tej godzinie, ze\u015bl\u0119 wiele \u0142ask dla duszy i cia\u0142a B\u0119d\u0105 masowe nawr\u00f3cenia. Dusze zatwardzia\u0142e i zimne jak marmur poruszone b\u0119d\u0105 \u0142ask\u0105 Bo\u017c\u0105 i zn\u00f3w stan\u0105 si\u0119 wierne i mi\u0142uj\u0105ce Boga. Jest moim \u017cyczeniem, aby ta Godzina by\u0142a rozpowszechniona. Wkr\u00f3tce ludzie poznaj\u0105 wielko\u015b\u0107 tej Godziny \u0141aski\u201d. Chciejmy skorzysta\u0107 z tego daru<\/li>\n<\/ul>\n<\/li>\n<li>Zapraszamy do czytania i rozwa\u017cania S\u0142owa Bo\u017cego, ksi\u0105\u017cek religijnych i nowej prasy katolickiej dost\u0119pnej pod ch\u00f3rem.<\/li>\n<\/ol>\n<p><strong>&nbsp;<\/strong><strong>Spotkania<\/strong><\/p>\n<ul>\n<li><strong>Schola <\/strong>\u2013 wed\u0142ug ustale\u0144<\/li>\n<li><strong>Ch\u00f3r \u201eCREDO\u201d <\/strong>&#8211; wtorek 18:00<\/li>\n<li><strong>Medytacja S\u0142owa Bo\u017cego w duchu Lectio divina (duszpasterstwo doros\u0142ych) <\/strong>\u2013 wtorek po Mszy \u015bw.<\/li>\n<li><strong>LSO <\/strong>&#8211; \u015broda po Mszy \u015bw.<\/li>\n<li><strong>Kandydaci do bierzmowania<\/strong> \u2013 \u015broda (pierwsza grupa), czwartek (druga grupa), po Mszy \u015bw. <em>(udzia\u0142 we Mszy \u015bw. obowi\u0105zkowy)<\/em><\/li>\n<li><strong>Kandydaci na ministrant\u00f3w <\/strong>\u2013 czwartek 17:00<\/li>\n<li><strong>Ruch \u015awiat\u0142o &#8211; \u017bycie <\/strong>\u2013 pi\u0105tek po Mszy \u015bw.<\/li>\n<\/ul>\n","protected":false},"excerpt":{"rendered":"<p>Dzisiejsz\u0105 niedziel\u0105 rozpoczynamy nowy rok ko\u015bcielny \u2013 Adwent. Czas liturgicznego, radosnego oczekiwania na przyj\u015bcie Pana na ko\u0144cu czas\u00f3w i w tajemnicy \u015awi\u0105t Bo\u017cego Narodzenia. Roraty codziennie o godz. 18:00. Zapraszamy do uczestnictwa wraz z dzie\u0107mi. Prosimy, aby dzieci przynios\u0142y ze sob\u0105 lampiony. We wtorek 3 grudnia: wspomnienie \u015bw. Franciszka Ksawerego, kap\u0142ana. W \u015brod\u0119 4 grudnia: <a class=\"read-more\" href=\"https:\/\/parafiazalesie.org\/index.php\/2024\/11\/29\/ogloszenia-i-niedziela-adwentu-01-12-2024-r\/\"><\/p>\n<p>Zobacz wi\u0119cej<\/a><\/p>\n","protected":false},"author":1,"featured_media":1729,"comment_status":"closed","ping_status":"closed","sticky":false,"template":"","format":"standard","meta":{"ngg_post_thumbnail":0,"footnotes":""},"categories":[3],"tags":[],"class_list":["post-1715","post","type-post","status-publish","format-standard","has-post-thumbnail","hentry","category-ogloszenia"],"_links":{"self":[{"href":"https:\/\/parafiazalesie.org\/index.php\/wp-json\/wp\/v2\/posts\/1715","targetHints":{"allow":["GET"]}}],"collection":[{"href":"https:\/\/parafiazalesie.org\/index.php\/wp-json\/wp\/v2\/posts"}],"about":[{"href":"https:\/\/parafiazalesie.org\/index.php\/wp-json\/wp\/v2\/types\/post"}],"author":[{"embeddable":true,"href":"https:\/\/parafiazalesie.org\/index.php\/wp-json\/wp\/v2\/users\/1"}],"replies":[{"embeddable":true,"href":"https:\/\/parafiazalesie.org\/index.php\/wp-json\/wp\/v2\/comments?post=1715"}],"version-history":[{"count":1,"href":"https:\/\/parafiazalesie.org\/index.php\/wp-json\/wp\/v2\/posts\/1715\/revisions"}],"predecessor-version":[{"id":1717,"href":"https:\/\/parafiazalesie.org\/index.php\/wp-json\/wp\/v2\/posts\/1715\/revisions\/1717"}],"wp:featuredmedia":[{"embeddable":true,"href":"https:\/\/parafiazalesie.org\/index.php\/wp-json\/wp\/v2\/media\/1729"}],"wp:attachment":[{"href":"https:\/\/parafiazalesie.org\/index.php\/wp-json\/wp\/v2\/media?parent=1715"}],"wp:term":[{"taxonomy":"category","embeddable":true,"href":"https:\/\/parafiazalesie.org\/index.php\/wp-json\/wp\/v2\/categories?post=1715"},{"taxonomy":"post_tag","embeddable":true,"href":"https:\/\/parafiazalesie.org\/index.php\/wp-json\/wp\/v2\/tags?post=1715"}],"curies":[{"name":"wp","href":"https:\/\/api.w.org\/{rel}","templated":true}]}}