{"id":1701,"date":"2024-11-22T19:14:09","date_gmt":"2024-11-22T18:14:09","guid":{"rendered":"https:\/\/parafiazalesie.org\/?p=1701"},"modified":"2024-11-22T19:14:09","modified_gmt":"2024-11-22T18:14:09","slug":"ogloszenia-xxxiv-niedziela-zwykla-24-11-2024-r","status":"publish","type":"post","link":"https:\/\/parafiazalesie.org\/index.php\/2024\/11\/22\/ogloszenia-xxxiv-niedziela-zwykla-24-11-2024-r\/","title":{"rendered":"OG\u0141OSZENIA XXXIV Niedziela zwyk\u0142a 24.11.2024 r."},"content":{"rendered":"<ol>\n<li class=\"cvGsUA direction-ltr align-justify para-style-body\"><span class=\"OYPEnA font-feature-liga-off font-feature-clig-off font-feature-calt-off text-decoration-none text-strikethrough-none\">Dzi\u015b:<\/span>\n<ul>\n<li class=\"cvGsUA direction-ltr align-justify para-style-body\"><span class=\"OYPEnA font-feature-liga-off font-feature-clig-off font-feature-calt-off text-decoration-none text-strikethrough-none\" style=\"font-size: 15px;\">prze\u017cywamy <\/span><span class=\"OYPEnA font-feature-liga-off font-feature-clig-off font-feature-calt-off text-decoration-none text-strikethrough-none\" style=\"font-size: 15px;\">Uroczysto\u015b\u0107 Jezusa Chrystusa Kr\u00f3la Wszech\u015bwiata<\/span><span class=\"OYPEnA font-feature-liga-off font-feature-clig-off font-feature-calt-off text-decoration-none text-strikethrough-none\" style=\"font-size: 15px;\">, patronalne \u015bwi\u0119to Akcji Katolickiej i Katolickiego Stowarzyszenia M\u0142odzie\u017cy,<\/span><\/li>\n<li class=\"cvGsUA direction-ltr align-justify para-style-body\"><span class=\"OYPEnA font-feature-liga-off font-feature-clig-off font-feature-calt-off text-decoration-none text-strikethrough-none\">po Mszach \u015bw. wystawienie Naj\u015bwi\u0119tszego Sakramentu, litania do Naj\u015bwi\u0119tszego Serca Pana Jezusa i Akt przyj\u0119cia Jezusa Chrystusa za Kr\u00f3la i Pana. Za udzia\u0142 w nabo\u017ce\u0144stwie mo\u017cna zyska\u0107 odpust zupe\u0142ny pod zwyk\u0142ymi warunkami.<\/span><\/li>\n<\/ul>\n<\/li>\n<li class=\"cvGsUA direction-ltr align-justify para-style-body\">W \u015brod\u0119 <span class=\"OYPEnA font-feature-liga-off font-feature-clig-off font-feature-calt-off text-decoration-none text-strikethrough-none\" style=\"font-size: 15px;\">27 listopada:<\/span>\n<ul>\n<li class=\"cvGsUA direction-ltr align-justify para-style-body\"><span class=\"OYPEnA font-feature-liga-off font-feature-clig-off font-feature-calt-off text-decoration-none text-strikethrough-none\">po Mszy \u015bw. Nowenna do Matki Bo\u017cej Nieustaj\u0105cej Pomocy, Pani Zaleskiej. Zach\u0119camy do pisania podzi\u0119kowa\u0144 i pr\u00f3\u015bb o \u0142aski,<\/span><\/li>\n<li class=\"cvGsUA direction-ltr align-justify para-style-body\"><span class=\"OYPEnA font-feature-liga-off font-feature-clig-off font-feature-calt-off text-decoration-none text-strikethrough-none\">po Nowennie adoracja Naj\u015bwi\u0119tszego Sakramentu do godz. 20:00.<\/span><\/li>\n<\/ul>\n<\/li>\n<li class=\"cvGsUA direction-ltr align-justify para-style-body\">W pi\u0105tek<span class=\"OYPEnA font-feature-liga-off font-feature-clig-off font-feature-calt-off text-decoration-none text-strikethrough-none\" style=\"font-size: 15px;\"> 29 listopada:<\/span>\n<ul>\n<li class=\"cvGsUA direction-ltr align-justify para-style-body\"><span class=\"OYPEnA font-feature-liga-off font-feature-clig-off font-feature-calt-off text-decoration-none text-strikethrough-none\">od godz. 17:00 do 18:00 adoracja Naj\u015bwi\u0119tszego Sakramentu.<\/span><\/li>\n<\/ul>\n<\/li>\n<li class=\"cvGsUA direction-ltr align-justify para-style-body\">W sobot\u0119<span class=\"OYPEnA font-feature-liga-off font-feature-clig-off font-feature-calt-off text-decoration-none text-strikethrough-none\" style=\"font-size: 15px;\"> 30 listopada:<\/span>\n<ul>\n<li class=\"cvGsUA direction-ltr align-justify para-style-body\"><span class=\"OYPEnA font-feature-liga-off font-feature-clig-off font-feature-calt-off text-decoration-none text-strikethrough-none\">\u015awi\u0119to \u015bw. Andrzeja Aposto\u0142a.<\/span><\/li>\n<\/ul>\n<\/li>\n<li class=\"cvGsUA direction-ltr align-justify para-style-body\">W niedziel\u0119<span class=\"OYPEnA font-feature-liga-off font-feature-clig-off font-feature-calt-off text-decoration-none text-strikethrough-none\" style=\"font-size: 15px;\"> 1 grudnia:<\/span>\n<ul>\n<li class=\"cvGsUA direction-ltr align-justify para-style-body\"><span class=\"OYPEnA font-feature-liga-off font-feature-clig-off font-feature-calt-off text-decoration-none text-strikethrough-none\">rozpoczynamy <\/span><span class=\"OYPEnA font-feature-liga-off font-feature-clig-off font-feature-calt-off text-decoration-none text-strikethrough-none\">nowy rok liturgiczny<\/span> <span class=\"OYPEnA font-feature-liga-off font-feature-clig-off font-feature-calt-off text-decoration-none text-strikethrough-none\">i Adwent.<\/span><span class=\"OYPEnA font-feature-liga-off font-feature-clig-off font-feature-calt-off text-decoration-none text-strikethrough-none\"> Adwent to czas radosnego oczekiwania z ca\u0142ym Ko\u015bcio\u0142em na przyj\u015bcie Pana Jezusa w tajemnicy \u015awi\u0105t Bo\u017cego Narodzenia 25 grudnia i na ko\u0144cu czas\u00f3w, kt\u00f3ry jest dla nas zakryty. Zapraszamy wszystkich, a szczeg\u00f3lnie dzieci<\/span> <span class=\"OYPEnA font-feature-liga-off font-feature-clig-off font-feature-calt-off text-decoration-none text-strikethrough-none\">z lampionami, do uczestnictwa w Mszach \u015bw. roratnich, kt\u00f3re odprawiane b\u0119d\u0105<\/span> <span class=\"OYPEnA font-feature-liga-off font-feature-clig-off font-feature-calt-off text-decoration-none text-strikethrough-none\">o godz. 18:00.<\/span><\/li>\n<li class=\"cvGsUA direction-ltr align-justify para-style-body\"><span class=\"OYPEnA font-feature-liga-off font-feature-clig-off font-feature-calt-off text-decoration-none text-strikethrough-none\">R\u00f3\u017caniec poprowadzi R\u00f3\u017ca \u015bw. Jadwigi \u015al\u0105skiej.<\/span><\/li>\n<\/ul>\n<\/li>\n<\/ol>\n","protected":false},"excerpt":{"rendered":"<p>Dzi\u015b: prze\u017cywamy Uroczysto\u015b\u0107 Jezusa Chrystusa Kr\u00f3la Wszech\u015bwiata, patronalne \u015bwi\u0119to Akcji Katolickiej i Katolickiego Stowarzyszenia M\u0142odzie\u017cy, po Mszach \u015bw. wystawienie Naj\u015bwi\u0119tszego Sakramentu, litania do Naj\u015bwi\u0119tszego Serca Pana Jezusa i Akt przyj\u0119cia Jezusa Chrystusa za Kr\u00f3la i Pana. Za udzia\u0142 w nabo\u017ce\u0144stwie mo\u017cna zyska\u0107 odpust zupe\u0142ny pod zwyk\u0142ymi warunkami. W \u015brod\u0119 27 listopada: po Mszy \u015bw. Nowenna <a class=\"read-more\" href=\"https:\/\/parafiazalesie.org\/index.php\/2024\/11\/22\/ogloszenia-xxxiv-niedziela-zwykla-24-11-2024-r\/\"><\/p>\n<p>Zobacz wi\u0119cej<\/a><\/p>\n","protected":false},"author":1,"featured_media":944,"comment_status":"closed","ping_status":"closed","sticky":false,"template":"","format":"standard","meta":{"ngg_post_thumbnail":0,"footnotes":""},"categories":[6],"tags":[],"class_list":["post-1701","post","type-post","status-publish","format-standard","has-post-thumbnail","hentry","category-aktualnosci"],"_links":{"self":[{"href":"https:\/\/parafiazalesie.org\/index.php\/wp-json\/wp\/v2\/posts\/1701","targetHints":{"allow":["GET"]}}],"collection":[{"href":"https:\/\/parafiazalesie.org\/index.php\/wp-json\/wp\/v2\/posts"}],"about":[{"href":"https:\/\/parafiazalesie.org\/index.php\/wp-json\/wp\/v2\/types\/post"}],"author":[{"embeddable":true,"href":"https:\/\/parafiazalesie.org\/index.php\/wp-json\/wp\/v2\/users\/1"}],"replies":[{"embeddable":true,"href":"https:\/\/parafiazalesie.org\/index.php\/wp-json\/wp\/v2\/comments?post=1701"}],"version-history":[{"count":1,"href":"https:\/\/parafiazalesie.org\/index.php\/wp-json\/wp\/v2\/posts\/1701\/revisions"}],"predecessor-version":[{"id":1702,"href":"https:\/\/parafiazalesie.org\/index.php\/wp-json\/wp\/v2\/posts\/1701\/revisions\/1702"}],"wp:featuredmedia":[{"embeddable":true,"href":"https:\/\/parafiazalesie.org\/index.php\/wp-json\/wp\/v2\/media\/944"}],"wp:attachment":[{"href":"https:\/\/parafiazalesie.org\/index.php\/wp-json\/wp\/v2\/media?parent=1701"}],"wp:term":[{"taxonomy":"category","embeddable":true,"href":"https:\/\/parafiazalesie.org\/index.php\/wp-json\/wp\/v2\/categories?post=1701"},{"taxonomy":"post_tag","embeddable":true,"href":"https:\/\/parafiazalesie.org\/index.php\/wp-json\/wp\/v2\/tags?post=1701"}],"curies":[{"name":"wp","href":"https:\/\/api.w.org\/{rel}","templated":true}]}}