{"id":1694,"date":"2024-11-20T13:48:34","date_gmt":"2024-11-20T12:48:34","guid":{"rendered":"https:\/\/parafiazalesie.org\/?p=1694"},"modified":"2024-11-20T13:48:34","modified_gmt":"2024-11-20T12:48:34","slug":"wspaniala-wiadomosc","status":"publish","type":"post","link":"https:\/\/parafiazalesie.org\/index.php\/2024\/11\/20\/wspaniala-wiadomosc\/","title":{"rendered":"Wspania\u0142a wiadomo\u015b\u0107"},"content":{"rendered":"<p>Papie\u017c Franciszek zapowiedzia\u0142 dzi\u015b, \u017ce w przysz\u0142ym jubileuszowym roku 2025, zostan\u0105 og\u0142oszenie \u015bwi\u0119tymi: B\u0142. Carlo Acutis (w czasie Jubileuszu Dzieci i Nastolatk\u00f3w: 25-27 kwietnia) i b\u0142. Pier Giorgio Frassati (w czasie Jubileuszowego Spotkanie M\u0142odzie\u017cy: 28 lipca).<br \/>\n<img loading=\"lazy\" decoding=\"async\" class=\"alignnone wp-image-1695 size-large\" src=\"https:\/\/parafiazalesie.org\/wp-content\/uploads\/2024\/11\/number1-747x1024.jpg\" alt=\"\" width=\"747\" height=\"1024\"><\/p>\n","protected":false},"excerpt":{"rendered":"<p>Papie\u017c Franciszek zapowiedzia\u0142 dzi\u015b, \u017ce w przysz\u0142ym jubileuszowym roku 2025, zostan\u0105 og\u0142oszenie \u015bwi\u0119tymi: B\u0142. Carlo Acutis (w czasie Jubileuszu Dzieci i Nastolatk\u00f3w: 25-27 kwietnia) i b\u0142. Pier Giorgio Frassati (w czasie Jubileuszowego Spotkanie M\u0142odzie\u017cy: 28 lipca).<\/p>\n","protected":false},"author":1,"featured_media":1696,"comment_status":"closed","ping_status":"closed","sticky":false,"template":"","format":"standard","meta":{"ngg_post_thumbnail":0,"footnotes":""},"categories":[6],"tags":[],"class_list":["post-1694","post","type-post","status-publish","format-standard","has-post-thumbnail","hentry","category-aktualnosci"],"_links":{"self":[{"href":"https:\/\/parafiazalesie.org\/index.php\/wp-json\/wp\/v2\/posts\/1694","targetHints":{"allow":["GET"]}}],"collection":[{"href":"https:\/\/parafiazalesie.org\/index.php\/wp-json\/wp\/v2\/posts"}],"about":[{"href":"https:\/\/parafiazalesie.org\/index.php\/wp-json\/wp\/v2\/types\/post"}],"author":[{"embeddable":true,"href":"https:\/\/parafiazalesie.org\/index.php\/wp-json\/wp\/v2\/users\/1"}],"replies":[{"embeddable":true,"href":"https:\/\/parafiazalesie.org\/index.php\/wp-json\/wp\/v2\/comments?post=1694"}],"version-history":[{"count":1,"href":"https:\/\/parafiazalesie.org\/index.php\/wp-json\/wp\/v2\/posts\/1694\/revisions"}],"predecessor-version":[{"id":1697,"href":"https:\/\/parafiazalesie.org\/index.php\/wp-json\/wp\/v2\/posts\/1694\/revisions\/1697"}],"wp:featuredmedia":[{"embeddable":true,"href":"https:\/\/parafiazalesie.org\/index.php\/wp-json\/wp\/v2\/media\/1696"}],"wp:attachment":[{"href":"https:\/\/parafiazalesie.org\/index.php\/wp-json\/wp\/v2\/media?parent=1694"}],"wp:term":[{"taxonomy":"category","embeddable":true,"href":"https:\/\/parafiazalesie.org\/index.php\/wp-json\/wp\/v2\/categories?post=1694"},{"taxonomy":"post_tag","embeddable":true,"href":"https:\/\/parafiazalesie.org\/index.php\/wp-json\/wp\/v2\/tags?post=1694"}],"curies":[{"name":"wp","href":"https:\/\/api.w.org\/{rel}","templated":true}]}}