{"id":1648,"date":"2024-10-29T20:56:33","date_gmt":"2024-10-29T19:56:33","guid":{"rendered":"https:\/\/parafiazalesie.org\/?p=1648"},"modified":"2024-10-29T20:59:39","modified_gmt":"2024-10-29T19:59:39","slug":"intencje-parafialne-04-10-11-2024-r","status":"publish","type":"post","link":"https:\/\/parafiazalesie.org\/index.php\/2024\/10\/29\/intencje-parafialne-04-10-11-2024-r\/","title":{"rendered":"Intencje parafialne  04 -10.11.2024 r."},"content":{"rendered":"<table width=\"945\">\n<tbody>\n<tr>\n<td colspan=\"3\" width=\"945\">&nbsp;<\/td>\n<\/tr>\n<tr>\n<td rowspan=\"2\" width=\"127\">\n<p><strong>04.11.2024 r.<\/strong><\/p>\n<p><strong>Poniedzia\u0142ek<\/strong><\/p>\n<\/td>\n<td width=\"71\">\n<p><strong>7:00<\/strong><\/p>\n<\/td>\n<td width=\"747\">\n<p><strong>+ Mariusz \u015arodo\u0144 (gr 4)<br \/>\n<\/strong><strong>++ Anna, Kazimierz, Alina, Stanis\u0142aw, Maria, Antoni<br \/>\n<\/strong><strong>++ Zmarli z rodziny Wilk, Zielonka, Kaliszewski<\/strong><\/p>\n<\/td>\n<\/tr>\n<tr>\n<td width=\"71\">\n<p><strong>18:00<\/strong><\/p>\n<\/td>\n<td width=\"747\">\n<p>++ <strong>zmarli rodzice Teresa, August, Janina, W\u0142adys\u0142aw i zmarli z rodziny<br \/>\n<\/strong><strong>++ Wanda i Eugeniusz<\/strong><\/p>\n<\/td>\n<\/tr>\n<tr>\n<td rowspan=\"2\" width=\"127\">\n<p><strong>05.11.2024 r.<\/strong><\/p>\n<p><strong>Wtorek<\/strong><\/p>\n<\/td>\n<td width=\"71\">\n<p><strong>7:00<\/strong><\/p>\n<\/td>\n<td width=\"747\">\n<p><strong>+ Mariusz \u015arodo\u0144 (gr 5)<br \/>\n<\/strong><strong>+ Artur<br \/>\n<\/strong><strong style=\"font-size: 15px;\">+ Stanis\u0142aw<\/strong><\/p>\n<\/td>\n<\/tr>\n<tr>\n<td width=\"71\">\n<p><strong>18:00<\/strong><\/p>\n<\/td>\n<td width=\"747\">\n<p><strong>++ Zofia, W\u0142adys\u0142aw Polak<br \/>\n<\/strong><strong>++ Jan i Julia Uryniak<br \/>\n<\/strong><strong>+ Krystyna Mazur (20 R\u015a)<\/strong><\/p>\n<\/td>\n<\/tr>\n<tr>\n<td rowspan=\"2\" width=\"127\">\n<p><strong>06.11.2024 r.<\/strong><\/p>\n<p><strong>\u015aroda<\/strong><\/p>\n<\/td>\n<td width=\"71\">\n<p><strong>7:00<\/strong><\/p>\n<\/td>\n<td width=\"747\">\n<p><strong>+ Mariusz \u015arodo\u0144 (gr 6)<br \/>\n<\/strong><strong>++ Zmarli rodzice, te\u015bciowie i zmarli z rodziny<br \/>\n<\/strong><strong>++ Zmarli rodzice Zofia, J\u00f3zef, Stefania i Andrzej<\/strong><\/p>\n<\/td>\n<\/tr>\n<tr>\n<td width=\"71\">\n<p><strong>18:00<\/strong><\/p>\n<\/td>\n<td width=\"747\">\n<p><strong>+ Stanis\u0142aw Kopta (6R\u015a)<br \/>\n<\/strong><strong>+ Zmar\u0142e siostry z ro\u017cy b\u0142. MT Led\u00f3chowskiej<\/strong><\/p>\n<\/td>\n<\/tr>\n<tr>\n<td rowspan=\"2\" width=\"127\">\n<p><strong>07.11.2024 r.<\/strong><\/p>\n<p><strong>Czwartek<\/strong><\/p>\n<\/td>\n<td width=\"71\">\n<p><strong>7:00<\/strong><\/p>\n<\/td>\n<td width=\"747\">\n<p><strong>+ Mariusz \u015arodo\u0144 (gr 7)<br \/>\n<\/strong><strong>++ Bronis\u0142awa <\/strong>(k)<strong> , Maria i Stanis\u0142aw<br \/>\n<\/strong><strong>++ Joanna Rejman oraz zmar\u0142e siostry z r\u00f3\u017cy \u015bw. Kingi <\/strong>z int r\u00f3\u017cy<\/p>\n<\/td>\n<\/tr>\n<tr>\n<td width=\"71\">\n<p><strong>18:00<\/strong><\/p>\n<\/td>\n<td width=\"747\">\n<p>O m\u0105dro\u015b\u0107, m\u0119stwo i \u015bwi\u0119to\u015b\u0107<strong> dla kap\u0142an\u00f3w<br \/>\n<\/strong><strong>+ Iwona (25 R\u015a)<\/strong><\/p>\n<\/td>\n<\/tr>\n<tr>\n<td rowspan=\"2\" width=\"127\">\n<p><strong>08.11.2024 r.<\/strong><\/p>\n<p><strong>Pi\u0105tek <\/strong><\/p>\n<\/td>\n<td width=\"71\">\n<p><strong>7:00<\/strong><\/p>\n<\/td>\n<td width=\"747\">\n<p><strong>+ Mariusz \u015arodo\u0144 (gr 8)<br \/>\n<\/strong><strong>O nawr\u00f3cenie grzesznik\u00f3w<br \/>\n<\/strong><strong>++ Augustyn i Franciszka<\/strong><\/p>\n<\/td>\n<\/tr>\n<tr>\n<td width=\"71\">\n<p><strong>18:00<\/strong><\/p>\n<\/td>\n<td width=\"747\">\n<p><strong>Wynagradzaj\u0105ca NSPJ za grzechy i za zmar\u0142ych cz\u0142onk\u00f3w wsp\u00f3lnoty<br \/>\n<\/strong><strong style=\"font-size: 15px;\">++ Zmar\u0142e siostry z r\u00f3\u017cy \u015bw. Jadwigi \u015al\u0105skiej<\/strong><\/p>\n<\/td>\n<\/tr>\n<tr>\n<td rowspan=\"2\" width=\"127\">\n<p><strong>09.11.2024 r.<\/strong><\/p>\n<p><strong>Sobota<\/strong><\/p>\n<\/td>\n<td width=\"71\">\n<p><strong>7:00<\/strong><\/p>\n<\/td>\n<td width=\"747\">\n<p><strong>+ Mariusz \u015arodo\u0144 (gr 9)<br \/>\n<\/strong>Dzi\u0119kczynna w 50 Rocznic\u0119 Ma\u0142\u017ce\u0144stwa<strong> Anny i Jerzego K\u0119dzierskich <\/strong>z pro\u015bb\u0105 o b\u0142ogos\u0142awie\u0144stwo Bo\u017ce i opiek\u0119 MB Pani Zaleskiej<br \/>\nDzi\u0119kczynna z pro\u015bb\u0105 o b\u0142ogos\u0142awie\u0144stwo Bo\u017ce i opiek\u0119 MB Pani Zaleskiej<strong> dla Marcina i Kerry<\/strong><\/p>\n<\/td>\n<\/tr>\n<tr>\n<td width=\"71\">\n<p><strong>18.00<\/strong><\/p>\n<\/td>\n<td width=\"747\">\n<p>O Bo\u017ce b\u0142og. <strong>dla cz\u0142onk\u00f3w Apostolstwa Dobrej \u015amierci<\/strong> i rado\u015b\u0107 wieczn\u0105<strong> dla zmar\u0142ych cz\u0142onk\u00f3w<br \/>\n<\/strong><strong>+ Aleksander<\/strong><\/p>\n<\/td>\n<\/tr>\n<tr>\n<td rowspan=\"5\" width=\"127\">\n<p><strong>10.11.2024 r.<\/strong><\/p>\n<p><strong>Niedziela<\/strong><\/p>\n<\/td>\n<td width=\"71\">\n<p><strong>7:00<\/strong><\/p>\n<\/td>\n<td width=\"747\">\n<p><strong>Za parafian<br \/>\n<\/strong><strong>+ Mieczys\u0142aw Pr\u0119decki <\/strong>od siostry Stanis\u0142awy z rodzin\u0105<\/p>\n<\/td>\n<\/tr>\n<tr>\n<td width=\"71\">\n<p><strong>9:00<\/strong><\/p>\n<\/td>\n<td width=\"747\">\n<p><strong>++ zmar\u0142e siostry z r\u00f3\u017cy \u015bw. S. Faustyny<\/strong><\/p>\n<\/td>\n<\/tr>\n<tr>\n<td width=\"71\">\n<p><strong>10:30<\/strong><\/p>\n<\/td>\n<td width=\"747\">\n<p><strong>+ Mariusz \u015arodo\u0144 (gr 10)<\/strong><\/p>\n<\/td>\n<\/tr>\n<tr>\n<td width=\"71\">\n<p><strong>12:00<\/strong><\/p>\n<\/td>\n<td width=\"747\">\n<p><strong>++ Za zmar\u0142ych z rodziny<\/strong><\/p>\n<\/td>\n<\/tr>\n<tr>\n<td width=\"71\">\n<p><strong>17:00<\/strong><\/p>\n<\/td>\n<td width=\"747\">\n<p><strong>++ Rozalia, Agnieszka, Pawe\u0142 Smolak<\/strong><\/p>\n<\/td>\n<\/tr>\n<\/tbody>\n<\/table>\n<p>&nbsp;<\/p>\n","protected":false},"excerpt":{"rendered":"<p>&nbsp; 04.11.2024 r. Poniedzia\u0142ek 7:00 + Mariusz \u015arodo\u0144 (gr 4) ++ Anna, Kazimierz, Alina, Stanis\u0142aw, Maria, Antoni ++ Zmarli z rodziny Wilk, Zielonka, Kaliszewski 18:00 ++ zmarli rodzice Teresa, August, Janina, W\u0142adys\u0142aw i zmarli z rodziny ++ Wanda i Eugeniusz 05.11.2024 r. Wtorek 7:00 + Mariusz \u015arodo\u0144 (gr 5) + Artur + Stanis\u0142aw 18:00 ++ <a class=\"read-more\" href=\"https:\/\/parafiazalesie.org\/index.php\/2024\/10\/29\/intencje-parafialne-04-10-11-2024-r\/\"><\/p>\n<p>Zobacz wi\u0119cej<\/a><\/p>\n","protected":false},"author":1,"featured_media":111,"comment_status":"closed","ping_status":"closed","sticky":false,"template":"","format":"standard","meta":{"ngg_post_thumbnail":0,"footnotes":""},"categories":[5],"tags":[],"class_list":["post-1648","post","type-post","status-publish","format-standard","has-post-thumbnail","hentry","category-intencje"],"_links":{"self":[{"href":"https:\/\/parafiazalesie.org\/index.php\/wp-json\/wp\/v2\/posts\/1648","targetHints":{"allow":["GET"]}}],"collection":[{"href":"https:\/\/parafiazalesie.org\/index.php\/wp-json\/wp\/v2\/posts"}],"about":[{"href":"https:\/\/parafiazalesie.org\/index.php\/wp-json\/wp\/v2\/types\/post"}],"author":[{"embeddable":true,"href":"https:\/\/parafiazalesie.org\/index.php\/wp-json\/wp\/v2\/users\/1"}],"replies":[{"embeddable":true,"href":"https:\/\/parafiazalesie.org\/index.php\/wp-json\/wp\/v2\/comments?post=1648"}],"version-history":[{"count":1,"href":"https:\/\/parafiazalesie.org\/index.php\/wp-json\/wp\/v2\/posts\/1648\/revisions"}],"predecessor-version":[{"id":1649,"href":"https:\/\/parafiazalesie.org\/index.php\/wp-json\/wp\/v2\/posts\/1648\/revisions\/1649"}],"wp:featuredmedia":[{"embeddable":true,"href":"https:\/\/parafiazalesie.org\/index.php\/wp-json\/wp\/v2\/media\/111"}],"wp:attachment":[{"href":"https:\/\/parafiazalesie.org\/index.php\/wp-json\/wp\/v2\/media?parent=1648"}],"wp:term":[{"taxonomy":"category","embeddable":true,"href":"https:\/\/parafiazalesie.org\/index.php\/wp-json\/wp\/v2\/categories?post=1648"},{"taxonomy":"post_tag","embeddable":true,"href":"https:\/\/parafiazalesie.org\/index.php\/wp-json\/wp\/v2\/tags?post=1648"}],"curies":[{"name":"wp","href":"https:\/\/api.w.org\/{rel}","templated":true}]}}