{"id":1638,"date":"2024-10-26T23:09:34","date_gmt":"2024-10-26T21:09:34","guid":{"rendered":"https:\/\/parafiazalesie.org\/?p=1638"},"modified":"2024-10-26T23:11:54","modified_gmt":"2024-10-26T21:11:54","slug":"7-listopada-2024-r-czwartek-o-godz-10-w-instytucie-teologiczno-pastoralnym-w-rzeszowie-odbedzie-sie-sesja-popularnonaukowa-poswiecona-postaci-blogoslawionego-meczennika-ks-jerzego-popieluszki","status":"publish","type":"post","link":"https:\/\/parafiazalesie.org\/index.php\/2024\/10\/26\/7-listopada-2024-r-czwartek-o-godz-10-w-instytucie-teologiczno-pastoralnym-w-rzeszowie-odbedzie-sie-sesja-popularnonaukowa-poswiecona-postaci-blogoslawionego-meczennika-ks-jerzego-popieluszki\/","title":{"rendered":"Sesja po\u015bwi\u0119cona postaci ks. Jerzego Popie\u0142uszki."},"content":{"rendered":"<p>7 listopada 2024 r. (czwartek) o godz. 10 w Instytucie Teologiczno-Pastoralnym w Rzeszowie, odb\u0119dzie si\u0119 sesja popularnonaukowa po\u015bwi\u0119cona postaci b\u0142ogos\u0142awionego m\u0119czennika ks. Jerzego Popie\u0142uszki.<br \/>\nZach\u0119camy do udzia\u0142u.<\/p>\n","protected":false},"excerpt":{"rendered":"<p>7 listopada 2024 r. (czwartek) o godz. 10 w Instytucie Teologiczno-Pastoralnym w Rzeszowie, odb\u0119dzie si\u0119 sesja popularnonaukowa po\u015bwi\u0119cona postaci b\u0142ogos\u0142awionego m\u0119czennika ks. Jerzego Popie\u0142uszki. Zach\u0119camy do udzia\u0142u.<\/p>\n","protected":false},"author":1,"featured_media":1639,"comment_status":"closed","ping_status":"closed","sticky":false,"template":"","format":"standard","meta":{"ngg_post_thumbnail":0,"footnotes":""},"categories":[6],"tags":[],"class_list":["post-1638","post","type-post","status-publish","format-standard","has-post-thumbnail","hentry","category-aktualnosci"],"_links":{"self":[{"href":"https:\/\/parafiazalesie.org\/index.php\/wp-json\/wp\/v2\/posts\/1638","targetHints":{"allow":["GET"]}}],"collection":[{"href":"https:\/\/parafiazalesie.org\/index.php\/wp-json\/wp\/v2\/posts"}],"about":[{"href":"https:\/\/parafiazalesie.org\/index.php\/wp-json\/wp\/v2\/types\/post"}],"author":[{"embeddable":true,"href":"https:\/\/parafiazalesie.org\/index.php\/wp-json\/wp\/v2\/users\/1"}],"replies":[{"embeddable":true,"href":"https:\/\/parafiazalesie.org\/index.php\/wp-json\/wp\/v2\/comments?post=1638"}],"version-history":[{"count":3,"href":"https:\/\/parafiazalesie.org\/index.php\/wp-json\/wp\/v2\/posts\/1638\/revisions"}],"predecessor-version":[{"id":1642,"href":"https:\/\/parafiazalesie.org\/index.php\/wp-json\/wp\/v2\/posts\/1638\/revisions\/1642"}],"wp:featuredmedia":[{"embeddable":true,"href":"https:\/\/parafiazalesie.org\/index.php\/wp-json\/wp\/v2\/media\/1639"}],"wp:attachment":[{"href":"https:\/\/parafiazalesie.org\/index.php\/wp-json\/wp\/v2\/media?parent=1638"}],"wp:term":[{"taxonomy":"category","embeddable":true,"href":"https:\/\/parafiazalesie.org\/index.php\/wp-json\/wp\/v2\/categories?post=1638"},{"taxonomy":"post_tag","embeddable":true,"href":"https:\/\/parafiazalesie.org\/index.php\/wp-json\/wp\/v2\/tags?post=1638"}],"curies":[{"name":"wp","href":"https:\/\/api.w.org\/{rel}","templated":true}]}}