{"id":1635,"date":"2024-10-25T15:56:36","date_gmt":"2024-10-25T13:56:36","guid":{"rendered":"https:\/\/parafiazalesie.org\/?p=1635"},"modified":"2024-10-25T15:56:36","modified_gmt":"2024-10-25T13:56:36","slug":"intencje-parafialne-28-03-11-2024-r","status":"publish","type":"post","link":"https:\/\/parafiazalesie.org\/index.php\/2024\/10\/25\/intencje-parafialne-28-03-11-2024-r\/","title":{"rendered":"Intencje parafialne  28-03.11.2024 r."},"content":{"rendered":"<table style=\"width: 100%; height: 558px;\" width=\"945\">\n<tbody>\n<tr style=\"height: 25px;\">\n<td style=\"height: 25px;\" colspan=\"3\" width=\"945\">&nbsp;<\/td>\n<\/tr>\n<tr style=\"height: 10px;\">\n<td style=\"height: 20px;\" rowspan=\"2\" width=\"127\">\n<p><strong>28.10.2024 r.<\/strong><\/p>\n<p><strong>Poniedzia\u0142ek<\/strong><\/p>\n<\/td>\n<td style=\"height: 10px;\" width=\"71\">\n<p><strong>7:00<\/strong><\/p>\n<\/td>\n<td style=\"height: 10px;\" width=\"747\">\n<p><strong>+ Krystyna Czeka\u0144ska <\/strong>(gr 28)<br \/>\n<strong>+ Eugenia Pa\u0142ka <\/strong>od wnuka Krzysztofa z \u017con\u0105<br \/>\n<strong>+ Mieczys\u0142aw Pr\u0119decki <\/strong>od rodziny Pustelak<\/p>\n<\/td>\n<\/tr>\n<tr style=\"height: 10px;\">\n<td style=\"height: 10px;\" width=\"71\">\n<p><strong>18:00<\/strong><\/p>\n<\/td>\n<td style=\"height: 10px;\" width=\"747\">\n<p>+ <strong>Zofia Dencikowska<br \/>\n<\/strong><strong>+ Stanis\u0142awa Rze\u017anicka <\/strong>(2 R\u015a)<strong> Czes\u0142awa Bukowska <\/strong>(3 R\u015a)<\/p>\n<\/td>\n<\/tr>\n<tr style=\"height: 10px;\">\n<td style=\"height: 20px;\" rowspan=\"2\" width=\"127\">\n<p><strong>29.10.2024 r.<\/strong><\/p>\n<p><strong>Wtorek<\/strong><\/p>\n<\/td>\n<td style=\"height: 10px;\" width=\"71\">\n<p><strong>7:00<\/strong><\/p>\n<\/td>\n<td style=\"height: 10px;\" width=\"747\">\n<p><strong>+ Krystyna Czeka\u0144ska <\/strong>(gr 29)<br \/>\n<strong>+ Eugenia Pa\u0142ka <\/strong>od wnuka Jakuba z \u017con\u0105<br \/>\n<strong>++ Za dusze czy\u015b\u0107cowe <\/strong><\/p>\n<\/td>\n<\/tr>\n<tr style=\"height: 10px;\">\n<td style=\"height: 10px;\" width=\"71\">\n<p><strong>18:00<\/strong><\/p>\n<\/td>\n<td style=\"height: 10px;\" width=\"747\">\n<p><strong>+ Mieczys\u0142aw Pr\u0119decki <\/strong>od siostry Marii z rodzin\u0105<br \/>\nO \u0142ask\u0119 otwarcia na dzia\u0142anie Ducha \u015awi\u0119tego<\/p>\n<\/td>\n<\/tr>\n<tr style=\"height: 10px;\">\n<td style=\"height: 20px;\" rowspan=\"2\" width=\"127\">\n<p><strong>30.10.2024 r.<\/strong><\/p>\n<p><strong>\u015aroda<\/strong><\/p>\n<\/td>\n<td style=\"height: 10px;\" width=\"71\">\n<p><strong>7:00<\/strong><\/p>\n<\/td>\n<td style=\"height: 10px;\" width=\"747\">\n<p><strong>+ Krystyna Czeka\u0144ska <\/strong>(gr 30)<br \/>\n<strong>+ Eugenia Pa\u0142ka <\/strong>od wnuczki Joanny D\u0105browskiej z m\u0119\u017cem i dzie\u0107mi<br \/>\n<strong>+ W\u0142adys\u0142aw Proszak <\/strong>(7 R\u015a)<\/p>\n<\/td>\n<\/tr>\n<tr style=\"height: 10px;\">\n<td style=\"height: 10px;\" width=\"71\">\n<p><strong>18:00<\/strong><\/p>\n<\/td>\n<td style=\"height: 10px;\" width=\"747\">\n<p><strong>+ Janina Ko\u015bciak<br \/>\n<\/strong><strong>+ Zofia Dencikowska<\/strong><\/p>\n<\/td>\n<\/tr>\n<tr style=\"height: 10px;\">\n<td style=\"height: 20px;\" rowspan=\"2\" width=\"127\">\n<p><strong>31.10.2024 r.<\/strong><\/p>\n<p><strong>Czwartek<\/strong><\/p>\n<\/td>\n<td style=\"height: 10px;\" width=\"71\">\n<p><strong>7:00<\/strong><\/p>\n<\/td>\n<td style=\"height: 10px;\" width=\"747\">\n<p><strong>+ Mieczys\u0142aw Pr\u0119decki <\/strong>od rodziny Nestor<br \/>\n<strong>+ Romualda Petrus <\/strong>od rodziny Borysowicz<br \/>\nO Bo\u017ce b\u0142og., zdrowie, \u0142aski i opiek\u0119 MB Pani Zaleskiej <strong>dla Krystyny oraz Jej rodziny<\/strong><\/p>\n<\/td>\n<\/tr>\n<tr style=\"height: 10px;\">\n<td style=\"height: 10px;\" width=\"71\">\n<p><strong>18:00<\/strong><\/p>\n<\/td>\n<td style=\"height: 10px;\" width=\"747\">\n<p><strong>+ Eugenia Pa\u0142ka <\/strong>od brata W\u0142adys\u0142awa z rodzin\u0105<br \/>\n<strong>+ Andrzej Makuch <\/strong>od brata z rodzin\u0105<\/p>\n<\/td>\n<\/tr>\n<tr style=\"height: 10px;\">\n<td style=\"height: 148px;\" rowspan=\"4\" width=\"127\">\n<p><strong>01.11.2024 r.<\/strong><\/p>\n<p><strong>pi\u0105tek <\/strong><\/p>\n<\/td>\n<td style=\"height: 10px;\" width=\"71\">\n<p><strong>7:00<\/strong><\/p>\n<\/td>\n<td style=\"height: 10px;\" width=\"747\">\n<p><strong>+ Mariusz \u015arodo\u0144 <\/strong>(gr 1)<br \/>\n<strong>+ Eugenia Pa\u0142ka <\/strong>od kole\u017canek i koleg\u00f3w z pracy syna Krzysztofa<\/p>\n<\/td>\n<\/tr>\n<tr style=\"height: 46px;\">\n<td style=\"height: 46px;\" width=\"71\">\n<p><strong>9:00<\/strong><\/p>\n<\/td>\n<td style=\"height: 46px;\" width=\"747\">\n<p><strong>++ Bronis\u0142aw i Genowefa<\/strong><\/p>\n<\/td>\n<\/tr>\n<tr style=\"height: 46px;\">\n<td style=\"height: 46px;\" width=\"71\">\n<p><strong>10:30<\/strong><\/p>\n<\/td>\n<td style=\"height: 46px;\" width=\"747\">\n<p>O Bo\u017ce b\u0142og. i \u0142aski<strong> dla mieszka\u0144c\u00f3w z ul. \u0106wikli\u0144skiej <\/strong>przygotowuj\u0105cych o\u0142tarz na Bo\u017ce Cia\u0142o<\/p>\n<\/td>\n<\/tr>\n<tr style=\"height: 46px;\">\n<td style=\"height: 46px;\" width=\"71\">\n<p><strong>12:00<\/strong><\/p>\n<\/td>\n<td style=\"height: 46px;\" width=\"747\">\n<p><strong>++ Za zmar\u0142ych kap\u0142an\u00f3w i pracownik\u00f3w naszej parafii<\/strong><\/p>\n<\/td>\n<\/tr>\n<tr style=\"height: 91px;\">\n<td style=\"height: 147px;\" rowspan=\"3\" width=\"127\">\n<p><strong>02.11.2024 r.<\/strong><\/p>\n<p><strong>Sobota<\/strong><\/p>\n<\/td>\n<td style=\"height: 91px;\" width=\"71\">\n<p><strong>7:00<\/strong><\/p>\n<\/td>\n<td style=\"height: 91px;\" width=\"747\">\n<p><strong>+ Mariusz \u015arodo\u0144 <\/strong>(gr 2)<br \/>\n<strong>++ Aniela, Jan i zmarli z rodziny<\/strong><\/p>\n<\/td>\n<\/tr>\n<tr style=\"height: 46px;\">\n<td style=\"height: 46px;\" width=\"71\">\n<p><strong>9:00<\/strong><\/p>\n<\/td>\n<td style=\"height: 46px;\" width=\"747\">\n<p><strong>++ Jan, Maria i Zbigniew Pawlik<\/strong><\/p>\n<\/td>\n<\/tr>\n<tr style=\"height: 10px;\">\n<td style=\"height: 10px;\" width=\"71\">\n<p><strong>18:00<\/strong><\/p>\n<\/td>\n<td style=\"height: 10px;\" width=\"747\">\n<p>O Bo\u017ce b\u0142og. i \u0142aski<strong> dla Anny<br \/>\n<\/strong><strong>++ Siostry z R\u00f3\u017cy b\u0142. Bronis\u0142awy i zmar\u0142ych z ich rodzin<\/strong><\/p>\n<\/td>\n<\/tr>\n<tr style=\"height: 10px;\">\n<td style=\"height: 158px;\" rowspan=\"5\" width=\"127\">\n<p><strong>03.11.2024 r.<\/strong><\/p>\n<p><strong>Niedziela<\/strong><\/p>\n<\/td>\n<td style=\"height: 10px;\" width=\"71\">\n<p><strong>7:00<\/strong><\/p>\n<\/td>\n<td style=\"height: 10px;\" width=\"747\">\n<p>Dzi\u0119kczynna za otrzymane \u0142aski z pro\u015bb\u0105 o Bo\u017ce b\u0142og. i opiek\u0119 MB Kr\u00f3lowej R\u00f3\u017ca\u0144ca \u015awi\u0119tego<strong> dla Wsp\u00f3lnoty R\u00f3\u017c R\u00f3\u017ca\u0144cowych i ich rodzin<br \/>\n<\/strong>Dzi\u0119kczynna za 85 lat \u017cycia<strong> Stanis\u0142awy <\/strong>z pro\u015bb\u0105 o zdrowie i opiek\u0119 w ostatniej chwili \u017cycia<\/p>\n<\/td>\n<\/tr>\n<tr style=\"height: 46px;\">\n<td style=\"height: 46px;\" width=\"71\">\n<p><strong>9:00<\/strong><\/p>\n<\/td>\n<td style=\"height: 46px;\" width=\"747\">\n<p><strong>+ Mariusz \u015arodo\u0144 <\/strong>(gr 3)<\/p>\n<\/td>\n<\/tr>\n<tr style=\"height: 46px;\">\n<td style=\"height: 46px;\" width=\"71\">\n<p><strong>10:30<\/strong><\/p>\n<\/td>\n<td style=\"height: 46px;\" width=\"747\">\n<p><strong>++ Janina i W\u0142adys\u0142aw<\/strong><\/p>\n<\/td>\n<\/tr>\n<tr style=\"height: 10px;\">\n<td style=\"height: 10px;\" width=\"71\">\n<p><strong>12:00<\/strong><\/p>\n<\/td>\n<td style=\"height: 10px;\" width=\"747\">\n<p><strong>++ Katarzyna i Jan Kopta<\/strong><\/p>\n<\/td>\n<\/tr>\n<tr style=\"height: 46px;\">\n<td style=\"height: 46px;\" width=\"71\">\n<p><strong>17:00<\/strong><\/p>\n<\/td>\n<td style=\"height: 46px;\" width=\"747\">\n<p><strong>Za parafian<\/strong><\/p>\n<\/td>\n<\/tr>\n<\/tbody>\n<\/table>\n<p>&nbsp;<\/p>\n","protected":false},"excerpt":{"rendered":"<p>&nbsp; 28.10.2024 r. Poniedzia\u0142ek 7:00 + Krystyna Czeka\u0144ska (gr 28) + Eugenia Pa\u0142ka od wnuka Krzysztofa z \u017con\u0105 + Mieczys\u0142aw Pr\u0119decki od rodziny Pustelak 18:00 + Zofia Dencikowska + Stanis\u0142awa Rze\u017anicka (2 R\u015a) Czes\u0142awa Bukowska (3 R\u015a) 29.10.2024 r. Wtorek 7:00 + Krystyna Czeka\u0144ska (gr 29) + Eugenia Pa\u0142ka od wnuka Jakuba z \u017con\u0105 ++ <a class=\"read-more\" href=\"https:\/\/parafiazalesie.org\/index.php\/2024\/10\/25\/intencje-parafialne-28-03-11-2024-r\/\"><\/p>\n<p>Zobacz wi\u0119cej<\/a><\/p>\n","protected":false},"author":1,"featured_media":111,"comment_status":"closed","ping_status":"closed","sticky":false,"template":"","format":"standard","meta":{"ngg_post_thumbnail":0,"footnotes":""},"categories":[6],"tags":[],"class_list":["post-1635","post","type-post","status-publish","format-standard","has-post-thumbnail","hentry","category-aktualnosci"],"_links":{"self":[{"href":"https:\/\/parafiazalesie.org\/index.php\/wp-json\/wp\/v2\/posts\/1635","targetHints":{"allow":["GET"]}}],"collection":[{"href":"https:\/\/parafiazalesie.org\/index.php\/wp-json\/wp\/v2\/posts"}],"about":[{"href":"https:\/\/parafiazalesie.org\/index.php\/wp-json\/wp\/v2\/types\/post"}],"author":[{"embeddable":true,"href":"https:\/\/parafiazalesie.org\/index.php\/wp-json\/wp\/v2\/users\/1"}],"replies":[{"embeddable":true,"href":"https:\/\/parafiazalesie.org\/index.php\/wp-json\/wp\/v2\/comments?post=1635"}],"version-history":[{"count":1,"href":"https:\/\/parafiazalesie.org\/index.php\/wp-json\/wp\/v2\/posts\/1635\/revisions"}],"predecessor-version":[{"id":1636,"href":"https:\/\/parafiazalesie.org\/index.php\/wp-json\/wp\/v2\/posts\/1635\/revisions\/1636"}],"wp:featuredmedia":[{"embeddable":true,"href":"https:\/\/parafiazalesie.org\/index.php\/wp-json\/wp\/v2\/media\/111"}],"wp:attachment":[{"href":"https:\/\/parafiazalesie.org\/index.php\/wp-json\/wp\/v2\/media?parent=1635"}],"wp:term":[{"taxonomy":"category","embeddable":true,"href":"https:\/\/parafiazalesie.org\/index.php\/wp-json\/wp\/v2\/categories?post=1635"},{"taxonomy":"post_tag","embeddable":true,"href":"https:\/\/parafiazalesie.org\/index.php\/wp-json\/wp\/v2\/tags?post=1635"}],"curies":[{"name":"wp","href":"https:\/\/api.w.org\/{rel}","templated":true}]}}