{"id":1632,"date":"2024-10-24T21:57:45","date_gmt":"2024-10-24T19:57:45","guid":{"rendered":"https:\/\/parafiazalesie.org\/?p=1632"},"modified":"2024-10-24T21:57:45","modified_gmt":"2024-10-24T19:57:45","slug":"ogloszenia-xxx-niedziela-zwykla-27-10-2024-r","status":"publish","type":"post","link":"https:\/\/parafiazalesie.org\/index.php\/2024\/10\/24\/ogloszenia-xxx-niedziela-zwykla-27-10-2024-r\/","title":{"rendered":"OG\u0141OSZENIA XXX Niedziela Zwyk\u0142a 27.10.2024 r."},"content":{"rendered":"<ol>\n<li>Dzi\u015b:\n<ul>\n<li>obchodzimy Uroczysto\u015b\u0107 rocznicy po\u015bwi\u0119cenia naszego ko\u015bcio\u0142a. Dzi\u0119kujemy Bogu za to miejsce, kt\u00f3re wybra\u0142 sobie za swoje mieszkanie. Dzi\u0119kujmy za pokolenia, kt\u00f3re zabiega\u0142y o w\u0142asne u\u015bwi\u0119cenie i dba\u0142y o ten Bo\u017cy Dom,<\/li>\n<li>od godz. 9:00 do 13:00 przy naszym ko\u015bciele, Towarzystwo Pomocy Brata Alberta w Rzeszowie zaprasza na kiermasz dekoracji nagrobkowych. Pozyskane fundusze przeznaczone b\u0119d\u0105 na podopiecznych Stowarzyszenia.<\/li>\n<\/ul>\n<\/li>\n<li>Trwa miesi\u0105c pa\u017adziernik. Do czwartku zapraszamy na nabo\u017ce\u0144stwa r\u00f3\u017ca\u0144cowe.<\/li>\n<li>W poniedzia\u0142ek 28 pa\u017adziernika:\n<ul>\n<li>\u015awi\u0119to \u015awi\u0119tych Aposto\u0142\u00f3w Szymona i Judy Tadeusza.<\/li>\n<\/ul>\n<\/li>\n<li>W \u015brod\u0119 30 pa\u017adziernika:\n<ul>\n<li>po Mszy \u015bw. Nowenna do Matki Bo\u017cej Nieustaj\u0105cej Pomocy, Pani Zaleskiej,<\/li>\n<li>po Nowennie adoracja Naj\u015bwi\u0119tszego Sakramentu do godz. 20:00.<\/li>\n<\/ul>\n<\/li>\n<li>W czwartek 31 pa\u017adziernika:\n<ul>\n<li>od godz.17:00 spowied\u017a dla dzieci, m\u0142odzie\u017cy i doros\u0142ych. Zach\u0119camy do spowiedzi we wszystkie inne dni tygodnia, aby m\u00f3c ofiarowa\u0107 proponowane przez Ko\u015bci\u00f3\u0142 odpusty za zmar\u0142ych.<\/li>\n<\/ul>\n<\/li>\n<li>W pierwszy pi\u0105tek miesi\u0105ca 1 listopada:\n<ul>\n<li>Uroczysto\u015b\u0107 Wszystkich \u015awi\u0119tych,<\/li>\n<li>Msze \u015bw. o godz. 7:00; 9:00; 10:30; 12:00,<\/li>\n<li>po Mszy \u015bw. o godz.12:00 Litania do Naj\u015bwi\u0119tszego Serca Jezusowego, procesja na cmentarz i modlitwa za zmar\u0142ych,<\/li>\n<li>o godz. 14:00 na cmentarzu Rzesz\u00f3w \u2013 Wilkowyja, Uroczysto\u015b\u0107 Wszystkich \u015awi\u0119tych z udzia\u0142em Ks. Biskupa,<\/li>\n<li>jak co roku mo\u017cemy wesprze\u0107 kwestuj\u0105cych przy cmentarzu na rzecz schroniska \u015bw. Brata Alberta w Rzeszowie,<\/li>\n<li>z racji uroczysto\u015bci nie obowi\u0105zuje pi\u0105tkowa wstrzemi\u0119\u017aliwo\u015b\u0107.<\/li>\n<\/ul>\n<\/li>\n<li>W pierwsz\u0105 sobot\u0119 miesi\u0105ca 2 listopada:\n<ul>\n<li>wspomnienie wszystkich wiernych zmar\u0142ych (dzie\u0144 zaduszny),<\/li>\n<li>Msze \u015bw. o godz. 7:00; 9:00 i 18:00,<\/li>\n<li>od godz. 9:00 odwiedziny chorych,<\/li>\n<li>o godz. 18:00 Msza \u015bw. i r\u00f3\u017caniec za zmar\u0142ych z naszych rodzin, wspominanych w wypominkach.<\/li>\n<\/ul>\n<\/li>\n<li>W niedziel\u0119 3 listopada:\n<ul>\n<li>po prymarii zmiana tajemnic r\u00f3\u017ca\u0144cowych,<\/li>\n<li>R\u00f3\u017caniec poprowadzi R\u00f3\u017ca b\u0142. Kardyna\u0142a Stefana Wyszy\u0144skiego.<\/li>\n<\/ul>\n<\/li>\n<li>Zyskujmy odpusty za zmar\u0142ych. Od 1 do 8 listopada mo\u017cemy zyska\u0107 odpust zupe\u0142ny jeden raz dziennie dla jednej z dusz cierpi\u0105cych w czy\u015b\u0107cu, od 9 listopada odpusty cz\u0105stkowe. Warunki zyskania odpustu:\n<ul>\n<li>wzbudzenie w sobie intencji zyskania odpustu,<\/li>\n<li>wewn\u0119trzna postawa ca\u0142kowitego oderwania od grzechu, r\u00f3wnie\u017c powszedniego (tak\u017ce od na\u0142ogu),<\/li>\n<li>stan \u0142aski u\u015bwi\u0119caj\u0105cej, jedna spowied\u017a sakramentalna wystarczy do zyskania odpustu w wielu dniach,<\/li>\n<li>przyj\u0119cie Komunii \u015awi\u0119tej,<\/li>\n<li>modlitwa w intencjach Ojca \u015awi\u0119tego,<\/li>\n<li>nawiedzenie cmentarza i modlitwa za zmar\u0142ych.<\/li>\n<\/ul>\n<\/li>\n<li>Przez ca\u0142y listopad modlimy si\u0119 za zmar\u0142ych z wypominek:\n<ul>\n<li>w dni powszednie po Mszy \u015bw.,<\/li>\n<li>w niedziele r\u00f3\u017caniec o godz. 16:30,<\/li>\n<li>kartki wypominkowe znajduj\u0105 si\u0119 pod ch\u00f3rem i przy drzwiach wyj\u015bciowych od strony zakrystii.<\/li>\n<\/ul>\n<\/li>\n<li>Zach\u0119camy do rozwa\u017cania S\u0142owa Bo\u017cego i czytania prasy katolickiej.<\/li>\n<\/ol>\n<p>&nbsp;<\/p>\n<p>SPOTKANIA:<\/p>\n<ul>\n<li>Ch\u00f3r \u201eCredo\u201d \u2013 wtorek 18:00<\/li>\n<li>Medytacja S\u0142owa Bo\u017cego w duchu Lectio divina \u2013 wtorek po Mszy \u015bw.<\/li>\n<li>LSO \u2013 \u015broda po Mszy \u015bw.<\/li>\n<li>Kandydaci do bierzmowania \u2013 \u015broda (pierwsza grupa), czwartek (druga grupa), po Mszy \u015bw. (udzia\u0142 we Mszy \u015bw. obowi\u0105zkowy)<\/li>\n<li>Kandydaci na ministrant\u00f3w \u2013 czwartek 17:00<\/li>\n<li>Schola \u2013 czwartek 17:00<\/li>\n<\/ul>\n","protected":false},"excerpt":{"rendered":"<p>Dzi\u015b: obchodzimy Uroczysto\u015b\u0107 rocznicy po\u015bwi\u0119cenia naszego ko\u015bcio\u0142a. Dzi\u0119kujemy Bogu za to miejsce, kt\u00f3re wybra\u0142 sobie za swoje mieszkanie. Dzi\u0119kujmy za pokolenia, kt\u00f3re zabiega\u0142y o w\u0142asne u\u015bwi\u0119cenie i dba\u0142y o ten Bo\u017cy Dom, od godz. 9:00 do 13:00 przy naszym ko\u015bciele, Towarzystwo Pomocy Brata Alberta w Rzeszowie zaprasza na kiermasz dekoracji nagrobkowych. Pozyskane fundusze przeznaczone b\u0119d\u0105 <a class=\"read-more\" href=\"https:\/\/parafiazalesie.org\/index.php\/2024\/10\/24\/ogloszenia-xxx-niedziela-zwykla-27-10-2024-r\/\"><\/p>\n<p>Zobacz wi\u0119cej<\/a><\/p>\n","protected":false},"author":1,"featured_media":498,"comment_status":"closed","ping_status":"closed","sticky":false,"template":"","format":"standard","meta":{"ngg_post_thumbnail":0,"footnotes":""},"categories":[3],"tags":[],"class_list":["post-1632","post","type-post","status-publish","format-standard","has-post-thumbnail","hentry","category-ogloszenia"],"_links":{"self":[{"href":"https:\/\/parafiazalesie.org\/index.php\/wp-json\/wp\/v2\/posts\/1632","targetHints":{"allow":["GET"]}}],"collection":[{"href":"https:\/\/parafiazalesie.org\/index.php\/wp-json\/wp\/v2\/posts"}],"about":[{"href":"https:\/\/parafiazalesie.org\/index.php\/wp-json\/wp\/v2\/types\/post"}],"author":[{"embeddable":true,"href":"https:\/\/parafiazalesie.org\/index.php\/wp-json\/wp\/v2\/users\/1"}],"replies":[{"embeddable":true,"href":"https:\/\/parafiazalesie.org\/index.php\/wp-json\/wp\/v2\/comments?post=1632"}],"version-history":[{"count":1,"href":"https:\/\/parafiazalesie.org\/index.php\/wp-json\/wp\/v2\/posts\/1632\/revisions"}],"predecessor-version":[{"id":1633,"href":"https:\/\/parafiazalesie.org\/index.php\/wp-json\/wp\/v2\/posts\/1632\/revisions\/1633"}],"wp:featuredmedia":[{"embeddable":true,"href":"https:\/\/parafiazalesie.org\/index.php\/wp-json\/wp\/v2\/media\/498"}],"wp:attachment":[{"href":"https:\/\/parafiazalesie.org\/index.php\/wp-json\/wp\/v2\/media?parent=1632"}],"wp:term":[{"taxonomy":"category","embeddable":true,"href":"https:\/\/parafiazalesie.org\/index.php\/wp-json\/wp\/v2\/categories?post=1632"},{"taxonomy":"post_tag","embeddable":true,"href":"https:\/\/parafiazalesie.org\/index.php\/wp-json\/wp\/v2\/tags?post=1632"}],"curies":[{"name":"wp","href":"https:\/\/api.w.org\/{rel}","templated":true}]}}