{"id":1610,"date":"2024-10-17T13:20:19","date_gmt":"2024-10-17T11:20:19","guid":{"rendered":"https:\/\/parafiazalesie.org\/?p=1610"},"modified":"2024-10-17T13:20:40","modified_gmt":"2024-10-17T11:20:40","slug":"ogloszenia-xxix-niedziela-zwykla-20-10-2024-r","status":"publish","type":"post","link":"https:\/\/parafiazalesie.org\/index.php\/2024\/10\/17\/ogloszenia-xxix-niedziela-zwykla-20-10-2024-r\/","title":{"rendered":"OG\u0141OSZENIA  XXIX Niedziela Zwyk\u0142a 20.10.2024 r."},"content":{"rendered":"<ol>\n<li><strong>Dzi\u015b:<\/strong>\n<ul>\n<li>rozpoczyna si\u0119 w Ko\u015bciele Tydzie\u0144 Misyjny. Obejmijmy modlitw\u0105 wszystkie dzie\u0142a misyjne Ko\u015bcio\u0142a, wypraszajmy wsparcie dla misjonarzy i m\u00f3dlmy si\u0119 o nowe powo\u0142ania misyjne, by Ewangelia dociera\u0142a do wszystkich miejsc na \u015bwiecie.<\/li>\n<li>po Mszy \u015bw. wieczornej w naszej parafii,&nbsp;XVI&nbsp; koncert pie\u015bni Maryjnych. Wyst\u0105pi\u0105 ch\u00f3ry z Rzeszowa, a tak\u017ce nasz ch\u00f3r parafialny \u201eCredo\u201d. Zapraszamy mi\u0142o\u015bnik\u00f3w pie\u015bni Maryjnej i wszystkich pragn\u0105cych pomodli\u0107 si\u0119 z Maryj\u0105 w wa\u017cnych intencjach Ko\u015bcio\u0142a i \u015bwiata.<\/li>\n<\/ul>\n<\/li>\n<li><strong>We wtorek<\/strong> 22 pa\u017adziernika:\n<ul>\n<li>wspomnienie \u015awi\u0119tego Jana Paw\u0142a II,<\/li>\n<li>po r\u00f3\u017ca\u0144cu nabo\u017ce\u0144stwo podzi\u0119kowa\u0144 i pr\u00f3\u015bb za wstawiennictwem \u015bw. Jana Paw\u0142a II.<\/li>\n<\/ul>\n<\/li>\n<li><strong>W \u015brod\u0119<\/strong> 23 pa\u017adziernika:\n<ul>\n<li>po Mszy \u015bw. wieczornej Nowenna do Matki Bo\u017cej Nieustaj\u0105cej Pomocy,<\/li>\n<li>po Nowennie wystawienie Naj\u015bwi\u0119tszego Sakramentu do godz. 20:00.<\/li>\n<\/ul>\n<\/li>\n<li><strong>W <\/strong><strong>pi\u0105tek<\/strong> 25 pa\u017adziernika:\n<ul>\n<li>od godz. 17:00 do 18:00 adoracja Naj\u015bwi\u0119tszego Sakramentu.<\/li>\n<\/ul>\n<\/li>\n<li><strong>W niedziel\u0119<\/strong> 27 pa\u017adziernika:\n<ul>\n<li>R\u00f3\u017caniec poprowadzi R\u00f3\u017ca B\u0142. Bronis\u0142awy,<\/li>\n<\/ul>\n<\/li>\n<li>Zbli\u017ca si\u0119 miesi\u0105c listopad czas szczeg\u00f3lnie intensywnej modlitwy Ko\u015bcio\u0142a za zmar\u0142ych. Pod ch\u00f3rem jak r\u00f3wnie\u017c na stoliku przy wyj\u015bciu z drugiej strony zosta\u0142y wy\u0142o\u017cone kartki wypominkowe, na kt\u00f3re wpisujmy zmar\u0142ych za kt\u00f3rych nasza wsp\u00f3lnota parafialna b\u0119dzie si\u0119 modli\u0107 codziennie w listopadzie po Mszy \u015bw. wieczornej. W niedziele listopadowe modlitwa wypominkowa o godz. 16:30.<\/li>\n<li>Sk\u0142adka dzisiejszej niedzieli przeznaczona jest na nowe \u0142awki do ko\u015bcio\u0142a. Sk\u0142adamy B\u00f3g zap\u0142a\u0107 za ofiary.<\/li>\n<li>Zach\u0119camy do rozwa\u017cania S\u0142owa Bo\u017cego do czytania prasy katolickiej wystawionej pod ch\u00f3rem.<\/li>\n<\/ol>\n<ul>\n<li style=\"list-style-type: none;\">&nbsp;<\/li>\n<\/ul>\n<p>&nbsp;<\/p>\n","protected":false},"excerpt":{"rendered":"<p>Dzi\u015b: rozpoczyna si\u0119 w Ko\u015bciele Tydzie\u0144 Misyjny. Obejmijmy modlitw\u0105 wszystkie dzie\u0142a misyjne Ko\u015bcio\u0142a, wypraszajmy wsparcie dla misjonarzy i m\u00f3dlmy si\u0119 o nowe powo\u0142ania misyjne, by Ewangelia dociera\u0142a do wszystkich miejsc na \u015bwiecie. po Mszy \u015bw. wieczornej w naszej parafii,&nbsp;XVI&nbsp; koncert pie\u015bni Maryjnych. Wyst\u0105pi\u0105 ch\u00f3ry z Rzeszowa, a tak\u017ce nasz ch\u00f3r parafialny \u201eCredo\u201d. Zapraszamy mi\u0142o\u015bnik\u00f3w pie\u015bni <a class=\"read-more\" href=\"https:\/\/parafiazalesie.org\/index.php\/2024\/10\/17\/ogloszenia-xxix-niedziela-zwykla-20-10-2024-r\/\"><\/p>\n<p>Zobacz wi\u0119cej<\/a><\/p>\n","protected":false},"author":1,"featured_media":469,"comment_status":"closed","ping_status":"closed","sticky":false,"template":"","format":"standard","meta":{"ngg_post_thumbnail":0,"footnotes":""},"categories":[3],"tags":[],"class_list":["post-1610","post","type-post","status-publish","format-standard","has-post-thumbnail","hentry","category-ogloszenia"],"_links":{"self":[{"href":"https:\/\/parafiazalesie.org\/index.php\/wp-json\/wp\/v2\/posts\/1610","targetHints":{"allow":["GET"]}}],"collection":[{"href":"https:\/\/parafiazalesie.org\/index.php\/wp-json\/wp\/v2\/posts"}],"about":[{"href":"https:\/\/parafiazalesie.org\/index.php\/wp-json\/wp\/v2\/types\/post"}],"author":[{"embeddable":true,"href":"https:\/\/parafiazalesie.org\/index.php\/wp-json\/wp\/v2\/users\/1"}],"replies":[{"embeddable":true,"href":"https:\/\/parafiazalesie.org\/index.php\/wp-json\/wp\/v2\/comments?post=1610"}],"version-history":[{"count":2,"href":"https:\/\/parafiazalesie.org\/index.php\/wp-json\/wp\/v2\/posts\/1610\/revisions"}],"predecessor-version":[{"id":1612,"href":"https:\/\/parafiazalesie.org\/index.php\/wp-json\/wp\/v2\/posts\/1610\/revisions\/1612"}],"wp:featuredmedia":[{"embeddable":true,"href":"https:\/\/parafiazalesie.org\/index.php\/wp-json\/wp\/v2\/media\/469"}],"wp:attachment":[{"href":"https:\/\/parafiazalesie.org\/index.php\/wp-json\/wp\/v2\/media?parent=1610"}],"wp:term":[{"taxonomy":"category","embeddable":true,"href":"https:\/\/parafiazalesie.org\/index.php\/wp-json\/wp\/v2\/categories?post=1610"},{"taxonomy":"post_tag","embeddable":true,"href":"https:\/\/parafiazalesie.org\/index.php\/wp-json\/wp\/v2\/tags?post=1610"}],"curies":[{"name":"wp","href":"https:\/\/api.w.org\/{rel}","templated":true}]}}