{"id":1608,"date":"2024-10-17T13:17:27","date_gmt":"2024-10-17T11:17:27","guid":{"rendered":"https:\/\/parafiazalesie.org\/?p=1608"},"modified":"2024-10-17T13:17:27","modified_gmt":"2024-10-17T11:17:27","slug":"intencje-parafialne-21-27-10-2024-r","status":"publish","type":"post","link":"https:\/\/parafiazalesie.org\/index.php\/2024\/10\/17\/intencje-parafialne-21-27-10-2024-r\/","title":{"rendered":"Intencje parafialne  21-27.10.2024 r."},"content":{"rendered":"<table width=\"756\">\n<tbody>\n<tr>\n<td colspan=\"3\" width=\"756\">&nbsp;<\/td>\n<\/tr>\n<tr>\n<td rowspan=\"2\" width=\"102\">\n<p><strong>21.10.2024 r.<\/strong><\/p>\n<p><strong>Poniedzia\u0142ek<\/strong><\/p>\n<\/td>\n<td width=\"57\">\n<p><strong>7:00<\/strong><\/p>\n<\/td>\n<td width=\"598\">\n<p><strong>++ Justyna, Izabela, Micha\u0142<br \/>\n<\/strong><strong>+ Eugenia Pa\u0142ka <\/strong>od wnuka Patryka<br \/>\n<strong>++ Stefania, Boles\u0142aw, Maria, Aniela<\/strong><\/p>\n<\/td>\n<\/tr>\n<tr>\n<td width=\"57\">\n<p><strong>18:00<\/strong><\/p>\n<\/td>\n<td width=\"598\">\n<p><strong>+ Krystyna Czeka\u0144ska (gr 21)<br \/>\n<\/strong>+ <strong>Alicja B\u0105cal<\/strong><\/p>\n<\/td>\n<\/tr>\n<tr>\n<td rowspan=\"2\" width=\"102\">\n<p><strong>22.10.2024 r.<\/strong><\/p>\n<p><strong>Wtorek<\/strong><\/p>\n<\/td>\n<td width=\"57\">\n<p><strong>7:00<\/strong><\/p>\n<\/td>\n<td width=\"598\">\n<p><strong>+ Eugenia Pa\u0142ka <\/strong>od Kazimiery D\u0105browiskiej<br \/>\n<strong>+ Mieczys\u0142aw Pr\u0119decki <\/strong>od siostry Julii z Tarnowa<br \/>\n<strong>+ Helena Szubart <\/strong>od rodziny Wolan\u00f3w<\/p>\n<\/td>\n<\/tr>\n<tr>\n<td width=\"57\">\n<p><strong>18:00<\/strong><\/p>\n<\/td>\n<td width=\"598\">\n<p><strong>+ Krystyna Czeka\u0144ska (gr 22)<br \/>\n<\/strong><strong>+ Zofia Dencikowska<\/strong><\/p>\n<\/td>\n<\/tr>\n<tr>\n<td rowspan=\"2\" width=\"102\">\n<p><strong>23.10.2024 r.<\/strong><\/p>\n<p><strong>\u015aroda<\/strong><\/p>\n<\/td>\n<td width=\"57\">\n<p><strong>7:00<\/strong><\/p>\n<\/td>\n<td width=\"598\">\n<p><strong>+ Eugenia Pa\u0142ka <\/strong>od mieszka\u0144c\u00f3w ul. Cichej blok nr 9 klatka 3<br \/>\n<strong>+ Mieczys\u0142aw Pr\u0119decki <\/strong>od Mieczys\u0142awa z Tarnowa<br \/>\n<strong>+ Helena Szubart <\/strong>od rodziny Denasiewicz<\/p>\n<\/td>\n<\/tr>\n<tr>\n<td width=\"57\">\n<p><strong>18:00<\/strong><\/p>\n<\/td>\n<td width=\"598\">\n<p><strong>+ Krystyna Czeka\u0144ska (gr 23)<br \/>\n<\/strong><strong>+ Mieczys\u0142aw Byra (4 R\u015a)<\/strong><\/p>\n<\/td>\n<\/tr>\n<tr>\n<td rowspan=\"2\" width=\"102\">\n<p><strong>24.10.2024 r.<\/strong><\/p>\n<p><strong>Czwartek<\/strong><\/p>\n<\/td>\n<td width=\"57\">\n<p><strong>7:00<\/strong><\/p>\n<\/td>\n<td width=\"598\">\n<p><strong>+ Eugenia Pa\u0142ka <\/strong>od mieszka\u0144c\u00f3w ul. Cichej blok nr 9 klatka 3<br \/>\n<strong>+ Mieczys\u0142aw Pr\u0119decki <\/strong>od rodziny Kramarz<br \/>\n<strong>+ Janina <\/strong>od przyjaci\u00f3\u0142 Tomasza z zak\u0142adu Chemii i Toksykologii \u017cywno\u015bci<\/p>\n<\/td>\n<\/tr>\n<tr>\n<td width=\"57\">\n<p><strong>18:00<\/strong><\/p>\n<\/td>\n<td width=\"598\">\n<p><strong>++ Zmarli z rodziny Kurdziel<br \/>\n<\/strong><strong>+ Krystyna Czeka\u0144ska (gr 24)<\/strong><\/p>\n<\/td>\n<\/tr>\n<tr>\n<td rowspan=\"2\" width=\"102\">\n<p><strong>25.10.2024 r.<\/strong><\/p>\n<p><strong>pi\u0105tek <\/strong><\/p>\n<\/td>\n<td width=\"57\">\n<p><strong>7:00<\/strong><\/p>\n<\/td>\n<td width=\"598\">\n<p><strong>+ Eugenia Pa\u0142ka <\/strong>od mieszka\u0144c\u00f3w ul. Cichej blok nr 9 klatka 3<br \/>\n<strong>+ Mieczys\u0142aw Pr\u0119decki <\/strong>od rodziny Pustelak<br \/>\n<strong>+ Helena Szubart <\/strong>od chrze\u015bniaka Piotra z rodzin\u0105<\/p>\n<\/td>\n<\/tr>\n<tr>\n<td width=\"57\">\n<p><strong>18:00<\/strong><\/p>\n<\/td>\n<td width=\"598\">\n<p><strong>+ Krystyna Czeka\u0144ska (gr 25)<br \/>\n<\/strong><strong>+ Zofia Dencikowska<\/strong><\/p>\n<\/td>\n<\/tr>\n<tr>\n<td rowspan=\"2\" width=\"102\">\n<p><strong>26.10.2024 r.<\/strong><\/p>\n<p><strong>Sobota<\/strong><\/p>\n<\/td>\n<td width=\"57\">\n<p><strong>7:00<\/strong><\/p>\n<\/td>\n<td width=\"598\">\n<p><strong>+ Eugenia Pa\u0142ka <\/strong>od mieszka\u0144c\u00f3w ul. Cichej blok nr 9 klatka 3<br \/>\n<strong>+ Franciszek Sikora<\/strong> od \u017cony J\u00f3zefy i dzieci z rodzinami<br \/>\n<strong>++ Za zmar\u0142ych dziadk\u00f3w<\/strong><\/p>\n<\/td>\n<\/tr>\n<tr>\n<td width=\"57\">\n<p><strong>18.00<\/strong><\/p>\n<\/td>\n<td width=\"598\">\n<p><strong>+ Krystyna Czeka\u0144ska<\/strong> <strong>(26 gr)<br \/>\n<\/strong><strong>+ Marzena M\u0119drek (13 R\u015a) <\/strong>od rodziny<\/p>\n<\/td>\n<\/tr>\n<tr>\n<td rowspan=\"5\" width=\"102\">\n<p><strong>27.10.2024 r.<\/strong><\/p>\n<p><strong>Niedziela<\/strong><\/p>\n<\/td>\n<td width=\"57\">\n<p><strong>7:00<\/strong><\/p>\n<\/td>\n<td width=\"598\">\n<p><strong>+ Krystyna Czeka\u0144ska (27 gr)<br \/>\n<\/strong><strong>+ Eugenia Pa\u0142ka <\/strong>od mieszka\u0144c\u00f3w ul. Cichej blok nr 9 klatka 3<\/p>\n<\/td>\n<\/tr>\n<tr>\n<td width=\"57\">\n<p><strong>9:00<\/strong><\/p>\n<\/td>\n<td width=\"598\">\n<p><strong>+ Antoni<\/strong><\/p>\n<\/td>\n<\/tr>\n<tr>\n<td width=\"57\">\n<p><strong>10:30<\/strong><\/p>\n<\/td>\n<td width=\"598\">\n<p><strong>++ Zmarli z rodziny<\/strong><\/p>\n<\/td>\n<\/tr>\n<tr>\n<td width=\"57\">\n<p><strong>12:00<\/strong><\/p>\n<\/td>\n<td width=\"598\">\n<p><strong>Za Parafian<\/strong><\/p>\n<\/td>\n<\/tr>\n<tr>\n<td width=\"57\">\n<p><strong>17:00<\/strong><\/p>\n<\/td>\n<td width=\"598\">\n<p>O Bo\u017ce B\u0142og. i opiek\u0119 MB <strong>dla Kaspra, Maksa, Macieja, Mai i Justyny<\/strong><\/p>\n<\/td>\n<\/tr>\n<\/tbody>\n<\/table>\n<p>&nbsp;<\/p>\n","protected":false},"excerpt":{"rendered":"<p>&nbsp; 21.10.2024 r. Poniedzia\u0142ek 7:00 ++ Justyna, Izabela, Micha\u0142 + Eugenia Pa\u0142ka od wnuka Patryka ++ Stefania, Boles\u0142aw, Maria, Aniela 18:00 + Krystyna Czeka\u0144ska (gr 21) + Alicja B\u0105cal 22.10.2024 r. Wtorek 7:00 + Eugenia Pa\u0142ka od Kazimiery D\u0105browiskiej + Mieczys\u0142aw Pr\u0119decki od siostry Julii z Tarnowa + Helena Szubart od rodziny Wolan\u00f3w 18:00 + <a class=\"read-more\" href=\"https:\/\/parafiazalesie.org\/index.php\/2024\/10\/17\/intencje-parafialne-21-27-10-2024-r\/\"><\/p>\n<p>Zobacz wi\u0119cej<\/a><\/p>\n","protected":false},"author":1,"featured_media":111,"comment_status":"closed","ping_status":"closed","sticky":false,"template":"","format":"standard","meta":{"ngg_post_thumbnail":0,"footnotes":""},"categories":[5],"tags":[],"class_list":["post-1608","post","type-post","status-publish","format-standard","has-post-thumbnail","hentry","category-intencje"],"_links":{"self":[{"href":"https:\/\/parafiazalesie.org\/index.php\/wp-json\/wp\/v2\/posts\/1608","targetHints":{"allow":["GET"]}}],"collection":[{"href":"https:\/\/parafiazalesie.org\/index.php\/wp-json\/wp\/v2\/posts"}],"about":[{"href":"https:\/\/parafiazalesie.org\/index.php\/wp-json\/wp\/v2\/types\/post"}],"author":[{"embeddable":true,"href":"https:\/\/parafiazalesie.org\/index.php\/wp-json\/wp\/v2\/users\/1"}],"replies":[{"embeddable":true,"href":"https:\/\/parafiazalesie.org\/index.php\/wp-json\/wp\/v2\/comments?post=1608"}],"version-history":[{"count":1,"href":"https:\/\/parafiazalesie.org\/index.php\/wp-json\/wp\/v2\/posts\/1608\/revisions"}],"predecessor-version":[{"id":1609,"href":"https:\/\/parafiazalesie.org\/index.php\/wp-json\/wp\/v2\/posts\/1608\/revisions\/1609"}],"wp:featuredmedia":[{"embeddable":true,"href":"https:\/\/parafiazalesie.org\/index.php\/wp-json\/wp\/v2\/media\/111"}],"wp:attachment":[{"href":"https:\/\/parafiazalesie.org\/index.php\/wp-json\/wp\/v2\/media?parent=1608"}],"wp:term":[{"taxonomy":"category","embeddable":true,"href":"https:\/\/parafiazalesie.org\/index.php\/wp-json\/wp\/v2\/categories?post=1608"},{"taxonomy":"post_tag","embeddable":true,"href":"https:\/\/parafiazalesie.org\/index.php\/wp-json\/wp\/v2\/tags?post=1608"}],"curies":[{"name":"wp","href":"https:\/\/api.w.org\/{rel}","templated":true}]}}