{"id":1599,"date":"2024-10-03T09:16:01","date_gmt":"2024-10-03T07:16:01","guid":{"rendered":"https:\/\/parafiazalesie.org\/?p=1599"},"modified":"2024-10-03T09:16:01","modified_gmt":"2024-10-03T07:16:01","slug":"intencje-parafialne-07-13-10-2024-r","status":"publish","type":"post","link":"https:\/\/parafiazalesie.org\/index.php\/2024\/10\/03\/intencje-parafialne-07-13-10-2024-r\/","title":{"rendered":"Intencje parafialne 07-13.10.2024 r."},"content":{"rendered":"<table width=\"945\">\n<tbody>\n<tr>\n<td colspan=\"3\" width=\"945\">&nbsp;<\/td>\n<\/tr>\n<tr>\n<td rowspan=\"2\" width=\"127\">\n<p><strong>07.10.2024 r.<\/strong><\/p>\n<p><strong>Poniedzia\u0142ek<\/strong><\/p>\n<\/td>\n<td width=\"71\">\n<p><strong>7:00<\/strong><\/p>\n<\/td>\n<td width=\"747\">\n<p><strong>++ <\/strong>Zmar\u0142ych Rodzic\u00f3w<strong> Alicj\u0119 i J\u00f3zefa<br \/>\n<\/strong><strong>+ Adam Nizio\u0142 <\/strong>od <strong>&nbsp;<\/strong>kole\u017canek i koleg\u00f3w z firmy UNIMET<br \/>\n<strong>+ Danuta Stasiowska <\/strong>od c\u00f3rki Beaty i wnuczki Oli<\/p>\n<\/td>\n<\/tr>\n<tr>\n<td width=\"71\">\n<p><strong>18:00<\/strong><\/p>\n<\/td>\n<td width=\"747\">\n<p>Dzi\u0119kczynna za otrzymane \u0142aski z pro\u015bb\u0105 o Bo\u017ce b\u0142og. i opiek\u0119 MB R\u00f3\u017ca\u0144cowej dla Wsp\u00f3lnot R\u00f3\u017c R\u00f3\u017ca\u0144cowych<br \/>\n<strong>+ Krystyna Czeka\u0144ska (gr 7)<\/strong><\/p>\n<\/td>\n<\/tr>\n<tr>\n<td rowspan=\"2\" width=\"127\">\n<p><strong>08.10.2024 r.<\/strong><\/p>\n<p><strong>Wtorek<\/strong><\/p>\n<\/td>\n<td width=\"71\">\n<p><strong>7:00<\/strong><\/p>\n<\/td>\n<td width=\"747\">\n<p>O \u0142ask\u0119 zdrowia dla<strong> Janusza Sumary<br \/>\n<\/strong><strong>+ Zofia Gruba <\/strong>od c\u00f3rki Katarzyny Starskiej<br \/>\nO uzdrowienie z ci\u0119\u017ckiej choroby i b\u0142ogos\u0142awie\u0144stwo Bo\u017ce dla<strong> Milenki <\/strong>i potrzebne \u0142aski dla rodzic\u00f3w<\/p>\n<\/td>\n<\/tr>\n<tr>\n<td width=\"71\">\n<p><strong>18:00<\/strong><\/p>\n<\/td>\n<td width=\"747\">\n<p><strong>++ Monika i Jan Domarscy<br \/>\n<\/strong><strong>+ Krystyna Czeka\u0144ska (gr 8)<\/strong><\/p>\n<\/td>\n<\/tr>\n<tr>\n<td rowspan=\"2\" width=\"127\">\n<p><strong>09.10.2024 r.<\/strong><\/p>\n<p><strong>\u015aroda<\/strong><\/p>\n<\/td>\n<td width=\"71\">\n<p><strong>7:00<\/strong><\/p>\n<\/td>\n<td width=\"747\">\n<p><strong>++ Ryszard, Stanis\u0142aw, Anna i ich rodzice<br \/>\n<\/strong><strong>+ W\u0142adys\u0142aw, Weronika Golec i ich rodzice<br \/>\n<\/strong><strong>O szybki powr\u00f3t do zdrowia dla Kornelii<\/strong><\/p>\n<\/td>\n<\/tr>\n<tr>\n<td width=\"71\">\n<p><strong>18:00<\/strong><\/p>\n<\/td>\n<td width=\"747\">\n<p>O zdrowie, Bo\u017ce b\u0142og. i opiek\u0119 MB dla si\u00f3str z r\u00f3\u017cy<strong> \u015bw. Jadwigi \u015al\u0105skiej i ich rodzin<br \/>\n<\/strong><strong>+ Krystyna Czeka\u0144ska (gr 9)<\/strong><\/p>\n<\/td>\n<\/tr>\n<tr>\n<td rowspan=\"2\" width=\"127\">\n<p><strong>10.10.2024 r.<\/strong><\/p>\n<p><strong>Czwartek<\/strong><\/p>\n<\/td>\n<td width=\"71\">\n<p><strong>7:00<\/strong><\/p>\n<\/td>\n<td width=\"747\">\n<p><strong>Dzi\u0119kczynna za \u0142ask\u0119 zdrowia <\/strong>od Zofii<br \/>\n<strong>+ Kazimierz Obody\u0144ski<br \/>\n<\/strong><strong>+ W\u0142adys\u0142aw <\/strong><\/p>\n<\/td>\n<\/tr>\n<tr>\n<td width=\"71\">\n<p><strong>18:00<\/strong><\/p>\n<\/td>\n<td width=\"747\">\n<p><strong>+ Krystyna Czeka\u0144ska (gr 10)<br \/>\n<\/strong><strong>++ Za dusze czy\u015b\u0107cowe <\/strong><\/p>\n<\/td>\n<\/tr>\n<tr>\n<td rowspan=\"2\" width=\"127\">\n<p><strong>11.10.2024 r.<\/strong><\/p>\n<p><strong>Pi\u0105tek <\/strong><\/p>\n<\/td>\n<td width=\"71\">\n<p><strong>7:00<\/strong><\/p>\n<\/td>\n<td width=\"747\">\n<p><strong>O nawr\u00f3cenie grzesznik\u00f3w<br \/>\n<\/strong><strong>++ Stanis\u0142aw i Kazimiera \u015al\u0119p (R\u015a)<br \/>\n<\/strong><strong>+ Edward Jaworski<\/strong><\/p>\n<\/td>\n<\/tr>\n<tr>\n<td width=\"71\">\n<p><strong>18:00<\/strong><\/p>\n<\/td>\n<td width=\"747\">\n<p><strong>++ J\u00f3zef, Anastazja i zmarli z rodziny<br \/>\n<\/strong><strong>+ Krystyna Czeka\u0144ska (gr 11)<\/strong><\/p>\n<\/td>\n<\/tr>\n<tr>\n<td rowspan=\"2\" width=\"127\">\n<p><strong>12.10.2024 r.<\/strong><\/p>\n<p><strong>Sobota<\/strong><\/p>\n<\/td>\n<td width=\"71\">\n<p><strong>7:00<\/strong><\/p>\n<\/td>\n<td width=\"747\">\n<p><strong>+ Leon Dwornikowski (R\u015a) <br \/>\n<\/strong><strong>+ W\u0142adys\u0142aw<br \/>\n<\/strong><strong>+ Krystyna Czeka\u0144ska<\/strong> <strong>(12 gr)<\/strong><\/p>\n<\/td>\n<\/tr>\n<tr>\n<td width=\"71\">\n<p><strong>18.00<\/strong><\/p>\n<\/td>\n<td width=\"747\">\n<p><strong>+ W\u0142adys\u0142aw<br \/>\n<\/strong>O Bo\u017ce b\u0142og. <strong>dla cz\u0142onk\u00f3w Apostolstwa Dobrej \u015amierci<\/strong>&nbsp; <strong>i rado\u015b\u0107 \u017cycia wiecznego dla zmar\u0142ych cz\u0142onk\u00f3w<\/strong><\/p>\n<\/td>\n<\/tr>\n<tr>\n<td rowspan=\"5\" width=\"127\">\n<p><strong>13.10.2024 r.<\/strong><\/p>\n<p><strong>Niedziela<\/strong><\/p>\n<\/td>\n<td width=\"71\">\n<p><strong>7:00<\/strong><\/p>\n<\/td>\n<td width=\"747\">\n<p>Dzi\u0119kczynna za otrzymane \u0142aski z pro\u015bb\u0105 o Bo\u017ce b\u0142og. i opiek\u0119 MB R\u00f3\u017ca\u0144cowej dla<strong> braci z r\u00f3\u017cy \u015bw. Jana Paw\u0142a II<\/strong> <strong>i rado\u015b\u0107 \u017cycia dla zmar\u0142ych cz\u0142onk\u00f3w<br \/>\n<\/strong><strong>Za parafian<\/strong><\/p>\n<\/td>\n<\/tr>\n<tr>\n<td width=\"71\">\n<p><strong>9:00<\/strong><\/p>\n<\/td>\n<td width=\"747\">\n<p>Dzi\u0119kczynna za otrzymane \u0142aski z pro\u015bb\u0105 o Bo\u017ce b\u0142og. i opiek\u0119 MB R\u00f3\u017ca\u0144cowej dla<strong> si\u00f3str z r\u00f3\u017cy \u015bw. Faustyny Kowalskiej i ich rodzin<\/strong><\/p>\n<\/td>\n<\/tr>\n<tr>\n<td width=\"71\">\n<p><strong>10:30<\/strong><\/p>\n<\/td>\n<td width=\"747\">\n<p><strong>+ Jerzy (R\u015a)<\/strong> od \u017cony i dzieci<\/p>\n<\/td>\n<\/tr>\n<tr>\n<td width=\"71\">\n<p><strong>12:00<\/strong><\/p>\n<\/td>\n<td width=\"747\">\n<p><strong>+ Krystyna Czeka\u0144ska (gr 13)<\/strong><\/p>\n<\/td>\n<\/tr>\n<tr>\n<td width=\"71\">\n<p><strong>17:00<\/strong><\/p>\n<\/td>\n<td width=\"747\">\n<p>Dzi\u0119kczynna za otrzymane \u0142aski z pro\u015bb\u0105 o Bo\u017ce b\u0142og. i opiek\u0119 MB R\u00f3\u017ca\u0144cowej dla<strong> si\u00f3str z r\u00f3\u017cy \u015bw. Kingi i ich rodzin<\/strong><\/p>\n<\/td>\n<\/tr>\n<\/tbody>\n<\/table>\n","protected":false},"excerpt":{"rendered":"<p>&nbsp; 07.10.2024 r. Poniedzia\u0142ek 7:00 ++ Zmar\u0142ych Rodzic\u00f3w Alicj\u0119 i J\u00f3zefa + Adam Nizio\u0142 od &nbsp;kole\u017canek i koleg\u00f3w z firmy UNIMET + Danuta Stasiowska od c\u00f3rki Beaty i wnuczki Oli 18:00 Dzi\u0119kczynna za otrzymane \u0142aski z pro\u015bb\u0105 o Bo\u017ce b\u0142og. i opiek\u0119 MB R\u00f3\u017ca\u0144cowej dla Wsp\u00f3lnot R\u00f3\u017c R\u00f3\u017ca\u0144cowych + Krystyna Czeka\u0144ska (gr 7) 08.10.2024 r. <a class=\"read-more\" href=\"https:\/\/parafiazalesie.org\/index.php\/2024\/10\/03\/intencje-parafialne-07-13-10-2024-r\/\"><\/p>\n<p>Zobacz wi\u0119cej<\/a><\/p>\n","protected":false},"author":1,"featured_media":111,"comment_status":"closed","ping_status":"closed","sticky":false,"template":"","format":"standard","meta":{"ngg_post_thumbnail":0,"footnotes":""},"categories":[5],"tags":[],"class_list":["post-1599","post","type-post","status-publish","format-standard","has-post-thumbnail","hentry","category-intencje"],"_links":{"self":[{"href":"https:\/\/parafiazalesie.org\/index.php\/wp-json\/wp\/v2\/posts\/1599","targetHints":{"allow":["GET"]}}],"collection":[{"href":"https:\/\/parafiazalesie.org\/index.php\/wp-json\/wp\/v2\/posts"}],"about":[{"href":"https:\/\/parafiazalesie.org\/index.php\/wp-json\/wp\/v2\/types\/post"}],"author":[{"embeddable":true,"href":"https:\/\/parafiazalesie.org\/index.php\/wp-json\/wp\/v2\/users\/1"}],"replies":[{"embeddable":true,"href":"https:\/\/parafiazalesie.org\/index.php\/wp-json\/wp\/v2\/comments?post=1599"}],"version-history":[{"count":1,"href":"https:\/\/parafiazalesie.org\/index.php\/wp-json\/wp\/v2\/posts\/1599\/revisions"}],"predecessor-version":[{"id":1600,"href":"https:\/\/parafiazalesie.org\/index.php\/wp-json\/wp\/v2\/posts\/1599\/revisions\/1600"}],"wp:featuredmedia":[{"embeddable":true,"href":"https:\/\/parafiazalesie.org\/index.php\/wp-json\/wp\/v2\/media\/111"}],"wp:attachment":[{"href":"https:\/\/parafiazalesie.org\/index.php\/wp-json\/wp\/v2\/media?parent=1599"}],"wp:term":[{"taxonomy":"category","embeddable":true,"href":"https:\/\/parafiazalesie.org\/index.php\/wp-json\/wp\/v2\/categories?post=1599"},{"taxonomy":"post_tag","embeddable":true,"href":"https:\/\/parafiazalesie.org\/index.php\/wp-json\/wp\/v2\/tags?post=1599"}],"curies":[{"name":"wp","href":"https:\/\/api.w.org\/{rel}","templated":true}]}}