{"id":1596,"date":"2024-09-26T08:40:05","date_gmt":"2024-09-26T06:40:05","guid":{"rendered":"https:\/\/parafiazalesie.org\/?p=1596"},"modified":"2024-09-26T08:40:05","modified_gmt":"2024-09-26T06:40:05","slug":"ogloszenia-xxvi-niedziela-zwykla-29-09-2024-r","status":"publish","type":"post","link":"https:\/\/parafiazalesie.org\/index.php\/2024\/09\/26\/ogloszenia-xxvi-niedziela-zwykla-29-09-2024-r\/","title":{"rendered":"OG\u0141OSZENIA XXVI Niedziela Zwyk\u0142a 29.09.2024 r."},"content":{"rendered":"<ol>\n<li><strong>W poniedzia\u0142ek<\/strong> 30 wrze\u015bnia:\n<ul>\n<li>wspomnienie \u015bw. Hieronima, kap\u0142ana, doktora Ko\u015bcio\u0142a.<\/li>\n<\/ul>\n<\/li>\n<li><strong>We wtorek <\/strong>1 pa\u017adziernika:\n<ul>\n<li>rozpoczynamy miesi\u0105c pa\u017adziernik, a wraz z nim <strong>nabo\u017ce\u0144stwa r\u00f3\u017ca\u0144cowe<\/strong>. Zapraszamy do wsp\u00f3lnotowej modlitwy po wieczornej Mszy \u015bw. W spos\u00f3b szczeg\u00f3lny zapraszamy dzieci \u2013 zw\u0142aszcza przygotowuj\u0105ce si\u0119 do I Komunii \u015bwi\u0119tej; m\u0142odzie\u017c &#8211; zw\u0142aszcza kandydat\u00f3w do bierzmowania oraz przysz\u0142orocznych maturzyst\u00f3w. W zakrystii mo\u017cna zapisywa\u0107 poszczeg\u00f3lne Wsp\u00f3lnoty i R\u00f3\u017ce R\u00f3\u017ca\u0144cowe do prowadzenia modlitwy r\u00f3\u017ca\u0144cowej,<\/li>\n<li>wspomnienie \u015bw. Teresy od Dzieci\u0105tka Jezus, zapraszamy do modlitwy przy Jej relikwiach,<\/li>\n<li>na wieczorn\u0105 Msz\u0119 \u015bw. zapraszamy dzieci przygotowuj\u0105ce si\u0119 w naszej parafii do I Komunii \u015awi\u0119tej \u2013 otrzymaj\u0105 one po\u015bwi\u0119cone r\u00f3\u017ca\u0144ce.<\/li>\n<\/ul>\n<\/li>\n<li><strong>W \u015brod\u0119 <\/strong>2 pa\u017adziernika:\n<ul>\n<li>wspomnienie \u015awi\u0119tych Anio\u0142\u00f3w Str\u00f3\u017c\u00f3w,<\/li>\n<li>po Mszy \u015bw. Nowenna do Matki Bo\u017cej Nieustaj\u0105cej Pomocy, Pani Zaleskiej,<\/li>\n<li>po Nowennie adoracja Naj\u015bwi\u0119tszego Sakramentu w ciszy do godz. 20:00.<\/li>\n<\/ul>\n<\/li>\n<li>W tym tygodniu wypada <strong>pierwszy czwartek, pierwszy pi\u0105tek i pierwsza sobota miesi\u0105ca<\/strong>.<\/li>\n<li><strong>Spowied\u017a<\/strong> w pi\u0105tek od godz. 17:00. Zach\u0119camy jednak do wcze\u015bniejszej spowiedzi, mo\u017cna do niej przyst\u0105pi\u0107 codziennie p\u00f3\u0142 godziny przed Msz\u0105 \u015bw.<\/li>\n<li><strong>W pi\u0105tek <\/strong>4 pa\u017adziernika:\n<ul>\n<li>wspomnienie \u015bw. Franciszka z Asy\u017cu, zapraszamy do modlitwy przy Jego relikwiach,<\/li>\n<li>po nabo\u017ce\u0144stwie pierwszego pi\u0105tku, adoracja Naj\u015bwi\u0119tszego Sakramentu w ciszy do godz. 20:00.<\/li>\n<\/ul>\n<\/li>\n<li><strong>W sobot\u0119 <\/strong>5 pa\u017adziernika:\n<ul>\n<li>wspomnienie \u015bw. Faustyny Kowalskiej, zapraszamy do modlitwy przy Jej relikwiach,<\/li>\n<li>od godz. 8:00 odwiedziny chorych,<\/li>\n<li>nabo\u017ce\u0144stwo pierwszej soboty, zapraszamy do wsp\u00f3lnej modlitwy r\u00f3\u017ca\u0144cowej i procesji z figur\u0105 M.B. Fatimskiej.<\/li>\n<\/ul>\n<\/li>\n<li><strong>W niedziel\u0119 <\/strong>6 pa\u017adziernika:\n<ul>\n<li>po Mszy \u015bw. porannej, zmiana tajemnic r\u00f3\u017ca\u0144cowych,<\/li>\n<li>R\u00f3\u017caniec poprowadzi R\u00f3\u017ca \u015bw. Jadwigi \u015al\u0105skiej.<\/li>\n<\/ul>\n<\/li>\n<li>Zach\u0119camy do formacji w duchu chrze\u015bcija\u0144skim poprzez czytanie Pisma \u015awi\u0119tego i prasy katolickiej.<\/li>\n<\/ol>\n<p>&nbsp;<\/p>\n<p><strong>SPOTKANIA:<\/strong><\/p>\n<ul>\n<li><strong>Schola \u2013 <\/strong>poniedzia\u0142ek 16:00<\/li>\n<li><strong>Ch\u00f3r \u201eCredo\u201d <\/strong>\u2013 wtorek 18:00<\/li>\n<li><strong>Medytacja S\u0142owa Bo\u017cego w duchu Lectio divina <\/strong>\u2013 wtorek po Mszy \u015bw. <em>(w ko\u015bciele)<\/em><\/li>\n<li><strong>Kandydaci do bierzmowania<\/strong> (obie grupy) \u2013 \u015broda 18:00 <em>(podczas Mszy \u015bw. otrzymaj\u0105 po\u015bwi\u0119cone modlitewniki)<\/em><\/li>\n<li><strong>Kandydaci na ministrant\u00f3w <\/strong>\u2013 czwartek 17:00<\/li>\n<li><strong>Ruch \u015awiat\u0142o &#8211; \u017bycie<\/strong> \u2013 pi\u0105tek po Mszy \u015bw.<\/li>\n<li>&nbsp;<\/li>\n<\/ul>\n","protected":false},"excerpt":{"rendered":"<p>W poniedzia\u0142ek 30 wrze\u015bnia: wspomnienie \u015bw. Hieronima, kap\u0142ana, doktora Ko\u015bcio\u0142a. We wtorek 1 pa\u017adziernika: rozpoczynamy miesi\u0105c pa\u017adziernik, a wraz z nim nabo\u017ce\u0144stwa r\u00f3\u017ca\u0144cowe. Zapraszamy do wsp\u00f3lnotowej modlitwy po wieczornej Mszy \u015bw. W spos\u00f3b szczeg\u00f3lny zapraszamy dzieci \u2013 zw\u0142aszcza przygotowuj\u0105ce si\u0119 do I Komunii \u015bwi\u0119tej; m\u0142odzie\u017c &#8211; zw\u0142aszcza kandydat\u00f3w do bierzmowania oraz przysz\u0142orocznych maturzyst\u00f3w. W zakrystii <a class=\"read-more\" href=\"https:\/\/parafiazalesie.org\/index.php\/2024\/09\/26\/ogloszenia-xxvi-niedziela-zwykla-29-09-2024-r\/\"><\/p>\n<p>Zobacz wi\u0119cej<\/a><\/p>\n","protected":false},"author":1,"featured_media":1597,"comment_status":"closed","ping_status":"closed","sticky":false,"template":"","format":"standard","meta":{"ngg_post_thumbnail":0,"footnotes":""},"categories":[3],"tags":[],"class_list":["post-1596","post","type-post","status-publish","format-standard","has-post-thumbnail","hentry","category-ogloszenia"],"_links":{"self":[{"href":"https:\/\/parafiazalesie.org\/index.php\/wp-json\/wp\/v2\/posts\/1596","targetHints":{"allow":["GET"]}}],"collection":[{"href":"https:\/\/parafiazalesie.org\/index.php\/wp-json\/wp\/v2\/posts"}],"about":[{"href":"https:\/\/parafiazalesie.org\/index.php\/wp-json\/wp\/v2\/types\/post"}],"author":[{"embeddable":true,"href":"https:\/\/parafiazalesie.org\/index.php\/wp-json\/wp\/v2\/users\/1"}],"replies":[{"embeddable":true,"href":"https:\/\/parafiazalesie.org\/index.php\/wp-json\/wp\/v2\/comments?post=1596"}],"version-history":[{"count":1,"href":"https:\/\/parafiazalesie.org\/index.php\/wp-json\/wp\/v2\/posts\/1596\/revisions"}],"predecessor-version":[{"id":1598,"href":"https:\/\/parafiazalesie.org\/index.php\/wp-json\/wp\/v2\/posts\/1596\/revisions\/1598"}],"wp:featuredmedia":[{"embeddable":true,"href":"https:\/\/parafiazalesie.org\/index.php\/wp-json\/wp\/v2\/media\/1597"}],"wp:attachment":[{"href":"https:\/\/parafiazalesie.org\/index.php\/wp-json\/wp\/v2\/media?parent=1596"}],"wp:term":[{"taxonomy":"category","embeddable":true,"href":"https:\/\/parafiazalesie.org\/index.php\/wp-json\/wp\/v2\/categories?post=1596"},{"taxonomy":"post_tag","embeddable":true,"href":"https:\/\/parafiazalesie.org\/index.php\/wp-json\/wp\/v2\/tags?post=1596"}],"curies":[{"name":"wp","href":"https:\/\/api.w.org\/{rel}","templated":true}]}}