{"id":1594,"date":"2024-09-26T08:34:33","date_gmt":"2024-09-26T06:34:33","guid":{"rendered":"https:\/\/parafiazalesie.org\/?p=1594"},"modified":"2024-09-26T08:34:33","modified_gmt":"2024-09-26T06:34:33","slug":"intencje-parafialne-30-06-10-2024-r","status":"publish","type":"post","link":"https:\/\/parafiazalesie.org\/index.php\/2024\/09\/26\/intencje-parafialne-30-06-10-2024-r\/","title":{"rendered":"Intencje parafialne  30-06.10.2024 r."},"content":{"rendered":"<table width=\"756\">\n<tbody>\n<tr>\n<td colspan=\"3\" width=\"756\">&nbsp;<\/td>\n<\/tr>\n<tr>\n<td rowspan=\"2\" width=\"102\">\n<p><strong>30.09.2024 r.<\/strong><\/p>\n<p><strong>Poniedzia\u0142ek<\/strong><\/p>\n<\/td>\n<td width=\"57\">\n<p><strong>7:00<\/strong><\/p>\n<\/td>\n<td width=\"598\">\n<p><strong>+ Miros\u0142aw Kusy <\/strong>(gr 30)<br \/>\n<strong>+ Adam Nizio\u0142 <\/strong>od W\u00f3jta, kole\u017canek i koleg\u00f3w z urz\u0119du<br \/>\n<strong>+ Eugenia Pa\u0142ka <\/strong>od Dyrekcji i pracownik\u00f3w Specjalnego O\u015brodka Szkolno &#8211; Wychowawczego w Strzy\u017cowie<\/p>\n<\/td>\n<\/tr>\n<tr>\n<td width=\"57\">\n<p><strong>18:00<\/strong><\/p>\n<\/td>\n<td width=\"598\">\n<p><strong>++ Antoni i Stefania Bazylak<\/strong><\/p>\n<\/td>\n<\/tr>\n<tr>\n<td rowspan=\"2\" width=\"102\">\n<p><strong>01.10.2024 r.<\/strong><\/p>\n<p><strong>Wtorek<\/strong><\/p>\n<\/td>\n<td width=\"57\">\n<p><strong>7:00<\/strong><\/p>\n<\/td>\n<td width=\"598\">\n<p><strong>+ Krystyna Czeka\u0144ska <\/strong>(gr 1)<br \/>\n<strong>+ Adam Nizio\u0142 <\/strong>od W\u00f3jta, kole\u017canek i koleg\u00f3w z gminy Czarna<br \/>\nDzi\u0119kczynna<strong> za 35 lat ma\u0142\u017ce\u0144stwa<\/strong><\/p>\n<\/td>\n<\/tr>\n<tr>\n<td width=\"57\">\n<p><strong>18:00<\/strong><\/p>\n<\/td>\n<td width=\"598\">\n<p><strong>++ Bronis\u0142awa (k) i Jan<br \/>\n<\/strong><strong>++ Leszek Staniek, Augustyn Nizio\u0142<\/strong><\/p>\n<\/td>\n<\/tr>\n<tr>\n<td rowspan=\"2\" width=\"102\">\n<p><strong>02.10.2024 r.<\/strong><\/p>\n<p><strong>\u015aroda<\/strong><\/p>\n<\/td>\n<td width=\"57\">\n<p><strong>7:00<\/strong><\/p>\n<\/td>\n<td width=\"598\">\n<p><strong>+ Krystyna Czeka\u0144ska <\/strong>(gr 2)<br \/>\n<strong>+ Adam Nizio\u0142 <\/strong>od Wiktorii i Andrzeja Pa\u015bk\u00f3w<br \/>\n<strong>+ Eugenia Pa\u0142ka <\/strong>od Aliny i Mieczys\u0142awa Ciosk\u00f3w<\/p>\n<\/td>\n<\/tr>\n<tr>\n<td width=\"57\">\n<p><strong>18:00<\/strong><\/p>\n<\/td>\n<td width=\"598\">\n<p>O zdrowie, Bo\u017ce b\u0142og. i opiek\u0119 MB <strong>dla si\u00f3str z r\u00f3\u017cy MT Led\u00f3chowskiej i ich rodzin<br \/>\n<\/strong>Dzi\u0119kczynna za otrzymane \u0142aski z pro\u015bb\u0105 o Bo\u017ce b\u0142og. i opiek\u0119 MB R\u00f3\u017ca\u0144cowej <strong>dla si\u00f3str z r\u00f3\u017cy b\u0142. El\u017cbiety R\u00f3\u017cy Czackiej<\/strong><\/p>\n<\/td>\n<\/tr>\n<tr>\n<td rowspan=\"2\" width=\"102\">\n<p><strong>03.10.2024 r.<\/strong><\/p>\n<p><strong>Czwartek<\/strong><\/p>\n<\/td>\n<td width=\"57\">\n<p><strong>7:00<\/strong><\/p>\n<\/td>\n<td width=\"598\">\n<p><strong>+ Krystyna Czeka\u0144ska <\/strong>(gr 3)<br \/>\n<strong>++ Stanis\u0142aw D\u0105browski i zmarli z rodziny<br \/>\n<\/strong><strong>+ Adam Nizio\u0142 <\/strong>od rodziny Zimirowicz<\/p>\n<\/td>\n<\/tr>\n<tr>\n<td width=\"57\">\n<p><strong>18:00<\/strong><\/p>\n<\/td>\n<td width=\"598\">\n<p>O m\u0105dro\u015b\u0107, m\u0119stwo i \u015bwi\u0119to\u015b\u0107<strong> dla kap\u0142an\u00f3w<br \/>\n<\/strong><strong>+ Marian Pa\u0142ka<\/strong><\/p>\n<\/td>\n<\/tr>\n<tr>\n<td rowspan=\"2\" width=\"102\">\n<p><strong>04.10.2024 r.<\/strong><\/p>\n<p><strong>Pi\u0105tek <\/strong><\/p>\n<\/td>\n<td width=\"57\">\n<p><strong>7:00<\/strong><\/p>\n<\/td>\n<td width=\"598\">\n<p><strong>+ Krystyna Czeka\u0144ska <\/strong>(gr 4)<br \/>\n<strong>+ Adam Nizio\u0142 <\/strong>od kole\u017canek i koleg\u00f3w z firmy \u201eUnimet\u201d<br \/>\n<strong>+ Franciszek Chmiel<br \/>\n<\/strong>O nawr\u00f3cenie<strong> grzesznik\u00f3w<\/strong><\/p>\n<\/td>\n<\/tr>\n<tr>\n<td width=\"57\">\n<p><strong>18:00<\/strong><\/p>\n<\/td>\n<td width=\"598\">\n<p>Wynagradzaj\u0105ca NSPJ i o Bo\u017ce b\u0142og. i \u0142aski<strong> dla uczestnik\u00f3w adoracji Wsp\u00f3lnoty Intronizacyjnej<\/strong><\/p>\n<\/td>\n<\/tr>\n<tr>\n<td rowspan=\"2\" width=\"102\">\n<p><strong>05.10.2024 r.<\/strong><\/p>\n<p><strong>Sobota<\/strong><\/p>\n<\/td>\n<td width=\"57\">\n<p><strong>7:00<\/strong><\/p>\n<\/td>\n<td width=\"598\">\n<p><strong>+ Krystyna Czeka\u0144ska<\/strong> (5 gr)<br \/>\n<strong>+ W\u0142adys\u0142aw Kl\u0119sk <\/strong>(5 R\u015a)<br \/>\nO Bo\u017ce b\u0142og. i potrzebne \u0142aski<strong> dla Anny<\/strong><\/p>\n<\/td>\n<\/tr>\n<tr>\n<td width=\"57\">\n<p><strong>18.00<\/strong><\/p>\n<\/td>\n<td width=\"598\">\n<p><strong>+ Marian Pa\u0142ka <\/strong>(5 R\u015a)<br \/>\nO b\u0142og. Bo\u017ce <strong>dla si\u00f3str z r\u00f3\u017cy \u015bw. Barbary<\/strong> <strong>i ich rodzin<\/strong><\/p>\n<\/td>\n<\/tr>\n<tr>\n<td rowspan=\"5\" width=\"102\">\n<p><strong>06.10.2024 r.<\/strong><\/p>\n<p><strong>Niedziela<\/strong><\/p>\n<\/td>\n<td width=\"57\">\n<p><strong>7:00<\/strong><\/p>\n<\/td>\n<td width=\"598\">\n<p>Dzi\u0119kczynna za otrzymane \u0142aski z pro\u015bb\u0105 o Bo\u017ce b\u0142og. i opiek\u0119 MB R\u00f3\u017ca\u0144cowej <strong>dla Wsp\u00f3lnot R\u00f3\u017c R\u00f3\u017ca\u0144cowych<br \/>\n<\/strong><strong>+ Eugenia Pa\u0142ka <\/strong>od c\u00f3rki Iwony z rodzin\u0105<\/p>\n<\/td>\n<\/tr>\n<tr>\n<td width=\"57\">\n<p><strong>9:00<\/strong><\/p>\n<\/td>\n<td width=\"598\">\n<p><strong>++ Teresa, Jan, Stanis\u0142aw i zmarli z rodziny<\/strong><\/p>\n<\/td>\n<\/tr>\n<tr>\n<td width=\"57\">\n<p><strong>10:30<\/strong><\/p>\n<\/td>\n<td width=\"598\">\n<p>Dzi\u0119kczynna <strong>w 35 rocznic\u0119 \u015blubu Ma\u0142gorzaty i Henryka <\/strong>o Bo\u017ce b\u0142og. i opiek\u0119 MB Zaleskiej<\/p>\n<\/td>\n<\/tr>\n<tr>\n<td width=\"57\">\n<p><strong>12:00<\/strong><\/p>\n<\/td>\n<td width=\"598\">\n<p><strong>Za parafian<\/strong><\/p>\n<\/td>\n<\/tr>\n<tr>\n<td width=\"57\">\n<p><strong>17:00<\/strong><\/p>\n<\/td>\n<td width=\"598\">\n<p><strong>+ Krystyna Czeka\u0144ska <\/strong>(6 gr)<\/p>\n<\/td>\n<\/tr>\n<\/tbody>\n<\/table>\n","protected":false},"excerpt":{"rendered":"<p>&nbsp; 30.09.2024 r. Poniedzia\u0142ek 7:00 + Miros\u0142aw Kusy (gr 30) + Adam Nizio\u0142 od W\u00f3jta, kole\u017canek i koleg\u00f3w z urz\u0119du + Eugenia Pa\u0142ka od Dyrekcji i pracownik\u00f3w Specjalnego O\u015brodka Szkolno &#8211; Wychowawczego w Strzy\u017cowie 18:00 ++ Antoni i Stefania Bazylak 01.10.2024 r. Wtorek 7:00 + Krystyna Czeka\u0144ska (gr 1) + Adam Nizio\u0142 od W\u00f3jta, kole\u017canek <a class=\"read-more\" href=\"https:\/\/parafiazalesie.org\/index.php\/2024\/09\/26\/intencje-parafialne-30-06-10-2024-r\/\"><\/p>\n<p>Zobacz wi\u0119cej<\/a><\/p>\n","protected":false},"author":1,"featured_media":111,"comment_status":"closed","ping_status":"closed","sticky":false,"template":"","format":"standard","meta":{"ngg_post_thumbnail":0,"footnotes":""},"categories":[5],"tags":[],"class_list":["post-1594","post","type-post","status-publish","format-standard","has-post-thumbnail","hentry","category-intencje"],"_links":{"self":[{"href":"https:\/\/parafiazalesie.org\/index.php\/wp-json\/wp\/v2\/posts\/1594","targetHints":{"allow":["GET"]}}],"collection":[{"href":"https:\/\/parafiazalesie.org\/index.php\/wp-json\/wp\/v2\/posts"}],"about":[{"href":"https:\/\/parafiazalesie.org\/index.php\/wp-json\/wp\/v2\/types\/post"}],"author":[{"embeddable":true,"href":"https:\/\/parafiazalesie.org\/index.php\/wp-json\/wp\/v2\/users\/1"}],"replies":[{"embeddable":true,"href":"https:\/\/parafiazalesie.org\/index.php\/wp-json\/wp\/v2\/comments?post=1594"}],"version-history":[{"count":1,"href":"https:\/\/parafiazalesie.org\/index.php\/wp-json\/wp\/v2\/posts\/1594\/revisions"}],"predecessor-version":[{"id":1595,"href":"https:\/\/parafiazalesie.org\/index.php\/wp-json\/wp\/v2\/posts\/1594\/revisions\/1595"}],"wp:featuredmedia":[{"embeddable":true,"href":"https:\/\/parafiazalesie.org\/index.php\/wp-json\/wp\/v2\/media\/111"}],"wp:attachment":[{"href":"https:\/\/parafiazalesie.org\/index.php\/wp-json\/wp\/v2\/media?parent=1594"}],"wp:term":[{"taxonomy":"category","embeddable":true,"href":"https:\/\/parafiazalesie.org\/index.php\/wp-json\/wp\/v2\/categories?post=1594"},{"taxonomy":"post_tag","embeddable":true,"href":"https:\/\/parafiazalesie.org\/index.php\/wp-json\/wp\/v2\/tags?post=1594"}],"curies":[{"name":"wp","href":"https:\/\/api.w.org\/{rel}","templated":true}]}}